{"id":115783,"date":"2017-04-25T00:02:16","date_gmt":"2017-04-24T22:02:16","guid":{"rendered":"http:\/\/www.leccecronaca.it\/?p=115783"},"modified":"2017-04-24T16:10:56","modified_gmt":"2017-04-24T14:10:56","slug":"diario-del-giorno-prima-il-tam-tam-di-annibale-395","status":"publish","type":"post","link":"https:\/\/www.leccecronaca.it\/index.php\/2017\/04\/25\/diario-del-giorno-prima-il-tam-tam-di-annibale-395\/","title":{"rendered":"DIARIO DEL GIORNO PRIMA \/ IL TAM TAM DI ANNIBALE"},"content":{"rendered":"<p><img decoding=\"async\" loading=\"lazy\" src=\"https:\/\/www.leccecronaca.it\/wordpress\/wp-content\/uploads\/2017\/04\/640x344_1493028822245.rainews_2017042412112228-300x161.jpg\" alt=\"\" title=\"640x344_1493028822245.rainews_2017042412112228\" class=\"alignleft size-medium wp-image-115785\" height=\"161\" width=\"300\" srcset=\"https:\/\/www.leccecronaca.it\/wordpress\/wp-content\/uploads\/2017\/04\/640x344_1493028822245.rainews_2017042412112228-300x161.jpg 300w, https:\/\/www.leccecronaca.it\/wordpress\/wp-content\/uploads\/2017\/04\/640x344_1493028822245.rainews_2017042412112228.jpg 640w\" sizes=\"(max-width: 300px) 100vw, 300px\" \/>ITALIA______<\/p>\n<div><strong>ROMA &#8211; <\/strong>&#8220;Sto bene, il problema \u00e8 stata la detenzione, la privazione della libert\u00e0 personale. Non ho subito alcun tipo di violenza&#8221;. Gabriele Del Grande \u00e8 atterrato da pochi minuti all&#8217;aeroporto di Bologna. Un aereo della Turkish airlines lo ha finalmente riportato in Italia. Ad aspettarlo ci sono i familiari, il ministro Alfano, che alle 7.32 di questa mattina ha annunciato la sua liberazione con un tweet. Ci sono i cronisti. Arriva il &#8220;bentornato&#8221; del premier Gentiloni, che lo chiama appena raggiunta una saletta riservata dello scalo. &#8220;Sono stato vittima di una violenza istituzionale. Quello che mi \u00e8 successo \u00e8 illegale, un giornalista privato della libert\u00e0 mentre sta svolgendo un lavoro in un paese amico&#8221; spiega, salutando &#8220;tutti i giornalisti che sono ancora in carcere in condizioni peggiori della mia in Turchia e in tutto il mondo&#8221;.<\/div>\n<p>&nbsp;<\/p>\n<p>ITALIA______<\/p>\n<div><strong>ROMA &#8211; <\/strong>L&#8217;Italia \u00e8 il secondo paese in Europa per casi di morbillo, dietro alla Romania, mentre dei 10,7 milioni di neonati che nascono ogni anno nel continente, circa seimilaecinquecento non ricevono la serie completa delle tre dosi di vaccino contro difterite, tetano e pertosse nel primo anno. Lo ricorda l&#8217;Oms in un comunicato in occasione della settimana Europea delle Vaccinazioni che inizia oggi. Dei seimila e duecento casi registrati in tutta la regione europea da marzo 2016 a febbraio 2017, quelli italiani, oltre mille e trecento, rappresentano da soli oltre il 22% del totale. \u00c8 un numero secondo solo al dato della Romania (duemila e settecento infezioni) e ben superiore a quello di altri paesi: trecentosessantacinque in Germania, centoquarantacinque in Polonia, centoventisei in Francia.<\/div>\n<p>&nbsp;<\/p>\n<p>MONDO______<\/p>\n<div><strong>PARIGI &#8211; <\/strong>L&#8217;outsider centrista Emmanuel Macron (23,75%) e la candidata dell&#8217;ultradestra Marine Le Pen (21,53%) si giocheranno l&#8217;Eliseo al ballottaggio del 7 maggio, in vista del quale \u00e8 gi\u00e0 partita la caccia ai voti di Jean-Luc Melenchon (19,64%). Se da una parte tutto il fronte politico francese si \u00e8 gi\u00e0 schierato a favore di Macron, con la creazione di un fronte, da Hamon a Fillon a Jupp\u00e9 per sbarrare la strada dell&#8217;ultradestra verso l&#8217;Eliseo, ha suscitato scalpore il &#8216;pugno duro&#8217; del candidato della sinistra radicale, che ha deciso di non fornire indicazioni precise di voto ai suoi elettori. Sondaggi \u00c8 un dato che Macron non \u00e8 stato finora in grado di scaldare i cuori a sinistra, il cui elettorato fragile e volatile lo ritiene una scelta debole figlia dei demeriti altrui. Le Pen e Melenchon hanno alcuni punti in comune, anti-europeisti con sfumature diverse, sono a favore del protezionismo. Al momento, secondo un sondaggio-lampo condotto dall&#8217;istituto Ipsos-Sopra Steria, Macron pu\u00f2 vincere agevolmente il ballottaggio con il 62% dei consensi contro il 38% di Le Pen.<\/div>\n<fb:like href='https:\/\/www.leccecronaca.it\/index.php\/2017\/04\/25\/diario-del-giorno-prima-il-tam-tam-di-annibale-395\/' send='true' layout='button_count' show_faces='true' width='450' height='65' action='recommend' colorscheme='light' font='lucida grande'><\/fb:like><span class=\"fb_share\"><fb:like href=\"https:\/\/www.leccecronaca.it\/index.php\/2017\/04\/25\/diario-del-giorno-prima-il-tam-tam-di-annibale-395\/\" layout=\"button_count\"><\/fb:like><\/span>","protected":false},"excerpt":{"rendered":"<p>ITALIA______ ROMA &#8211; &#8220;Sto bene, il problema \u00e8 stata la detenzione, la privazione della libert\u00e0 personale. Non ho subito alcun tipo di violenza&#8221;. Gabriele Del Grande \u00e8 atterrato da pochi minuti all&#8217;aeroporto di Bologna. Un aereo della Turkish airlines lo ha finalmente riportato in Italia. Ad aspettarlo ci sono i familiari, il ministro Alfano, che [&hellip;]<\/p>\n","protected":false},"author":4,"featured_media":115785,"comment_status":"open","ping_status":"closed","sticky":false,"template":"","format":"standard","meta":[],"categories":[1,69,76],"tags":[],"_links":{"self":[{"href":"https:\/\/www.leccecronaca.it\/index.php\/wp-json\/wp\/v2\/posts\/115783"}],"collection":[{"href":"https:\/\/www.leccecronaca.it\/index.php\/wp-json\/wp\/v2\/posts"}],"about":[{"href":"https:\/\/www.leccecronaca.it\/index.php\/wp-json\/wp\/v2\/types\/post"}],"author":[{"embeddable":true,"href":"https:\/\/www.leccecronaca.it\/index.php\/wp-json\/wp\/v2\/users\/4"}],"replies":[{"embeddable":true,"href":"https:\/\/www.leccecronaca.it\/index.php\/wp-json\/wp\/v2\/comments?post=115783"}],"version-history":[{"count":1,"href":"https:\/\/www.leccecronaca.it\/index.php\/wp-json\/wp\/v2\/posts\/115783\/revisions"}],"predecessor-version":[{"id":115786,"href":"https:\/\/www.leccecronaca.it\/index.php\/wp-json\/wp\/v2\/posts\/115783\/revisions\/115786"}],"wp:featuredmedia":[{"embeddable":true,"href":"https:\/\/www.leccecronaca.it\/index.php\/wp-json\/wp\/v2\/media\/115785"}],"wp:attachment":[{"href":"https:\/\/www.leccecronaca.it\/index.php\/wp-json\/wp\/v2\/media?parent=115783"}],"wp:term":[{"taxonomy":"category","embeddable":true,"href":"https:\/\/www.leccecronaca.it\/index.php\/wp-json\/wp\/v2\/categories?post=115783"},{"taxonomy":"post_tag","embeddable":true,"href":"https:\/\/www.leccecronaca.it\/index.php\/wp-json\/wp\/v2\/tags?post=115783"}],"curies":[{"name":"wp","href":"https:\/\/api.w.org\/{rel}","templated":true}]}}