{"id":116507,"date":"2017-05-03T00:02:57","date_gmt":"2017-05-02T22:02:57","guid":{"rendered":"http:\/\/www.leccecronaca.it\/?p=116507"},"modified":"2017-05-02T16:39:35","modified_gmt":"2017-05-02T14:39:35","slug":"diario-del-giorno-prima-il-tam-tam-di-annibale-403","status":"publish","type":"post","link":"https:\/\/www.leccecronaca.it\/index.php\/2017\/05\/03\/diario-del-giorno-prima-il-tam-tam-di-annibale-403\/","title":{"rendered":"DIARIO DEL GIORNO PRIMA \/ IL TAM TAM DI ANNIBALE"},"content":{"rendered":"<p><img decoding=\"async\" loading=\"lazy\" src=\"https:\/\/www.leccecronaca.it\/wordpress\/wp-content\/uploads\/2017\/05\/640x344_1493730729490.Rescues_on_the_Medite_rain-300x161.jpg\" alt=\"\" title=\"640x344_1493730729490.Rescues_on_the_Medite_rain\" class=\"alignleft size-medium wp-image-116508\" width=\"300\" height=\"161\" srcset=\"https:\/\/www.leccecronaca.it\/wordpress\/wp-content\/uploads\/2017\/05\/640x344_1493730729490.Rescues_on_the_Medite_rain-300x161.jpg 300w, https:\/\/www.leccecronaca.it\/wordpress\/wp-content\/uploads\/2017\/05\/640x344_1493730729490.Rescues_on_the_Medite_rain.jpg 640w\" sizes=\"(max-width: 300px) 100vw, 300px\" \/>ITALIA______<\/p>\n<div><strong>ROMA &#8211; <\/strong>&#8220;A noi come ufficio non risulta nulla per quanto riguarda presunti collegamenti obliqui o inquinanti tra ong o parti di esse con i trafficanti di migranti. Nessun elemento investigativo&#8221;: lo ha detto il procuratore di Siracusa, Francesco Paolo Giordano, in Commissione Difesa del Senato, dopo le dichiarazioni del procuratore di Catania, Carmelo Zuccaro, che aveva detto: &#8220;A mio avviso alcune Ong potrebbero essere finanziate dai trafficanti e so di contatti. Un traffico che oggi sta fruttando quanto quello della droga&#8221;. Secondo Giordano invece ci sono ong pi\u00f9 collaborative con l&#8217;autorit\u00e0 giudiziaria e altre meno, ma ci\u00f2 &#8220;non l&#8217;abbiamo mai interpretato come un ostacolo alle indagini, ma come un atteggiamento ideologico, una sorta di coerenza, loro sono a favore del migrante non a favore della polizia&#8221;.<\/div>\n<div><\/div>\n<p>ITALIA______<\/p>\n<div><strong>PALERMO &#8211; <\/strong>\u00c8 morto Valentino Parlato. A dare l&#8217;annuncio in un post su Facebook Ritanna Armeni. Nato a Tripoli, in Libia, il 7 febbraio 1931, comunista per tutta la vita, ha militato nel Pci fino all&#8217;espulsione nel 1969 e fu tra i fondatori de Il Manifesto. &#8220;Per ora ci fermiamo qui, abbracciando forte la sua splendida famiglia e tutti i compagni che, come noi, l&#8217;hanno conosciuto e gli hanno voluto bene&#8221; lo ricorda il suo giornale. Di origini siciliane, fumatore accanito &#8211; nelle foto che lo ritraggono nella redazione del Manifesto \u00e8 sempre circondato da una nuvola di fumo &#8211; dopo gli inizi all&#8217;Unit\u00e0 e poi a Rinascita cominci\u00f2 nel &#8217;69 la sua avventura nel Manifesto, sin dal primo numero con Luigi Pintor, Aldo Natoli, Luciana Castellina e Ninetta Zandegiacomi. Ne \u00e8 stato direttore, spesso anzi condirettore secondo l&#8217;abitudine del Manifesto, molte volte tra il 1975 e il 2010. Nel 2012 \u00e8 stato l&#8217;ultimo dei fondatori a lasciare il giornale-partito.<\/div>\n<div><\/div>\n<p>MONDO______<\/p>\n<div><strong>CARACAS &#8211; <\/strong>E&#8217; sempre piu&#8217; alta la tensione in Venezuela, dove il presidente, Nicolas Maduro, ha avviato il processo per scrivere una nuova Costituzione, &#8220;stavolta del popolo, e non dei partiti politici&#8221;; e l&#8217;opposizione parla di colpo di Stato e ha chiesto ai venezuelani di &#8220;ribellarsi&#8221;. Dopo un&#8217;ennesima giornata di marce contro il governo, coincise con la giornata del Primo Maggio, Maduro ha avviato il processo per riformare la Costituzione: dinanzi a migliaia di sostenitori riuniti nel centro di Caracas, Maduro ha promesso &#8220;un&#8217;Assemblea Nazionale Costituente chavista&#8221;, &#8220;per arrivare alla pace di cui il Paese ha bisogno, per sventare il colpo di Stato fascista e perche&#8217; sia il popolo con la sua sovranita&#8217; a imporre la pace, l&#8217;armonia e il dialogo nazionale autentico&#8221;.<\/div>\n<fb:like href='https:\/\/www.leccecronaca.it\/index.php\/2017\/05\/03\/diario-del-giorno-prima-il-tam-tam-di-annibale-403\/' send='true' layout='button_count' show_faces='true' width='450' height='65' action='recommend' colorscheme='light' font='lucida grande'><\/fb:like><span class=\"fb_share\"><fb:like href=\"https:\/\/www.leccecronaca.it\/index.php\/2017\/05\/03\/diario-del-giorno-prima-il-tam-tam-di-annibale-403\/\" layout=\"button_count\"><\/fb:like><\/span>","protected":false},"excerpt":{"rendered":"<p>ITALIA______ ROMA &#8211; &#8220;A noi come ufficio non risulta nulla per quanto riguarda presunti collegamenti obliqui o inquinanti tra ong o parti di esse con i trafficanti di migranti. Nessun elemento investigativo&#8221;: lo ha detto il procuratore di Siracusa, Francesco Paolo Giordano, in Commissione Difesa del Senato, dopo le dichiarazioni del procuratore di Catania, Carmelo [&hellip;]<\/p>\n","protected":false},"author":4,"featured_media":116508,"comment_status":"open","ping_status":"closed","sticky":false,"template":"","format":"standard","meta":[],"categories":[1,69,76],"tags":[],"_links":{"self":[{"href":"https:\/\/www.leccecronaca.it\/index.php\/wp-json\/wp\/v2\/posts\/116507"}],"collection":[{"href":"https:\/\/www.leccecronaca.it\/index.php\/wp-json\/wp\/v2\/posts"}],"about":[{"href":"https:\/\/www.leccecronaca.it\/index.php\/wp-json\/wp\/v2\/types\/post"}],"author":[{"embeddable":true,"href":"https:\/\/www.leccecronaca.it\/index.php\/wp-json\/wp\/v2\/users\/4"}],"replies":[{"embeddable":true,"href":"https:\/\/www.leccecronaca.it\/index.php\/wp-json\/wp\/v2\/comments?post=116507"}],"version-history":[{"count":1,"href":"https:\/\/www.leccecronaca.it\/index.php\/wp-json\/wp\/v2\/posts\/116507\/revisions"}],"predecessor-version":[{"id":116509,"href":"https:\/\/www.leccecronaca.it\/index.php\/wp-json\/wp\/v2\/posts\/116507\/revisions\/116509"}],"wp:featuredmedia":[{"embeddable":true,"href":"https:\/\/www.leccecronaca.it\/index.php\/wp-json\/wp\/v2\/media\/116508"}],"wp:attachment":[{"href":"https:\/\/www.leccecronaca.it\/index.php\/wp-json\/wp\/v2\/media?parent=116507"}],"wp:term":[{"taxonomy":"category","embeddable":true,"href":"https:\/\/www.leccecronaca.it\/index.php\/wp-json\/wp\/v2\/categories?post=116507"},{"taxonomy":"post_tag","embeddable":true,"href":"https:\/\/www.leccecronaca.it\/index.php\/wp-json\/wp\/v2\/tags?post=116507"}],"curies":[{"name":"wp","href":"https:\/\/api.w.org\/{rel}","templated":true}]}}