{"id":116739,"date":"2017-05-04T12:37:10","date_gmt":"2017-05-04T10:37:10","guid":{"rendered":"http:\/\/www.leccecronaca.it\/?p=116739"},"modified":"2017-05-04T12:50:57","modified_gmt":"2017-05-04T10:50:57","slug":"galleria-in-mostra-dal-5-al-7-maggio","status":"publish","type":"post","link":"https:\/\/www.leccecronaca.it\/index.php\/2017\/05\/04\/galleria-in-mostra-dal-5-al-7-maggio\/","title":{"rendered":"GALLERIA MAZZINI IN MOSTRA, DAL 5 AL 7 MAGGIO"},"content":{"rendered":"<p style=\"text-align: justify;\"><img decoding=\"async\" loading=\"lazy\" width=\"768\" height=\"1024\" title=\"cover galleriamazzini\" class=\"alignleft size-large wp-image-116740\" alt=\"\" src=\"https:\/\/www.leccecronaca.it\/wordpress\/wp-content\/uploads\/2017\/05\/cover-galleriamazzini-768x1024.jpg\" srcset=\"https:\/\/www.leccecronaca.it\/wordpress\/wp-content\/uploads\/2017\/05\/cover-galleriamazzini-768x1024.jpg 768w, https:\/\/www.leccecronaca.it\/wordpress\/wp-content\/uploads\/2017\/05\/cover-galleriamazzini-225x300.jpg 225w, https:\/\/www.leccecronaca.it\/wordpress\/wp-content\/uploads\/2017\/05\/cover-galleriamazzini.jpg 864w\" sizes=\"(max-width: 768px) 100vw, 768px\" \/><\/p>\n<p style=\"text-align: justify;\">Riceviamo e volentieri pubblichiamo. Dall&#8217; assessorato all&#8217; Ambiente del Comune di Lecce Cristian Carpentieri ci scrive______<\/p>\n<p style=\"text-align: justify;\">Galleria in Mostra \u00e8 l\u2019evento culturale che invader\u00e0 gli spazi della Galleria Mazzini da venerd\u00ec 5 maggio a domenica 7. Mostre fotografiche, degustazioni eno-gastronomiche, estemporanee d\u2019arte e presentazioni di libri animeranno per tre giorni quei luoghi che hanno sempre rappresentato il cuore commerciale della citt\u00e0. Il progetto, ideato dall\u2019associazione culturale 300.000 Idee in Piazza con il supporto e la collaborazione dell\u2019Assessorato alle Politiche Ambientali di Andrea Guido, vuole valorizzare gli spazi urbani della piazza e, soprattutto, della galleria, sfruttando il linearismo e il razionalismo tipici dell\u2019architettura contemporanea che caratterizza lo stesso agglomerato urbano in contrapposizione netta con gli antichi edifici e i vicoli del centro storico.<\/p>\n<p style=\"text-align: justify;\">L\u2019associazione 300.000 Idee in Piazza nasce dall\u2019entusiasmo di due donne residenti nel quartiere Mazzini, Aurora Riga Pisanelli e Tonia Erriquez Montinari che per generazioni di famiglia hanno sentito raccontare aneddoti e storie bellissime su eventi e sulla costruzione dell\u2019intera zona. L\u2019obbiettivo a lunga scadenza \u00e8 quello di far diventare la Galleria un vero e proprio contenitore culturale per 12 mesi all\u2019anno, ottimo riparo dalla calura estiva o dal freddo e dalle intemperie invernali, per grandi e piccini. Affinch\u00e9 questi spazi possano ospitare costantemente mostre, presentazioni di libri, sflilate, degustazioni eno-gastronimiche, eventi legati all\u2019arte, alla cultura, al turismo e all\u2019inclusione sociale.<\/p>\n<p style=\"text-align: justify;\">L\u2019inaugurazione di questo primo evento di tre giorni \u00e8 prevista venerd\u00ec 5 maggio alle ore 11.00, proprio dentro la Galleria, dove avverr\u00e0 la presentazione dell\u2019intero progetto a cui hanno partecipato, tra le altre, l\u2019associazione culturale Festinamente, la Pro Loco di Lecce, l\u2019associazione di Gianni Binucci Quelli delle Passeggiate Culturali, la Federazione di Volontariato Donne del Sud, l\u2019Ordine degli Architetti Pianificatori, Paesaggisti e Conservatori della Provincia di Lecce e Arca Sud Salento.<\/p>\n<p>&nbsp;<\/p>\n<fb:like href='https:\/\/www.leccecronaca.it\/index.php\/2017\/05\/04\/galleria-in-mostra-dal-5-al-7-maggio\/' send='true' layout='button_count' show_faces='true' width='450' height='65' action='recommend' colorscheme='light' font='lucida grande'><\/fb:like><span class=\"fb_share\"><fb:like href=\"https:\/\/www.leccecronaca.it\/index.php\/2017\/05\/04\/galleria-in-mostra-dal-5-al-7-maggio\/\" layout=\"button_count\"><\/fb:like><\/span>","protected":false},"excerpt":{"rendered":"<p>Riceviamo e volentieri pubblichiamo. Dall&#8217; assessorato all&#8217; Ambiente del Comune di Lecce Cristian Carpentieri ci scrive______ Galleria in Mostra \u00e8 l\u2019evento culturale che invader\u00e0 gli spazi della Galleria Mazzini da venerd\u00ec 5 maggio a domenica 7. Mostre fotografiche, degustazioni eno-gastronomiche, estemporanee d\u2019arte e presentazioni di libri animeranno per tre giorni quei luoghi che hanno sempre [&hellip;]<\/p>\n","protected":false},"author":4,"featured_media":116740,"comment_status":"open","ping_status":"closed","sticky":false,"template":"","format":"standard","meta":[],"categories":[36],"tags":[],"_links":{"self":[{"href":"https:\/\/www.leccecronaca.it\/index.php\/wp-json\/wp\/v2\/posts\/116739"}],"collection":[{"href":"https:\/\/www.leccecronaca.it\/index.php\/wp-json\/wp\/v2\/posts"}],"about":[{"href":"https:\/\/www.leccecronaca.it\/index.php\/wp-json\/wp\/v2\/types\/post"}],"author":[{"embeddable":true,"href":"https:\/\/www.leccecronaca.it\/index.php\/wp-json\/wp\/v2\/users\/4"}],"replies":[{"embeddable":true,"href":"https:\/\/www.leccecronaca.it\/index.php\/wp-json\/wp\/v2\/comments?post=116739"}],"version-history":[{"count":4,"href":"https:\/\/www.leccecronaca.it\/index.php\/wp-json\/wp\/v2\/posts\/116739\/revisions"}],"predecessor-version":[{"id":116743,"href":"https:\/\/www.leccecronaca.it\/index.php\/wp-json\/wp\/v2\/posts\/116739\/revisions\/116743"}],"wp:featuredmedia":[{"embeddable":true,"href":"https:\/\/www.leccecronaca.it\/index.php\/wp-json\/wp\/v2\/media\/116740"}],"wp:attachment":[{"href":"https:\/\/www.leccecronaca.it\/index.php\/wp-json\/wp\/v2\/media?parent=116739"}],"wp:term":[{"taxonomy":"category","embeddable":true,"href":"https:\/\/www.leccecronaca.it\/index.php\/wp-json\/wp\/v2\/categories?post=116739"},{"taxonomy":"post_tag","embeddable":true,"href":"https:\/\/www.leccecronaca.it\/index.php\/wp-json\/wp\/v2\/tags?post=116739"}],"curies":[{"name":"wp","href":"https:\/\/api.w.org\/{rel}","templated":true}]}}