{"id":117507,"date":"2017-05-11T12:57:30","date_gmt":"2017-05-11T10:57:30","guid":{"rendered":"http:\/\/www.leccecronaca.it\/?p=117507"},"modified":"2017-05-11T12:57:30","modified_gmt":"2017-05-11T10:57:30","slug":"papa-francesco-e-i-ragazzi-di-mabasta","status":"publish","type":"post","link":"https:\/\/www.leccecronaca.it\/index.php\/2017\/05\/11\/papa-francesco-e-i-ragazzi-di-mabasta\/","title":{"rendered":"PAPA FRANCESCO E I RAGAZZI DI MABASTA"},"content":{"rendered":"<p style=\"text-align: justify;\"><img decoding=\"async\" loading=\"lazy\" src=\"https:\/\/www.leccecronaca.it\/wordpress\/wp-content\/uploads\/2017\/05\/PapaFrancesco01_lg-575x1024.jpg\" alt=\"\" title=\"PapaFrancesco01_lg\" class=\"aligncenter size-large wp-image-117508\" width=\"575\" height=\"1024\" \/><\/p>\n<p style=\"text-align: justify;\">di Stefano Donno______ Sono 14 i ragazzi di \u201cMabasta\u201d, studenti della classe 2\u00b0A del \u201cGalilei-Costa\u201d di Lecce ingegnosi fautori e promotori del Movimento Anti Bullismo Animato da Studenti Adolescenti, sabato scorso, 6 maggio, hanno avuto l\u2019opportunit\u00e0 di incontrare e salutare il Santo Padre, Papa Francesco. L\u2019incontro carico di emozione, \u00e8 avvenuto presso la Sala Paolo VI in occasione del \u201cMeeting nazionale delle scuole per la pace\u201d. Nonostante la grandissima affluenza di gente dal momento che erano presenti circa 7.000 giovani provenienti da ogni parte d\u2019Italia, gli intraprendenti studenti leccesi, portando con orgoglio la loro salentinit\u00e0, hanno avuto modo di dire al Papa chi erano, da dove venivano e cosa fosse il loro movimento anti bullismo Mabasta, che da tempo riscuote grandi consensi sul paino locale e nazionale.<\/p>\n<p style=\"text-align: justify;\">\u00abNon credevamo ai nostri occhi \u2013 commentano i ragazzi di Mabasta \u2013 abbiamo avuto Papa Francesco a pochi centimetri e abbiamo potuto dirgli chi eravamo, cosa facevamo e perch\u00e9 eravamo l\u00ec. Il suo sorriso e il suo sguardo pieno di amore non lo scorderemo pi\u00f9 per tutta la vita. Il Santo Padre ora \u00e8 ufficialmente il nostro pi\u00f9 importante \u201cambassador\u201d adulto, come c\u2019\u00e8 scritto sulla maglietta che gli abbiamo dato.\u00bb<\/p>\n<p style=\"text-align: justify;\">Per ci\u00f2 che concerne strettamente il bullismo ormai vera e propria piaga sociale, ricordiamo che appena due mesi fa, presso lo Stadio Meazza di Milano, Papa Francesco lanci\u00f2 questo monito ai giovani: \u201cNella vostra scuola, nel vostro quartiere, c\u2019\u00e8 qualcuno o qualcuna al quale o alla quale voi fate beffa, voi prendete in giro perch\u00e9 ha quel difetto, perch\u00e9 \u00e8 grosso, perch\u00e9 \u00e8 magro, per questo, per l\u2019altro? Questo si chiama bullying. Per favore, fate la promessa al Signore di mai fare questo e mai permettere che si faccia nel vostro collegio, nella vostra scuola, nel vostro quartiere. Capito?\u201d.<\/p>\n<p style=\"text-align: justify;\">L\u2019incontro di sabato, organizzato in collaborazione con il Dicastero per il servizio dello sviluppo umano integrale della Santa Sede, si \u00e8 svolto nell\u2019Aula Paolo VI e ha segnato il vertice del Meeting nazionale delle scuole per la pace, la fraternit\u00e0 e il dialogo \u201cProteggiamo la nostra casa\u201d. L\u2019evento ha avuto luogo con il patrocinio della Commissione Europea, della Camera dei Deputati, del Ministero degli Affari Esteri e della Cooperazione Internazionale, dell\u2019Assessorato alla Persona, Scuola e Comunit\u00e0 Solidale di Roma Capitale, della Citt\u00e0 Metropolitana di Roma Capitale e con la media partnership della Rai.<\/p>\n<p>&nbsp;<\/p>\n<p>&nbsp;<\/p>\n<fb:like href='https:\/\/www.leccecronaca.it\/index.php\/2017\/05\/11\/papa-francesco-e-i-ragazzi-di-mabasta\/' send='true' layout='button_count' show_faces='true' width='450' height='65' action='recommend' colorscheme='light' font='lucida grande'><\/fb:like><span class=\"fb_share\"><fb:like href=\"https:\/\/www.leccecronaca.it\/index.php\/2017\/05\/11\/papa-francesco-e-i-ragazzi-di-mabasta\/\" layout=\"button_count\"><\/fb:like><\/span>","protected":false},"excerpt":{"rendered":"<p>di Stefano Donno______ Sono 14 i ragazzi di \u201cMabasta\u201d, studenti della classe 2\u00b0A del \u201cGalilei-Costa\u201d di Lecce ingegnosi fautori e promotori del Movimento Anti Bullismo Animato da Studenti Adolescenti, sabato scorso, 6 maggio, hanno avuto l\u2019opportunit\u00e0 di incontrare e salutare il Santo Padre, Papa Francesco. L\u2019incontro carico di emozione, \u00e8 avvenuto presso la Sala Paolo [&hellip;]<\/p>\n","protected":false},"author":4,"featured_media":117508,"comment_status":"open","ping_status":"closed","sticky":false,"template":"","format":"standard","meta":[],"categories":[69,75],"tags":[],"_links":{"self":[{"href":"https:\/\/www.leccecronaca.it\/index.php\/wp-json\/wp\/v2\/posts\/117507"}],"collection":[{"href":"https:\/\/www.leccecronaca.it\/index.php\/wp-json\/wp\/v2\/posts"}],"about":[{"href":"https:\/\/www.leccecronaca.it\/index.php\/wp-json\/wp\/v2\/types\/post"}],"author":[{"embeddable":true,"href":"https:\/\/www.leccecronaca.it\/index.php\/wp-json\/wp\/v2\/users\/4"}],"replies":[{"embeddable":true,"href":"https:\/\/www.leccecronaca.it\/index.php\/wp-json\/wp\/v2\/comments?post=117507"}],"version-history":[{"count":2,"href":"https:\/\/www.leccecronaca.it\/index.php\/wp-json\/wp\/v2\/posts\/117507\/revisions"}],"predecessor-version":[{"id":117510,"href":"https:\/\/www.leccecronaca.it\/index.php\/wp-json\/wp\/v2\/posts\/117507\/revisions\/117510"}],"wp:featuredmedia":[{"embeddable":true,"href":"https:\/\/www.leccecronaca.it\/index.php\/wp-json\/wp\/v2\/media\/117508"}],"wp:attachment":[{"href":"https:\/\/www.leccecronaca.it\/index.php\/wp-json\/wp\/v2\/media?parent=117507"}],"wp:term":[{"taxonomy":"category","embeddable":true,"href":"https:\/\/www.leccecronaca.it\/index.php\/wp-json\/wp\/v2\/categories?post=117507"},{"taxonomy":"post_tag","embeddable":true,"href":"https:\/\/www.leccecronaca.it\/index.php\/wp-json\/wp\/v2\/tags?post=117507"}],"curies":[{"name":"wp","href":"https:\/\/api.w.org\/{rel}","templated":true}]}}