{"id":117928,"date":"2017-05-14T19:03:40","date_gmt":"2017-05-14T17:03:40","guid":{"rendered":"http:\/\/www.leccecronaca.it\/?p=117928"},"modified":"2017-05-14T19:05:13","modified_gmt":"2017-05-14T17:05:13","slug":"passeggiata-ad-acquatina","status":"publish","type":"post","link":"https:\/\/www.leccecronaca.it\/index.php\/2017\/05\/14\/passeggiata-ad-acquatina\/","title":{"rendered":"PASSEGGIATA AD ACQUATINA"},"content":{"rendered":"<p><img decoding=\"async\" loading=\"lazy\" width=\"1280\" height=\"960\" title=\"acquatina01\" class=\"aligncenter size-full wp-image-117929\" alt=\"\" src=\"https:\/\/www.leccecronaca.it\/wordpress\/wp-content\/uploads\/2017\/05\/acquatina01.jpg\" srcset=\"https:\/\/www.leccecronaca.it\/wordpress\/wp-content\/uploads\/2017\/05\/acquatina01.jpg 1280w, https:\/\/www.leccecronaca.it\/wordpress\/wp-content\/uploads\/2017\/05\/acquatina01-300x225.jpg 300w, https:\/\/www.leccecronaca.it\/wordpress\/wp-content\/uploads\/2017\/05\/acquatina01-1024x768.jpg 1024w, https:\/\/www.leccecronaca.it\/wordpress\/wp-content\/uploads\/2017\/05\/acquatina01-768x576.jpg 768w, https:\/\/www.leccecronaca.it\/wordpress\/wp-content\/uploads\/2017\/05\/acquatina01-400x300.jpg 400w\" sizes=\"(max-width: 1280px) 100vw, 1280px\" \/>(Rdl)______Duecento persone circa hanno partecipato questa mattina\u00a0alla visita organizzata della comunit\u00e0 accademica dell\u2019Universit\u00e0 del Salento al bacino naturale di Acquatina, a Frigole. La \u201cpasseggiata\u201d \u00e8 stata l\u2019occasione per conoscere gli aspetti naturalistici del bacino e per discutere delle potenzialit\u00e0 di Acquatina nell\u2019ambito della ricerca scientifica e della sua valorizzazione, della tutela ambientale e di un modello di sviluppo sostenibile.<\/p>\n<p>Cos\u00ec\u00a0il Rettore Vincenzo Zara: <em>&#8220;Il grande potenziale di questo sito d\u2019importanza comunitaria merita il massimo impegno da parte di tutti i soggetti coinvolti nel suo rilancio, affinch\u00e9 diventi per tutti una grande risorsa. \u00c8 quindi importante che si giunga quanto prima alla piena operativit\u00e0 del Protocollo di intesa tra Universit\u00e0, Regione Puglia e Comune di Lecce al fine di mettere a punto un progetto credibile e sostenibile&#8221;.<\/em><\/p>\n<p>&nbsp;<\/p>\n<p>&nbsp;<\/p>\n<p>&nbsp;<\/p>\n<p>&nbsp;<\/p>\n<fb:like href='https:\/\/www.leccecronaca.it\/index.php\/2017\/05\/14\/passeggiata-ad-acquatina\/' send='true' layout='button_count' show_faces='true' width='450' height='65' action='recommend' colorscheme='light' font='lucida grande'><\/fb:like><span class=\"fb_share\"><fb:like href=\"https:\/\/www.leccecronaca.it\/index.php\/2017\/05\/14\/passeggiata-ad-acquatina\/\" layout=\"button_count\"><\/fb:like><\/span>","protected":false},"excerpt":{"rendered":"<p>(Rdl)______Duecento persone circa hanno partecipato questa mattina\u00a0alla visita organizzata della comunit\u00e0 accademica dell\u2019Universit\u00e0 del Salento al bacino naturale di Acquatina, a Frigole. La \u201cpasseggiata\u201d \u00e8 stata l\u2019occasione per conoscere gli aspetti naturalistici del bacino e per discutere delle potenzialit\u00e0 di Acquatina nell\u2019ambito della ricerca scientifica e della sua valorizzazione, della tutela ambientale e di un [&hellip;]<\/p>\n","protected":false},"author":4,"featured_media":117929,"comment_status":"open","ping_status":"closed","sticky":false,"template":"","format":"standard","meta":[],"categories":[69],"tags":[],"_links":{"self":[{"href":"https:\/\/www.leccecronaca.it\/index.php\/wp-json\/wp\/v2\/posts\/117928"}],"collection":[{"href":"https:\/\/www.leccecronaca.it\/index.php\/wp-json\/wp\/v2\/posts"}],"about":[{"href":"https:\/\/www.leccecronaca.it\/index.php\/wp-json\/wp\/v2\/types\/post"}],"author":[{"embeddable":true,"href":"https:\/\/www.leccecronaca.it\/index.php\/wp-json\/wp\/v2\/users\/4"}],"replies":[{"embeddable":true,"href":"https:\/\/www.leccecronaca.it\/index.php\/wp-json\/wp\/v2\/comments?post=117928"}],"version-history":[{"count":3,"href":"https:\/\/www.leccecronaca.it\/index.php\/wp-json\/wp\/v2\/posts\/117928\/revisions"}],"predecessor-version":[{"id":117931,"href":"https:\/\/www.leccecronaca.it\/index.php\/wp-json\/wp\/v2\/posts\/117928\/revisions\/117931"}],"wp:featuredmedia":[{"embeddable":true,"href":"https:\/\/www.leccecronaca.it\/index.php\/wp-json\/wp\/v2\/media\/117929"}],"wp:attachment":[{"href":"https:\/\/www.leccecronaca.it\/index.php\/wp-json\/wp\/v2\/media?parent=117928"}],"wp:term":[{"taxonomy":"category","embeddable":true,"href":"https:\/\/www.leccecronaca.it\/index.php\/wp-json\/wp\/v2\/categories?post=117928"},{"taxonomy":"post_tag","embeddable":true,"href":"https:\/\/www.leccecronaca.it\/index.php\/wp-json\/wp\/v2\/tags?post=117928"}],"curies":[{"name":"wp","href":"https:\/\/api.w.org\/{rel}","templated":true}]}}