{"id":118361,"date":"2017-05-18T14:10:40","date_gmt":"2017-05-18T12:10:40","guid":{"rendered":"http:\/\/www.leccecronaca.it\/?p=118361"},"modified":"2017-05-18T14:10:40","modified_gmt":"2017-05-18T12:10:40","slug":"nuovo-prelievo-multiorgano-al-vito-fazzi-2","status":"publish","type":"post","link":"https:\/\/www.leccecronaca.it\/index.php\/2017\/05\/18\/nuovo-prelievo-multiorgano-al-vito-fazzi-2\/","title":{"rendered":"NUOVO PRELIEVO MULTIORGANO AL &#8216;VITO FAZZI&#8217;"},"content":{"rendered":"<p><img decoding=\"async\" loading=\"lazy\" width=\"300\" height=\"224\" title=\"ospedale-vito-fazzi-lecce-300x224\" class=\"aligncenter size-full wp-image-118362\" alt=\"\" src=\"https:\/\/www.leccecronaca.it\/wordpress\/wp-content\/uploads\/2017\/05\/ospedale-vito-fazzi-lecce-300x2241.jpg\" \/>(m.d.o.)______Ieri un&#8217; altra donazione d&#8217;organi all&#8217;Ospedale \u201cVito Fazzi\u201d: i familiari di un uomo di 44 anni, deceduto per le conseguenze gravissime di un danno neurologico, hanno acconsentito al prelievo. La macchina della solidariet\u00e0, conclusa l&#8217;osservazione di morte cerebrale, \u00e8 stata avviata: gli organi del donatore salentino andranno ad accendere nuove &#8220;fiammelle&#8221; in giro per l&#8217;Italia.<\/p>\n<p>In nottata le \u00e8quipe chirurgiche hanno portato a termine l&#8217;impegnativo lavoro in sala operatoria, dopo di che il fegato\u00a0\u00e8 andato Bari, le cornee \u00a0alla Banca degli Occhi di Mestre e i reni\u00a0in una destinazione nel frattempo individuata.<\/p>\n<p>E&#8217; il terzo prelievo multiorgano nel solo mese di maggio, ottavo nella Asl Lecce in questi primi cinque mesi del 2017.<\/p>\n<p>\u00abSta accadendo qualcosa di straordinario &#8211; commenta Silvana Melli, direttore generale Asl Lecce &#8211; nel nostro Salento: l&#8217;indice di opposizione al prelievo \u00e8 sceso al 16%, il pi\u00f9 basso di Puglia e uno dei pi\u00f9 bassi d&#8217;Italia. Vuol dire che la cultura della donazione sta diventando parte integrante del comune sentire delle persone, di famiglie sensibili e altruiste come quella del 44enne scomparso oggi: a loro va il ringraziamento di tutta la ASL Lecce e mio personale\u00bb.<\/p>\n<p>Giuseppe Pulito, primario della Rianimazione del \u201cFazzi\u201d, e Filippo De Rosa, coordinatore locale per i prelievi e i trapianti, confermano il trend positivo e l&#8217;importanza che, assieme alle manifestazioni di assenso da parte dei familiari, cresca in modo costante e duratura tra la popolazione la consapevolezza di partecipare ad una comune e condivisa cultura della donazione.<\/p>\n<fb:like href='https:\/\/www.leccecronaca.it\/index.php\/2017\/05\/18\/nuovo-prelievo-multiorgano-al-vito-fazzi-2\/' send='true' layout='button_count' show_faces='true' width='450' height='65' action='recommend' colorscheme='light' font='lucida grande'><\/fb:like><span class=\"fb_share\"><fb:like href=\"https:\/\/www.leccecronaca.it\/index.php\/2017\/05\/18\/nuovo-prelievo-multiorgano-al-vito-fazzi-2\/\" layout=\"button_count\"><\/fb:like><\/span>","protected":false},"excerpt":{"rendered":"<p>(m.d.o.)______Ieri un&#8217; altra donazione d&#8217;organi all&#8217;Ospedale \u201cVito Fazzi\u201d: i familiari di un uomo di 44 anni, deceduto per le conseguenze gravissime di un danno neurologico, hanno acconsentito al prelievo. La macchina della solidariet\u00e0, conclusa l&#8217;osservazione di morte cerebrale, \u00e8 stata avviata: gli organi del donatore salentino andranno ad accendere nuove &#8220;fiammelle&#8221; in giro per l&#8217;Italia. [&hellip;]<\/p>\n","protected":false},"author":4,"featured_media":118362,"comment_status":"open","ping_status":"closed","sticky":false,"template":"","format":"standard","meta":[],"categories":[69],"tags":[],"_links":{"self":[{"href":"https:\/\/www.leccecronaca.it\/index.php\/wp-json\/wp\/v2\/posts\/118361"}],"collection":[{"href":"https:\/\/www.leccecronaca.it\/index.php\/wp-json\/wp\/v2\/posts"}],"about":[{"href":"https:\/\/www.leccecronaca.it\/index.php\/wp-json\/wp\/v2\/types\/post"}],"author":[{"embeddable":true,"href":"https:\/\/www.leccecronaca.it\/index.php\/wp-json\/wp\/v2\/users\/4"}],"replies":[{"embeddable":true,"href":"https:\/\/www.leccecronaca.it\/index.php\/wp-json\/wp\/v2\/comments?post=118361"}],"version-history":[{"count":1,"href":"https:\/\/www.leccecronaca.it\/index.php\/wp-json\/wp\/v2\/posts\/118361\/revisions"}],"predecessor-version":[{"id":118363,"href":"https:\/\/www.leccecronaca.it\/index.php\/wp-json\/wp\/v2\/posts\/118361\/revisions\/118363"}],"wp:featuredmedia":[{"embeddable":true,"href":"https:\/\/www.leccecronaca.it\/index.php\/wp-json\/wp\/v2\/media\/118362"}],"wp:attachment":[{"href":"https:\/\/www.leccecronaca.it\/index.php\/wp-json\/wp\/v2\/media?parent=118361"}],"wp:term":[{"taxonomy":"category","embeddable":true,"href":"https:\/\/www.leccecronaca.it\/index.php\/wp-json\/wp\/v2\/categories?post=118361"},{"taxonomy":"post_tag","embeddable":true,"href":"https:\/\/www.leccecronaca.it\/index.php\/wp-json\/wp\/v2\/tags?post=118361"}],"curies":[{"name":"wp","href":"https:\/\/api.w.org\/{rel}","templated":true}]}}