{"id":118742,"date":"2017-05-25T00:03:54","date_gmt":"2017-05-24T22:03:54","guid":{"rendered":"http:\/\/www.leccecronaca.it\/?p=118742"},"modified":"2017-05-23T10:24:42","modified_gmt":"2017-05-23T08:24:42","slug":"diario-del-giorno-dopo-concerti-amerigo-verardi-a-torre-santa-susanna-venerdi-26","status":"publish","type":"post","link":"https:\/\/www.leccecronaca.it\/index.php\/2017\/05\/25\/diario-del-giorno-dopo-concerti-amerigo-verardi-a-torre-santa-susanna-venerdi-26\/","title":{"rendered":"DIARIO DEL GIORNO DOPO \/ CONCERTI \/ AMERIGO VERARDI A TORRE SANTA SUSANNA VENERDI&#8217; 26"},"content":{"rendered":"<p><img decoding=\"async\" loading=\"lazy\" width=\"1024\" height=\"682\" title=\"a\" class=\"alignleft size-large wp-image-118743\" alt=\"\" src=\"https:\/\/www.leccecronaca.it\/wordpress\/wp-content\/uploads\/2017\/05\/a2-1024x682.jpg\" srcset=\"https:\/\/www.leccecronaca.it\/wordpress\/wp-content\/uploads\/2017\/05\/a2-1024x682.jpg 1024w, https:\/\/www.leccecronaca.it\/wordpress\/wp-content\/uploads\/2017\/05\/a2-300x200.jpg 300w, https:\/\/www.leccecronaca.it\/wordpress\/wp-content\/uploads\/2017\/05\/a2-768x512.jpg 768w, https:\/\/www.leccecronaca.it\/wordpress\/wp-content\/uploads\/2017\/05\/a2.jpg 1181w\" sizes=\"(max-width: 1024px) 100vw, 1024px\" \/>Venerd\u00ec 26 maggio,\u00a0alle 22,\u00a0a Torre Santa Susanna,\u00a0al Barcollo,\u00a0in via Galaso 64 (nei pressi del Teatro Comunale), ci sar\u00e0\u00a0il concerto del cantautore brindisino\u00a0Amerigo Verardi (nella foto), che presenter\u00e0 il suo ultimo lavoro, \u201cHippie Dixit\u201d.<\/p>\n<p>Dopo numerose date in tutta Italia,\u00a0 Amerigo Verardi torner\u00e0 cos\u00ec a suonare nel suo territorio, esibendosi insieme al suo quartetto di musicisti, completato da Isabella Benone (violino, voce), Dino Semeraro (percussioni, voce) ed Alessandro Muscillo (basso).<\/p>\n<p>Scrive Mino Pica, nella presentazione dell&#8217; evento, che si tratta di &#8220;<em>un personaggio di spicco della scena alternative psych rock italiana,\u00a0che quest\u2019anno festeggia il trentennale della sua attivit\u00e0 di musicista e produttore artistico, celebrandolo anche attraverso la pubblicazione del suo primo libro \u201cScherzi Improvvisi notturni\u201d (Brundisium.net), e con\u00a0\u201cHippie Dixit\u201d con i suoi cento minuti di musica, con un\u2019imponente densit\u00e0 di contenuti sia musicali che testuali, si pone come un\u2019opera volutamente e fieramente fuori dal tempo<\/em>&#8220;.<\/p>\n<p>\u201c<em>Questo venerd\u00ec<\/em> \u2013 spiegano Antonio e Cristina del Barcollo &#8211; <em>ospiteremo uno dei progetti musicali pi\u00f9 interessanti del momento, un grande artista che tanto ha gi\u00e0 dato ma che si \u00e8 superato con questo suo nuovo album. Positive vibrazioni ci aspettano!\u201d.<\/em><\/p>\n<p>Ingresso libero.<\/p>\n<p>&nbsp;<\/p>\n<p>&nbsp;<\/p>\n<p>&nbsp;<\/p>\n<fb:like href='https:\/\/www.leccecronaca.it\/index.php\/2017\/05\/25\/diario-del-giorno-dopo-concerti-amerigo-verardi-a-torre-santa-susanna-venerdi-26\/' send='true' layout='button_count' show_faces='true' width='450' height='65' action='recommend' colorscheme='light' font='lucida grande'><\/fb:like><span class=\"fb_share\"><fb:like href=\"https:\/\/www.leccecronaca.it\/index.php\/2017\/05\/25\/diario-del-giorno-dopo-concerti-amerigo-verardi-a-torre-santa-susanna-venerdi-26\/\" layout=\"button_count\"><\/fb:like><\/span>","protected":false},"excerpt":{"rendered":"<p>Venerd\u00ec 26 maggio,\u00a0alle 22,\u00a0a Torre Santa Susanna,\u00a0al Barcollo,\u00a0in via Galaso 64 (nei pressi del Teatro Comunale), ci sar\u00e0\u00a0il concerto del cantautore brindisino\u00a0Amerigo Verardi (nella foto), che presenter\u00e0 il suo ultimo lavoro, \u201cHippie Dixit\u201d. Dopo numerose date in tutta Italia,\u00a0 Amerigo Verardi torner\u00e0 cos\u00ec a suonare nel suo territorio, esibendosi insieme al suo quartetto di musicisti, [&hellip;]<\/p>\n","protected":false},"author":4,"featured_media":118743,"comment_status":"open","ping_status":"closed","sticky":false,"template":"","format":"standard","meta":[],"categories":[1],"tags":[],"_links":{"self":[{"href":"https:\/\/www.leccecronaca.it\/index.php\/wp-json\/wp\/v2\/posts\/118742"}],"collection":[{"href":"https:\/\/www.leccecronaca.it\/index.php\/wp-json\/wp\/v2\/posts"}],"about":[{"href":"https:\/\/www.leccecronaca.it\/index.php\/wp-json\/wp\/v2\/types\/post"}],"author":[{"embeddable":true,"href":"https:\/\/www.leccecronaca.it\/index.php\/wp-json\/wp\/v2\/users\/4"}],"replies":[{"embeddable":true,"href":"https:\/\/www.leccecronaca.it\/index.php\/wp-json\/wp\/v2\/comments?post=118742"}],"version-history":[{"count":1,"href":"https:\/\/www.leccecronaca.it\/index.php\/wp-json\/wp\/v2\/posts\/118742\/revisions"}],"predecessor-version":[{"id":118744,"href":"https:\/\/www.leccecronaca.it\/index.php\/wp-json\/wp\/v2\/posts\/118742\/revisions\/118744"}],"wp:featuredmedia":[{"embeddable":true,"href":"https:\/\/www.leccecronaca.it\/index.php\/wp-json\/wp\/v2\/media\/118743"}],"wp:attachment":[{"href":"https:\/\/www.leccecronaca.it\/index.php\/wp-json\/wp\/v2\/media?parent=118742"}],"wp:term":[{"taxonomy":"category","embeddable":true,"href":"https:\/\/www.leccecronaca.it\/index.php\/wp-json\/wp\/v2\/categories?post=118742"},{"taxonomy":"post_tag","embeddable":true,"href":"https:\/\/www.leccecronaca.it\/index.php\/wp-json\/wp\/v2\/tags?post=118742"}],"curies":[{"name":"wp","href":"https:\/\/api.w.org\/{rel}","templated":true}]}}