{"id":118943,"date":"2017-05-28T00:02:37","date_gmt":"2017-05-27T22:02:37","guid":{"rendered":"http:\/\/www.leccecronaca.it\/?p=118943"},"modified":"2017-05-25T18:54:02","modified_gmt":"2017-05-25T16:54:02","slug":"diario-del-giorno-prima-il-tam-tam-di-annibale-426","status":"publish","type":"post","link":"https:\/\/www.leccecronaca.it\/index.php\/2017\/05\/28\/diario-del-giorno-prima-il-tam-tam-di-annibale-426\/","title":{"rendered":"DIARIO DEL GIORNO PRIMA \/ IL TAM TAM DI ANNIBALE"},"content":{"rendered":"<p>ITALIA______<\/p>\n<div><strong>CATANIA &#8211; <\/strong>Il Gruppo dei Sette sta per cominciare i suoi lavori e la tensostruttura per le emergenze ospedaliere, realizzata con il progetto sicurezza del G7 di Taormina, risulta danneggiata. La causa sembrerebbe un atto vandalico che ha reso inagibile la struttura, dedicata a cure da &#8220;antiterrorismo&#8221; e &#8220;biocontenimento&#8221;, che pu\u00f2 ricevere fino a trenta pazienti. Durante la notte, intorno alle 21, sarebbe avvenuto l&#8217;episodio che ha rovinato la tensostruttura che si trova nell&#8217;ospedale &#8220;Garibaldi centro&#8221; di Catania e le forze dell&#8217;ordine ora indagano. &#8220;Sono state subito interessate le autorit\u00e0 di pubblica sicurezza e militari. Siamo in attesa di capire quanto \u00e8 successo. I nostri tecnici, insieme agli operatori della Croce Rossa Italiana, sono gi\u00e0 all&#8217;opera per risolvere il problema strutturale nel pi\u00f9 breve tempo possibile&#8221;, cos\u00ec in una nota Giorgio Santonocito, Direttore generale del presidio ospedaliero.<\/div>\n<p>&nbsp;<\/p>\n<p><img decoding=\"async\" loading=\"lazy\" src=\"https:\/\/www.leccecronaca.it\/wordpress\/wp-content\/uploads\/2017\/05\/475x255_1467541707790.rainews_20160703122534618-300x161.jpg\" alt=\"\" title=\"475x255_1467541707790.rainews_20160703122534618\" class=\"alignleft size-medium wp-image-118944\" width=\"300\" height=\"161\" srcset=\"https:\/\/www.leccecronaca.it\/wordpress\/wp-content\/uploads\/2017\/05\/475x255_1467541707790.rainews_20160703122534618-300x161.jpg 300w, https:\/\/www.leccecronaca.it\/wordpress\/wp-content\/uploads\/2017\/05\/475x255_1467541707790.rainews_20160703122534618.jpg 475w\" sizes=\"(max-width: 300px) 100vw, 300px\" \/>ITALIA______<\/p>\n<div><strong>MILANO &#8211; <\/strong>Le ha sparato in strada, poi ha rivolto la pistola verso di s\u00e9, ed ha sparato di nuovo. Nessuno dei due \u00e8 morto, ma sono entrambi gravissimi. E&#8217; successo a Segrate (Milano), in via Benvenuto Cellini. Un uomo di 46 anni avrebbe sparato alla ex moglie, 50 anni, ferendola gravemente alla testa, ma senza ucciderla. Subito dopo, l&#8217;uomo si sarebbe sparato, anche lui alla testa, ma senza morire. Entrambi versano ora in condizioni molto gravi: lui \u00e8 stato trasportato al San Raffaele, lei al Policlinico. Sul posto sono accorsi il 118, la polizia locale ed i carabinieri.<\/div>\n<p>&nbsp;<\/p>\n<p>MONDO______<\/p>\n<div><strong>BRUXELLES &#8211; <\/strong>Continua la due giorni del presidente degli Stati Uniti, Donald Trump, a Bruxelles. Prima tappa alla sede del Consiglio europeo, dove \u00e8 arrivato alle 10 per i colloqui con i presidenti della Commissione e del Consiglio europeo, Jean-Claude Juncker e Donald Tusk. Dopo una prima sessione a tre, saranno raggiunti dal presidente del Parlamento europeo, Antonio Tajani, e dall&#8217;Alto rappresentante dell&#8217;Ue per la politica estera, Federica Mogherini. Al termine dell&#8217;incontro Tusk ha affermato che i leader di Ue Stati Uniti sono &#8220;d&#8217;accordo in molte aree&#8221;, e in particolare sul contrasto al terrorismo, ma restano distanti sul commercio e sul clima, e in parte anche sul rapporto con la Russia, anche se non \u00e8 in discussione la linea comune rispetto al ruolo di Mosca nel conflitto in Ucraina. Agli occhi di Juncker, il confronto \u00e8 stato &#8220;cordiale e amichevole&#8221;.<\/div>\n<fb:like href='https:\/\/www.leccecronaca.it\/index.php\/2017\/05\/28\/diario-del-giorno-prima-il-tam-tam-di-annibale-426\/' send='true' layout='button_count' show_faces='true' width='450' height='65' action='recommend' colorscheme='light' font='lucida grande'><\/fb:like><span class=\"fb_share\"><fb:like href=\"https:\/\/www.leccecronaca.it\/index.php\/2017\/05\/28\/diario-del-giorno-prima-il-tam-tam-di-annibale-426\/\" layout=\"button_count\"><\/fb:like><\/span>","protected":false},"excerpt":{"rendered":"<p>ITALIA______ CATANIA &#8211; Il Gruppo dei Sette sta per cominciare i suoi lavori e la tensostruttura per le emergenze ospedaliere, realizzata con il progetto sicurezza del G7 di Taormina, risulta danneggiata. La causa sembrerebbe un atto vandalico che ha reso inagibile la struttura, dedicata a cure da &#8220;antiterrorismo&#8221; e &#8220;biocontenimento&#8221;, che pu\u00f2 ricevere fino a [&hellip;]<\/p>\n","protected":false},"author":4,"featured_media":118944,"comment_status":"open","ping_status":"closed","sticky":false,"template":"","format":"standard","meta":[],"categories":[1,69,76],"tags":[],"_links":{"self":[{"href":"https:\/\/www.leccecronaca.it\/index.php\/wp-json\/wp\/v2\/posts\/118943"}],"collection":[{"href":"https:\/\/www.leccecronaca.it\/index.php\/wp-json\/wp\/v2\/posts"}],"about":[{"href":"https:\/\/www.leccecronaca.it\/index.php\/wp-json\/wp\/v2\/types\/post"}],"author":[{"embeddable":true,"href":"https:\/\/www.leccecronaca.it\/index.php\/wp-json\/wp\/v2\/users\/4"}],"replies":[{"embeddable":true,"href":"https:\/\/www.leccecronaca.it\/index.php\/wp-json\/wp\/v2\/comments?post=118943"}],"version-history":[{"count":1,"href":"https:\/\/www.leccecronaca.it\/index.php\/wp-json\/wp\/v2\/posts\/118943\/revisions"}],"predecessor-version":[{"id":118945,"href":"https:\/\/www.leccecronaca.it\/index.php\/wp-json\/wp\/v2\/posts\/118943\/revisions\/118945"}],"wp:featuredmedia":[{"embeddable":true,"href":"https:\/\/www.leccecronaca.it\/index.php\/wp-json\/wp\/v2\/media\/118944"}],"wp:attachment":[{"href":"https:\/\/www.leccecronaca.it\/index.php\/wp-json\/wp\/v2\/media?parent=118943"}],"wp:term":[{"taxonomy":"category","embeddable":true,"href":"https:\/\/www.leccecronaca.it\/index.php\/wp-json\/wp\/v2\/categories?post=118943"},{"taxonomy":"post_tag","embeddable":true,"href":"https:\/\/www.leccecronaca.it\/index.php\/wp-json\/wp\/v2\/tags?post=118943"}],"curies":[{"name":"wp","href":"https:\/\/api.w.org\/{rel}","templated":true}]}}