{"id":119032,"date":"2017-05-28T00:03:55","date_gmt":"2017-05-27T22:03:55","guid":{"rendered":"http:\/\/www.leccecronaca.it\/?p=119032"},"modified":"2017-05-27T13:30:52","modified_gmt":"2017-05-27T11:30:52","slug":"diario","status":"publish","type":"post","link":"https:\/\/www.leccecronaca.it\/index.php\/2017\/05\/28\/diario\/","title":{"rendered":"DIARIO DEL GIORNO DOPO \/ CONFERENZE \/ I MISTERI DELLA FISICA A LECCE LUNEDI&#8217; 29"},"content":{"rendered":"<p><img decoding=\"async\" loading=\"lazy\" width=\"300\" height=\"241\" title=\"pag23e1\" class=\"aligncenter size-medium wp-image-119102\" alt=\"\" src=\"https:\/\/www.leccecronaca.it\/wordpress\/wp-content\/uploads\/2017\/05\/pag23e1-300x241.gif\" \/>Luned\u00ec 29 maggio, alle 16, a Lecce, al Museo Provinciale \u201cSigismondo Castromediano\u201d,\u00a0in viale Gallipoli, <strong>Antonio Masiero<\/strong> (nella foto) parler\u00e0 sul tema: \u201cDal Big Bang al Lato Oscuro dell\u2019Universo\u201d.<\/p>\n<p>L\u2019iniziativa rientra nell\u2019ambito del XXIX Seminario Nazionale di Fisica Nucleare e Subnucleare \u201cFrancesco Romano\u201d in corso di svolgimento a Otranto.<\/p>\n<p>Antonio Masiero \u00e8 vice presidente dell\u2019Istituto Nazionale di Fisica Nucleare (INFN) e professore ordinario di Fisica Teorica presso l\u2019Universit\u00e0 degli studi di Padova.<\/p>\n<p>L\u2019esperto presenter\u00e0 la nuova frontiera della ricerca internazionale sul tema, alla luce dei risultati pi\u00f9 recenti: esiste un concetto elementare alla base di ci\u00f2 che ci circonda?<\/p>\n<p>Com\u2019\u00e8 cominciato tutto e qual \u00e8 il destino finale dell\u2019Universo?<\/p>\n<p>Due teorie, il modello standard delle particelle elementari (microcosmo) e il modello standard della cosmologia (la teoria del Big Bang &#8211; macrocosmo) sembrano fornire la risposta a questi quesiti. Ma \u00e8 veramente cos\u00ec?<\/p>\n<p>Il \u201clato oscuro\u201d dell\u2019Universo non cessa di sorprendere. Materia oscura, energia oscura, natura dei neutrini, espansione accelerata dell\u2019Universo primordiale sono ancora grandi misteri.<\/p>\n<p>&nbsp;<\/p>\n<p>&nbsp;<\/p>\n<p>&nbsp;<\/p>\n<p>&nbsp;<\/p>\n<p>&nbsp;<\/p>\n<p>&nbsp;<\/p>\n<p>&nbsp;<\/p>\n<fb:like href='https:\/\/www.leccecronaca.it\/index.php\/2017\/05\/28\/diario\/' send='true' layout='button_count' show_faces='true' width='450' height='65' action='recommend' colorscheme='light' font='lucida grande'><\/fb:like><span class=\"fb_share\"><fb:like href=\"https:\/\/www.leccecronaca.it\/index.php\/2017\/05\/28\/diario\/\" layout=\"button_count\"><\/fb:like><\/span>","protected":false},"excerpt":{"rendered":"<p>Luned\u00ec 29 maggio, alle 16, a Lecce, al Museo Provinciale \u201cSigismondo Castromediano\u201d,\u00a0in viale Gallipoli, Antonio Masiero (nella foto) parler\u00e0 sul tema: \u201cDal Big Bang al Lato Oscuro dell\u2019Universo\u201d. L\u2019iniziativa rientra nell\u2019ambito del XXIX Seminario Nazionale di Fisica Nucleare e Subnucleare \u201cFrancesco Romano\u201d in corso di svolgimento a Otranto. Antonio Masiero \u00e8 vice presidente dell\u2019Istituto Nazionale [&hellip;]<\/p>\n","protected":false},"author":4,"featured_media":119102,"comment_status":"open","ping_status":"closed","sticky":false,"template":"","format":"standard","meta":[],"categories":[75],"tags":[],"_links":{"self":[{"href":"https:\/\/www.leccecronaca.it\/index.php\/wp-json\/wp\/v2\/posts\/119032"}],"collection":[{"href":"https:\/\/www.leccecronaca.it\/index.php\/wp-json\/wp\/v2\/posts"}],"about":[{"href":"https:\/\/www.leccecronaca.it\/index.php\/wp-json\/wp\/v2\/types\/post"}],"author":[{"embeddable":true,"href":"https:\/\/www.leccecronaca.it\/index.php\/wp-json\/wp\/v2\/users\/4"}],"replies":[{"embeddable":true,"href":"https:\/\/www.leccecronaca.it\/index.php\/wp-json\/wp\/v2\/comments?post=119032"}],"version-history":[{"count":3,"href":"https:\/\/www.leccecronaca.it\/index.php\/wp-json\/wp\/v2\/posts\/119032\/revisions"}],"predecessor-version":[{"id":119101,"href":"https:\/\/www.leccecronaca.it\/index.php\/wp-json\/wp\/v2\/posts\/119032\/revisions\/119101"}],"wp:featuredmedia":[{"embeddable":true,"href":"https:\/\/www.leccecronaca.it\/index.php\/wp-json\/wp\/v2\/media\/119102"}],"wp:attachment":[{"href":"https:\/\/www.leccecronaca.it\/index.php\/wp-json\/wp\/v2\/media?parent=119032"}],"wp:term":[{"taxonomy":"category","embeddable":true,"href":"https:\/\/www.leccecronaca.it\/index.php\/wp-json\/wp\/v2\/categories?post=119032"},{"taxonomy":"post_tag","embeddable":true,"href":"https:\/\/www.leccecronaca.it\/index.php\/wp-json\/wp\/v2\/tags?post=119032"}],"curies":[{"name":"wp","href":"https:\/\/api.w.org\/{rel}","templated":true}]}}