{"id":119064,"date":"2017-05-27T12:00:07","date_gmt":"2017-05-27T10:00:07","guid":{"rendered":"http:\/\/www.leccecronaca.it\/?p=119064"},"modified":"2017-05-27T12:20:36","modified_gmt":"2017-05-27T10:20:36","slug":"la-diaspora-africana-nelle-foto-di-atong-atem-in-mostra-a-lecce","status":"publish","type":"post","link":"https:\/\/www.leccecronaca.it\/index.php\/2017\/05\/27\/la-diaspora-africana-nelle-foto-di-atong-atem-in-mostra-a-lecce\/","title":{"rendered":"LA DIASPORA AFRICANA NELLE FOTO DI ATONG ATEM IN MOSTRA A LECCE AL LO.FT DI VIA SIMINI"},"content":{"rendered":"<p style=\"text-align: justify;\"><img decoding=\"async\" loading=\"lazy\" width=\"1000\" height=\"667\" title=\"Ajok-2015The-Studio-Series_Atong-Atem\" class=\"alignleft size-full wp-image-119065\" alt=\"\" src=\"https:\/\/www.leccecronaca.it\/wordpress\/wp-content\/uploads\/2017\/05\/Ajok-2015The-Studio-Series_Atong-Atem.jpg\" srcset=\"https:\/\/www.leccecronaca.it\/wordpress\/wp-content\/uploads\/2017\/05\/Ajok-2015The-Studio-Series_Atong-Atem.jpg 1000w, https:\/\/www.leccecronaca.it\/wordpress\/wp-content\/uploads\/2017\/05\/Ajok-2015The-Studio-Series_Atong-Atem-300x200.jpg 300w, https:\/\/www.leccecronaca.it\/wordpress\/wp-content\/uploads\/2017\/05\/Ajok-2015The-Studio-Series_Atong-Atem-768x512.jpg 768w\" sizes=\"(max-width: 1000px) 100vw, 1000px\" \/>di <strong>Mariagrazia De Giorgi______<\/strong> LO.FT locali fotografici \u00e8 il nuovo punto di riferimento culturale per chi ha voglia di ammirare le ultime novit\u00e0 riguardanti la fotografia d\u2019autore, la cultura visuale e l\u2019editoria. Tra le varie attivit\u00e0 c\u2019\u00e8 quella di tornare a fare, nel vero senso del termine, cultura materiale, costituendo un vero e proprio laboratorio di progettazione editoriale, rivolto ad autori emergenti e non, un laboratorio per bambini, una libreria con saggi, riviste e libri fotografici di case editrici indipendenti. Presenti i grandi testi dell\u2019editoria fotografica da poter consultare e acquistare, si organizzano workshop e mostre con autori nazionali ed internazionali.<\/p>\n<p style=\"text-align: justify;\">Per spiegare LO.FT con due parole si potrebbe dire che sono due locali commerciali sottratti al collettivo urbano, usati come centro culturale dove poter consultare libri bevendo un buon caff\u00e8. LO.FT rappresenta, pertanto, un\u2019opportunit\u00e0 di crescita culturale per chi volesse accostarsi al messaggio dell\u2019arte. Questo centro diventa un punto di riferimento importante, assente prima, sia per la collocazione che per la finalit\u00e0, si avvale della collaborazione di realt\u00e0 consolidate italiane ed estere e di autori presenti nel panorama della fotografia contemporanea.<\/p>\n<p style=\"text-align: justify;\">In questo ambiente alternativo, situato in Via Simini 6\/8, si inserisce la mostra \u201cThe Studio Series\u201d della fotografa e scrittrice sudanese <strong>Atong<\/strong> <strong>Atem<\/strong> a cura di VICURE e LO.FT.; dal 19 maggio al 20 giugno 2017.<\/p>\n<p style=\"text-align: justify;\">Atong Atem \u00e8 una giovane artista e scrittrice sudanese che vive a Melbourne, in Australia, il cui lavoro si concentra sugli anni del post-colonialismo africano, incentrandosi sulla ricerca dell\u2019identit\u00e0 culturale nera attraverso il ritratto. Il termine Diaspora (dispersione), pur rimandandoci ad un contesto decisamente ebraico, descrive la migrazione di un intero popolo costretto ad abbandonare la propria terra natale per disperdersi in diverse parti del mondo. Ed \u00e8 proprio questo che l\u2019artista sembra voler comunicare, si pu\u00f2 dividere un intero popolo ma non lo si pu\u00f2 privare della dignit\u00e0 e della sua identit\u00e0 culturale, anzi serve un impegno maggiore per diffonderla e farla conoscere.<\/p>\n<p style=\"text-align: justify;\">L\u2019artista, dunque, decide di affrontare questo difficile tema attraverso la cultura iconografica africana, i linguaggi visuali \u201cblack\u201d, tradizioni legate alla diaspora, costantemente sul filo del rasoio tra tradizioni, innovazioni e cambiamenti culturali causati dal colonialismo e dal post-colonialismo. \u201cQuando si parla di Africa, il rischio \u00e8 che siano sempre gli altri a raccontarla, \u00e8 cos\u00ec nella storia, nella letteratura e anche nella fotografia, ecco perch\u00e9 la storia dell\u2019Africa \u00e8 la storia secondo gli altri, i non africani, i colonizzatori.\u201d (Avvenire- Riscatto Africano- 23 gennaio 2017)<\/p>\n<p style=\"text-align: justify;\">Lo stile dell\u2019artista rientra, pertanto, nei canoni tradizionali del ritratto, storiche fotografie tradizionali che, molto spesso, si possono ritrovare nelle memorie familiari. Immagini luminose e colorate, raffiguranti un momento difficile della storia africana, tra tradizione e trasformazione; che spingono l\u2019autrice a continuare questo lavoro e questa tradizione, celebrando il suo popolo, quasi a voler fare un patto di sangue con le proprie origini.<\/p>\n<p style=\"text-align: justify;\">L\u2019obiettivo della fotografia africana \u00e8 quello di moltiplicarne le prospettive, allargandone le visioni e gli orizzonti, del resto la fotografia degli afro-americani voleva e vuole superare lo stereotipo dei neri come vittime di oppressione sociale, combattendo nel contempo i vari clich\u00e9 che connotano questo popolo. Per far questo l\u2019artista si avvale dei colori pi\u00f9 belli della sua terra, che non sono i colori della pelle ma i colori dell\u2019anima, il tutto \u00e8 permeato da un velo nostalgico per ci\u00f2 che la sua Africa rappresenta.<\/p>\n<p style=\"text-align: justify;\">\n<fb:like href='https:\/\/www.leccecronaca.it\/index.php\/2017\/05\/27\/la-diaspora-africana-nelle-foto-di-atong-atem-in-mostra-a-lecce\/' send='true' layout='button_count' show_faces='true' width='450' height='65' action='recommend' colorscheme='light' font='lucida grande'><\/fb:like><span class=\"fb_share\"><fb:like href=\"https:\/\/www.leccecronaca.it\/index.php\/2017\/05\/27\/la-diaspora-africana-nelle-foto-di-atong-atem-in-mostra-a-lecce\/\" layout=\"button_count\"><\/fb:like><\/span>","protected":false},"excerpt":{"rendered":"<p>di Mariagrazia De Giorgi______ LO.FT locali fotografici \u00e8 il nuovo punto di riferimento culturale per chi ha voglia di ammirare le ultime novit\u00e0 riguardanti la fotografia d\u2019autore, la cultura visuale e l\u2019editoria. Tra le varie attivit\u00e0 c\u2019\u00e8 quella di tornare a fare, nel vero senso del termine, cultura materiale, costituendo un vero e proprio laboratorio [&hellip;]<\/p>\n","protected":false},"author":4,"featured_media":119065,"comment_status":"open","ping_status":"closed","sticky":false,"template":"","format":"standard","meta":[],"categories":[31,75,77],"tags":[],"_links":{"self":[{"href":"https:\/\/www.leccecronaca.it\/index.php\/wp-json\/wp\/v2\/posts\/119064"}],"collection":[{"href":"https:\/\/www.leccecronaca.it\/index.php\/wp-json\/wp\/v2\/posts"}],"about":[{"href":"https:\/\/www.leccecronaca.it\/index.php\/wp-json\/wp\/v2\/types\/post"}],"author":[{"embeddable":true,"href":"https:\/\/www.leccecronaca.it\/index.php\/wp-json\/wp\/v2\/users\/4"}],"replies":[{"embeddable":true,"href":"https:\/\/www.leccecronaca.it\/index.php\/wp-json\/wp\/v2\/comments?post=119064"}],"version-history":[{"count":4,"href":"https:\/\/www.leccecronaca.it\/index.php\/wp-json\/wp\/v2\/posts\/119064\/revisions"}],"predecessor-version":[{"id":119077,"href":"https:\/\/www.leccecronaca.it\/index.php\/wp-json\/wp\/v2\/posts\/119064\/revisions\/119077"}],"wp:featuredmedia":[{"embeddable":true,"href":"https:\/\/www.leccecronaca.it\/index.php\/wp-json\/wp\/v2\/media\/119065"}],"wp:attachment":[{"href":"https:\/\/www.leccecronaca.it\/index.php\/wp-json\/wp\/v2\/media?parent=119064"}],"wp:term":[{"taxonomy":"category","embeddable":true,"href":"https:\/\/www.leccecronaca.it\/index.php\/wp-json\/wp\/v2\/categories?post=119064"},{"taxonomy":"post_tag","embeddable":true,"href":"https:\/\/www.leccecronaca.it\/index.php\/wp-json\/wp\/v2\/tags?post=119064"}],"curies":[{"name":"wp","href":"https:\/\/api.w.org\/{rel}","templated":true}]}}