{"id":119724,"date":"2017-06-05T11:13:20","date_gmt":"2017-06-05T09:13:20","guid":{"rendered":"http:\/\/www.leccecronaca.it\/?p=119724"},"modified":"2017-06-09T18:29:01","modified_gmt":"2017-06-09T16:29:01","slug":"la-colacem-di-galatina-e-diventata-un-modello-docente-di-economia-green-social-e-rispettosa-del-territorio-parola-di-ministro","status":"publish","type":"post","link":"https:\/\/www.leccecronaca.it\/index.php\/2017\/06\/05\/la-colacem-di-galatina-e-diventata-un-modello-docente-di-economia-green-social-e-rispettosa-del-territorio-parola-di-ministro\/","title":{"rendered":"LA COLACEM DI GALATINA E&#8217; DIVENTATA UN MODELLO INDUSTRIALE DOCENTE DI ECONOMIA GREEN, SOCIAL, E RISPETTOSA DEL TERRITORIO. PAROLA DI MINISTRO"},"content":{"rendered":"<p><img decoding=\"async\" loading=\"lazy\" width=\"400\" height=\"300\" title=\"im\" class=\"alignright size-full wp-image-119725\" alt=\"\" src=\"https:\/\/www.leccecronaca.it\/wordpress\/wp-content\/uploads\/2017\/06\/im.jpg\" srcset=\"https:\/\/www.leccecronaca.it\/wordpress\/wp-content\/uploads\/2017\/06\/im.jpg 400w, https:\/\/www.leccecronaca.it\/wordpress\/wp-content\/uploads\/2017\/06\/im-300x225.jpg 300w\" sizes=\"(max-width: 400px) 100vw, 400px\" \/>Riceviamo\u00a0e volentieri pubblichiamo il seguente comunicato______<\/p>\n<p><em>Il modello industriale Colacem sar\u00e0 uno dei protagonisti al Green Social Festival che si svolger\u00e0 per l\u2019intera giornata di marted\u00ec 6 giugno al Teatro Galli di Rimini con la presenza del Ministro dell\u2019Ambiente Gian Luca Galletti.\u00a0<\/em><\/p>\n<p><em>Il Festival vuol mettere in luce il ruolo primario che l\u2019Italia potr\u00e0 recitare nel panorama economico e culturale dei prossimi anni. Lo dovr\u00e0 fare prendendo spunto, oltre che dalle proprie eccellenze, dagli auspici di Papa Francesco, secondo il quale l\u2019economia deve ispirarsi a equit\u00e0, sostenibilit\u00e0 e bellezza per poter rispondere ai consumatori globali del XXI secolo.\u00a0<\/em><\/p>\n<p><em>Sulla base di questi valori, sar\u00e0 Cristina Colaiacovo, in rappresentanza di Colacem, terzo produttore italiano di cemento, a raccontare la propria azienda durante il talk show \u201cSviluppo e Infrastrutture Sostenibili\u201d, che prender\u00e0 avvio alle ore 17.20.\u00a0<\/em><\/p>\n<p><em>Le infrastrutture sono essenziali per la qualit\u00e0 della vita degli abitanti del pianeta. Strade, ferrovie, porti, scuole, ospedali, reti elettriche e delle telecomunicazioni sono il fondamento di ogni possibile progresso economico, sociale e ambientale, come sottolineato dall\u2019Onu. Non a caso, le infrastrutture vengono sempre poste in relazione al grado di civilt\u00e0 e di competitivit\u00e0 economica di un Paese.\u00a0<\/em><\/p>\n<p><em>Il cemento \u00e8 materiale essenziale per realizzarle ed \u00e8 necessario che venga prodotto in modo sostenibile. Colacem da sempre \u00e8 interprete della sostenibilit\u00e0 non come semplice filosofia ma come concreto agire: produce cementi di alta qualit\u00e0 in impianti industriali moderni ed efficienti, che adottano le migliori tecniche disponibili e pongono la massima attenzione verso ambiente e territori.\u00a0<\/em><\/p>\n<p><em>Con Cristina Colaiacovo saranno presenti, Edoardo Zanchini, vice Presidente Legambiente, Elena Fabbri, Professore ordinario dipartimento di scienze biologiche, geologiche e ambientali Universit\u00e0 di Bologna Campus di Ravenna, Antonio Penso, Direttore Fondazione Flaminia. Conduce Enrico Fontana.______<\/em><\/p>\n<p>(g.p.)______<\/p>\n<p>Il 4 dicembre scorso, come sostenevano gli organizzatori, il <strong>Centro Servizi Volontariato<\/strong> e l&#8217; associazione &#8216;Nuova Messapia&#8217;,\u00a0del convegno &#8216;Che aria tira nel Salento&#8217;, un vero e proprio allarme, citato, fra gli altri, dal dottor Giuseppe Serravezza: <em>\u201cSoleto, Galatina, Sogliano Cavour, Zollino, Sternatia, Cutrofiano e San Donato di Lecce sono realt\u00e0 colpite da una forte pressione industriale produttrice di altissime emissioni inquinanti insalubri, da cave, bitumifici, fonderie, zincherie, discariche, e altro. Emissioni che si ripercuotono sull\u2019ambiente e, soprattutto, sulla perdita di Salute tra i cittadini con l\u2019insorgenza di malattie gravissime degenerative e non di rado letali.\u00a0<\/em><\/p>\n<p><em>Proprio in questi giorni si \u00e8 svolto il primo incontro presso la Provincia di Lecce della Conferenza dei Servizi per il rinnovo dell\u2019AIA (Autorizzazione Integrata Ambientale) richiesto dal mega-cementificio Colacem di Galatina per l\u2019 innalzamento di altri dieci metri della mastodontica ciminiera per giungere la quota di ben cento metri, un opificio insalubre che opera da oltre sessanta anni, consumando suolo al ritmo attuale di cinquecento tonnellate giorno e emettendo fumi industriali venefici da quarantotto punti ventiquattro ore al gior<\/em>no&#8221;.<\/p>\n<p>***<\/p>\n<p>Il 7 marzo la senatrice\u00a0leccese del M5S <strong>Daniela Donno\u00a0<\/strong>presenta un&#8217; interrogazione parlamentare,\u00a0a seguito della convocazione\u00a0della conferenza dei servizi in cui si \u00e8 discusso anche del riesame dell\u2019Autorizzazione integrata ambientale (AIA) dello stabilimento pugliese: <em>&#8220;Chiediamo al ministro dell&#8217;Ambiente quali urgenti misure intenda adottare per approntare un controllo rigoroso e continuativo sul rispetto dei limiti di legge riguardanti le emissioni inquinanti dello stabilimento.<\/em><\/p>\n<p><em>Non \u00e8 un caso che lo scorso febbraio, in occasione della presentazione del report ambiente e salute in provincia di Lecce, proprio il direttore del dipartimento di prevenzione della Asl locale rappresentasse la necessit\u00e0 di fare analisi specifiche a tutela della salute della popolazione che vive nelle province investite dal particolato primario e secondario\u00a0 del cementificio Colacem di Galatina, della centrale termoelettrica di Cerano, dell&#8217;Ilva.<\/em><\/p>\n<p><em>A questo punto, \u00e8 fondamentale chiarire in modo univoco le conseguenze sanitarie e ambientali derivanti dai fenomeni di combustione, anche al fine di limitare l&#8217;attivit\u00e0, la produzione e la durata dell&#8217;impianto. Uno dei nostri intenti, inoltre, \u00e8 quello di sollecitare studi, monitoraggi ed analisi che ci forniscano dati aggiornati sugli elementi inquinanti riscontrati anche nelle aree attigue alla Colacem di Galatina.\u00a0Considerata la presenza di altri siti industriali, l&#8217;impatto cumulativo pu\u00f2 essere davvero disastroso. Questa continua aggressione del territorio che si serve, indiscriminatamente, di fattori contaminanti in espansione sta trasformando, anno dopo anno, il Salento in una discarica a cielo aperto&#8221;.<\/em><\/p>\n<p>***<\/p>\n<p>In sede appunto di Conferenza dei servizi la Colacem di Galatina promise interventi per adeguare l\u2019impianto alle migliori tecniche disponibili in vista del rinnovo dell\u2019Aia decennale.<\/p>\n<p>Promise.<\/p>\n<p>Da anni\u00a0 la Colacem utilizza vari composti nel ciclo produttivo, dalle polveri di Cerano agli scarti di fonderia.<\/p>\n<p>Poi, l&#8217; azienda annunci\u00f2\u00a0l\u2019installazione di un ulteriore filtro sul\u00a0camino principale alto 90 metri collegato all\u2019altoforno in cui va in cottura la materia prima a 1.500 gradi, alzando la torre di altri dieci metri.<\/p>\n<p>Annunci\u00f2.<\/p>\n<p>Arriva oggi la notizia che sar\u00e0 la Colacem, che opera nel Salento martoriato dalle emissioni nocive, chiss\u00e0 da quando diventata un modello, a insegnare agli altri come si fa un&#8217; economia ispirata<em>\u00a0a &#8220;equit\u00e0, sostenibilit\u00e0 e bellezza&#8221;, <\/em>in una rassegna &#8216;ecologica&#8217;, poi pure &#8216;social&#8217;, oltre che &#8216;green&#8217;, sotto l&#8217; egida del ministro Galletti. Ma non con le ceneri di Gramsci, con le ceneri di Cerano. ______<\/p>\n<p>LA REPLICA dell&#8217; azienda nel nostro articolo del 9 giugno<\/p>\n<p><a href=\"https:\/\/www.leccecronaca.it\/index.php\/2017\/06\/09\/diritto-di-replica-la-colacem-rispettiamo-la-legge-e-l-ambiente\/\">https:\/\/www.leccecronaca.it\/index.php\/2017\/06\/09\/diritto-di-replica-la-colacem-rispettiamo-la-legge-e-l-ambiente\/<\/a><\/p>\n<p>&nbsp;<\/p>\n<fb:like href='https:\/\/www.leccecronaca.it\/index.php\/2017\/06\/05\/la-colacem-di-galatina-e-diventata-un-modello-docente-di-economia-green-social-e-rispettosa-del-territorio-parola-di-ministro\/' send='true' layout='button_count' show_faces='true' width='450' height='65' action='recommend' colorscheme='light' font='lucida grande'><\/fb:like><span class=\"fb_share\"><fb:like href=\"https:\/\/www.leccecronaca.it\/index.php\/2017\/06\/05\/la-colacem-di-galatina-e-diventata-un-modello-docente-di-economia-green-social-e-rispettosa-del-territorio-parola-di-ministro\/\" layout=\"button_count\"><\/fb:like><\/span>","protected":false},"excerpt":{"rendered":"<p>Riceviamo\u00a0e volentieri pubblichiamo il seguente comunicato______ Il modello industriale Colacem sar\u00e0 uno dei protagonisti al Green Social Festival che si svolger\u00e0 per l\u2019intera giornata di marted\u00ec 6 giugno al Teatro Galli di Rimini con la presenza del Ministro dell\u2019Ambiente Gian Luca Galletti.\u00a0 Il Festival vuol mettere in luce il ruolo primario che l\u2019Italia potr\u00e0 recitare [&hellip;]<\/p>\n","protected":false},"author":4,"featured_media":119725,"comment_status":"open","ping_status":"closed","sticky":false,"template":"","format":"standard","meta":[],"categories":[69,76],"tags":[],"_links":{"self":[{"href":"https:\/\/www.leccecronaca.it\/index.php\/wp-json\/wp\/v2\/posts\/119724"}],"collection":[{"href":"https:\/\/www.leccecronaca.it\/index.php\/wp-json\/wp\/v2\/posts"}],"about":[{"href":"https:\/\/www.leccecronaca.it\/index.php\/wp-json\/wp\/v2\/types\/post"}],"author":[{"embeddable":true,"href":"https:\/\/www.leccecronaca.it\/index.php\/wp-json\/wp\/v2\/users\/4"}],"replies":[{"embeddable":true,"href":"https:\/\/www.leccecronaca.it\/index.php\/wp-json\/wp\/v2\/comments?post=119724"}],"version-history":[{"count":11,"href":"https:\/\/www.leccecronaca.it\/index.php\/wp-json\/wp\/v2\/posts\/119724\/revisions"}],"predecessor-version":[{"id":120066,"href":"https:\/\/www.leccecronaca.it\/index.php\/wp-json\/wp\/v2\/posts\/119724\/revisions\/120066"}],"wp:featuredmedia":[{"embeddable":true,"href":"https:\/\/www.leccecronaca.it\/index.php\/wp-json\/wp\/v2\/media\/119725"}],"wp:attachment":[{"href":"https:\/\/www.leccecronaca.it\/index.php\/wp-json\/wp\/v2\/media?parent=119724"}],"wp:term":[{"taxonomy":"category","embeddable":true,"href":"https:\/\/www.leccecronaca.it\/index.php\/wp-json\/wp\/v2\/categories?post=119724"},{"taxonomy":"post_tag","embeddable":true,"href":"https:\/\/www.leccecronaca.it\/index.php\/wp-json\/wp\/v2\/tags?post=119724"}],"curies":[{"name":"wp","href":"https:\/\/api.w.org\/{rel}","templated":true}]}}