{"id":119890,"date":"2017-06-07T13:26:03","date_gmt":"2017-06-07T11:26:03","guid":{"rendered":"http:\/\/www.leccecronaca.it\/?p=119890"},"modified":"2017-06-07T13:26:03","modified_gmt":"2017-06-07T11:26:03","slug":"marco-nuzzaci-dell-udc-con-alessandro-delli-noci-3","status":"publish","type":"post","link":"https:\/\/www.leccecronaca.it\/index.php\/2017\/06\/07\/marco-nuzzaci-dell-udc-con-alessandro-delli-noci-3\/","title":{"rendered":"MARCO NUZZACI DELL&#8217; UDC CON ALESSANDRO DELLI NOCI"},"content":{"rendered":"<p><img decoding=\"async\" loading=\"lazy\" width=\"300\" height=\"200\" title=\"marco_nuzzaci\" class=\"aligncenter size-medium wp-image-119894\" alt=\"\" src=\"https:\/\/www.leccecronaca.it\/wordpress\/wp-content\/uploads\/2017\/06\/marco_nuzzaci-300x200.jpg\" srcset=\"https:\/\/www.leccecronaca.it\/wordpress\/wp-content\/uploads\/2017\/06\/marco_nuzzaci-300x200.jpg 300w, https:\/\/www.leccecronaca.it\/wordpress\/wp-content\/uploads\/2017\/06\/marco_nuzzaci.jpg 600w\" sizes=\"(max-width: 300px) 100vw, 300px\" \/>Riceviamo e volentieri pubblichiamo. Il candidato al consiglio comunale Marco Nuzzaci (nella foto) dell&#8217; Udc ci manda il seguente comunicato______<\/p>\n<p>San Ligorio merita pi\u00f9 rispetto.<\/p>\n<p>Nel corso di questa campagna elettorale ho fin qui sentito, da chi sino all&#8217;altro ieri ci ha amministrato e si \u00e8 ricandidato, \u00abFaremo questo e anche quest&#8217;altro\u00bb. Scusate, ma in questi ultimi vent&#8217;anni dove siete stati?<\/p>\n<p>A San Ligorio, altra tappa del mio ascolto con i cittadini leccesi, i residente stanno ancora attendendo la metanizzazione. Non \u00e8 pi\u00f9 accettabile tant&#8217;\u00e8 che, riformulando uno slogan di un candidato a queste elezioni comunali, non resta che scrivere: \u00abFermiamoli, ora!\u00bb<\/p>\n<p>Infatti a San Ligorio, nella lista degli interventi non eseguiti, ci sono anche le criticit\u00e0 legate all&#8217;acqua, fogna e viabilit\u00e0 di via Roggerone. Una strada, questa, di congiunzione tra Frigole e San Cataldo, sempre trafficatissima, di cui dovrebbe prevedersi l&#8217;allargamento, a beneficio di una maggiore sicurezza stradale.<\/p>\n<p>Sarebbe inoltre necessaria la realizzazione di un parco giochi attrezzato per i bambini essendo San Ligorio abitato da numerose famiglie costrette a spostarsi in altri parchi urbani.<\/p>\n<p>E&#8217; tempo di dire basta alla mancanza di questi diritti cos\u00ec come a San Ligorio e nel resto dei tanti, troppi, luoghi dimenticati della citt\u00e0 da questa amministrazione uscente.<\/p>\n<p>Ancora pochi giorni e poi, dopo vent&#8217;anni, si potr\u00e0 finalmente cambiare rotta perch\u00e9 i cittadini leccesi sono stufi di stare in Serie C anche dal punto di vista amministrativo.<\/p>\n<p>&nbsp;<\/p>\n<p>&nbsp;<\/p>\n<p>&nbsp;<\/p>\n<fb:like href='https:\/\/www.leccecronaca.it\/index.php\/2017\/06\/07\/marco-nuzzaci-dell-udc-con-alessandro-delli-noci-3\/' send='true' layout='button_count' show_faces='true' width='450' height='65' action='recommend' colorscheme='light' font='lucida grande'><\/fb:like><span class=\"fb_share\"><fb:like href=\"https:\/\/www.leccecronaca.it\/index.php\/2017\/06\/07\/marco-nuzzaci-dell-udc-con-alessandro-delli-noci-3\/\" layout=\"button_count\"><\/fb:like><\/span>","protected":false},"excerpt":{"rendered":"<p>Riceviamo e volentieri pubblichiamo. Il candidato al consiglio comunale Marco Nuzzaci (nella foto) dell&#8217; Udc ci manda il seguente comunicato______ San Ligorio merita pi\u00f9 rispetto. Nel corso di questa campagna elettorale ho fin qui sentito, da chi sino all&#8217;altro ieri ci ha amministrato e si \u00e8 ricandidato, \u00abFaremo questo e anche quest&#8217;altro\u00bb. Scusate, ma in [&hellip;]<\/p>\n","protected":false},"author":4,"featured_media":119894,"comment_status":"open","ping_status":"closed","sticky":false,"template":"","format":"standard","meta":[],"categories":[76,36],"tags":[],"_links":{"self":[{"href":"https:\/\/www.leccecronaca.it\/index.php\/wp-json\/wp\/v2\/posts\/119890"}],"collection":[{"href":"https:\/\/www.leccecronaca.it\/index.php\/wp-json\/wp\/v2\/posts"}],"about":[{"href":"https:\/\/www.leccecronaca.it\/index.php\/wp-json\/wp\/v2\/types\/post"}],"author":[{"embeddable":true,"href":"https:\/\/www.leccecronaca.it\/index.php\/wp-json\/wp\/v2\/users\/4"}],"replies":[{"embeddable":true,"href":"https:\/\/www.leccecronaca.it\/index.php\/wp-json\/wp\/v2\/comments?post=119890"}],"version-history":[{"count":1,"href":"https:\/\/www.leccecronaca.it\/index.php\/wp-json\/wp\/v2\/posts\/119890\/revisions"}],"predecessor-version":[{"id":119895,"href":"https:\/\/www.leccecronaca.it\/index.php\/wp-json\/wp\/v2\/posts\/119890\/revisions\/119895"}],"wp:featuredmedia":[{"embeddable":true,"href":"https:\/\/www.leccecronaca.it\/index.php\/wp-json\/wp\/v2\/media\/119894"}],"wp:attachment":[{"href":"https:\/\/www.leccecronaca.it\/index.php\/wp-json\/wp\/v2\/media?parent=119890"}],"wp:term":[{"taxonomy":"category","embeddable":true,"href":"https:\/\/www.leccecronaca.it\/index.php\/wp-json\/wp\/v2\/categories?post=119890"},{"taxonomy":"post_tag","embeddable":true,"href":"https:\/\/www.leccecronaca.it\/index.php\/wp-json\/wp\/v2\/tags?post=119890"}],"curies":[{"name":"wp","href":"https:\/\/api.w.org\/{rel}","templated":true}]}}