{"id":119990,"date":"2017-06-09T12:14:31","date_gmt":"2017-06-09T10:14:31","guid":{"rendered":"http:\/\/www.leccecronaca.it\/?p=119990"},"modified":"2017-06-13T09:22:12","modified_gmt":"2017-06-13T07:22:12","slug":"la-politica-dovrebbe-controllare-e-coordinare-a-favore-della-comunita-anche-le-attivita-turistiche-a-brindisi-manca-anche-in-questo","status":"publish","type":"post","link":"https:\/\/www.leccecronaca.it\/index.php\/2017\/06\/09\/la-politica-dovrebbe-controllare-e-coordinare-a-favore-della-comunita-anche-le-attivita-turistiche-a-brindisi-manca-anche-in-questo\/","title":{"rendered":"LA POLITICA DOVREBBE CONTROLLARE E COORDINARE A FAVORE DELLA COMUNITA&#8217; ANCHE LE ATTIVITA&#8217; TURISTICHE. A BRINDISI MANCA ANCHE IN QUESTO"},"content":{"rendered":"<p><img decoding=\"async\" loading=\"lazy\" width=\"720\" height=\"540\" title=\"ajaxmail\" class=\"aligncenter size-full wp-image-119991\" alt=\"\" src=\"https:\/\/www.leccecronaca.it\/wordpress\/wp-content\/uploads\/2017\/06\/ajaxmail1.jpg\" srcset=\"https:\/\/www.leccecronaca.it\/wordpress\/wp-content\/uploads\/2017\/06\/ajaxmail1.jpg 720w, https:\/\/www.leccecronaca.it\/wordpress\/wp-content\/uploads\/2017\/06\/ajaxmail1-300x225.jpg 300w, https:\/\/www.leccecronaca.it\/wordpress\/wp-content\/uploads\/2017\/06\/ajaxmail1-400x300.jpg 400w\" sizes=\"(max-width: 720px) 100vw, 720px\" \/>Riceviamo e volentieri pubblichiamo. Il presidente Comunit\u00e0 Ellenica del Grande Salento Ioannis Danilis ci scrive______<\/p>\n<p>Ogni Citt\u00e0 ha il sindaco ma anche il commissario che merita.<\/p>\n<p>Silenzio. Tutto tace. Mi chiedo come mai nessuno parli pi\u00f9 della tragica situazione nella quale versa perennemente la nostra amata citt\u00e0.<\/p>\n<p>Dopo la carrellata dei soliti opinionisti, di quelli che o per ruolo o per vizio acquisito negli anni, hanno dovuto dire la loro muovendo l\u2019indice uno contro l\u2019altro, dopo una inspiegabile orgogliosa euforia generale per l\u2019arrivo del commissario prefettizio Giuffr\u00e8, dopo tutto questo, il silenzio pi\u00f9 assordante e lo spostarsi dell\u2019interesse generale sulla XXXII edizione della storica Regata Brindisi Corf\u00f9 abbinata quest\u2019anno con la neonata \u201cVinus Terrae\u201d che ha sostituito il ben noto e famigerato \u00abNegramaro wine festival\u00bb.<\/p>\n<p>Insomma nel momento giusto \u00e8 arrivata in soccorso la classica offerta di \u201cPanem et circenses\u201d per distrare piacevolmente un po tutti: popolo, politici, nani e ballerine\u2026<\/p>\n<p>Comunque va detto che quest\u2019anno la gestione dei due eventi sul lungomare di Brindisi \u00e8 stata di ottimo livello. Efficiente organizzazione, eventi collaterali di spessore ed un&#8217;ordinata partecipazione sia degli animatori delle chermes in programma, sia del pubblico.<\/p>\n<p>Un plauso quindi agli organizzatori, agli imprenditori locali: Teo Titi agente marittimo, Giuseppe Danese cantieristica navale, Luigi Rubino imprenditore vinicolo, Pierangelo Argentieri albergatore. Se non lasciavano per tutta la manifestazione la bandiera greca capovolta tra due bandiere italiane sul lungomare (nella foto) potevamo parlare di perfezione.Ma si sa questa caratteristica non appartiene agli umani e quindi\u2026 tutti promossi!<\/p>\n<p>Ora a constatare che la politica per lo sviluppo turistico del territorio viene ideata e realizzata da imprenditori riuniti in consorzio, se da una parte fa piacere e lascia ben sperare, dall\u2019altra fa riflettere o meglio fa notare una grande assente fondamentale nell\u2019ambito di queste iniziative, ossia la politica espressa attraverso le istituzioni locali.<\/p>\n<p>E non parlo di loghi sui manifesti o minimi contributi erogati. Parlo di sinergie, coordinamento e controllo. Insomma tutto ci\u00f2 che dev\u2019essere a garanzia dello sviluppo simmetrico e trasparente a favore della collettivit\u00e0 e del territorio tutto.<\/p>\n<p>Questo \u00e8 mancato. E\u2019 sempre mancato, cio\u00e8 non ha che fare con il commissariamento attuale di Brindisi. Anche perch\u00e9 eventi, iniziative del genere vanno inseriti in un programma pluriennale. Quindi nessun alibi. La verit\u00e0 vera \u00e8 che sia Brindisi sia Corf\u00f9, come citt\u00e0, come istituzioni, come politica sono purtroppo indifferenti innanzi ad occasioni di questa portata.<\/p>\n<p>La mia Comunit\u00e0 Ellenica negli anni ha fatto delle proposte, che non sto qui a ripetere, ha messo di propria iniziativa pi\u00f9 di una volta in contatto ufficiale le due amministrazioni con la speranza di far nascere una stretta collaborazione su queste tematiche.<\/p>\n<p>Tutto \u00e8 rimasto sulle carte, anzi, neanche sulle carte, a parole!<\/p>\n<p>Deluso? In parte\u2026 Ma consapevole che si deve insistere sulla via delle sinergie, perch\u00e9 non ci sono altre alternative. Insisteremo. Con la speranza che la citt\u00e0 di Brindisi riacquista, nel frattempo, la sua dignit\u00e0.<\/p>\n<p>Il fatto che dopo aver defenestrato la sindaca Carluccio ci hanno inviato come commissario prefettizio un poliziotto dell\u2019antimafia di primissimo ordine pu\u00f2 anche essere il motivo per un sospiro di sollievo, ma non pu\u00f2 essere di certo motivo di festeggiamenti.<\/p>\n<p>Anche perch\u00e9 ogni citt\u00e0 ha non solo il sindaco, ma anche il commissario prefettizio che merita. E non so se ci\u00f2 rende l\u2019idea sulla seriet\u00e0 della cosa.<\/p>\n<p>&nbsp;<\/p>\n<p>&nbsp;<\/p>\n<fb:like href='https:\/\/www.leccecronaca.it\/index.php\/2017\/06\/09\/la-politica-dovrebbe-controllare-e-coordinare-a-favore-della-comunita-anche-le-attivita-turistiche-a-brindisi-manca-anche-in-questo\/' send='true' layout='button_count' show_faces='true' width='450' height='65' action='recommend' colorscheme='light' font='lucida grande'><\/fb:like><span class=\"fb_share\"><fb:like href=\"https:\/\/www.leccecronaca.it\/index.php\/2017\/06\/09\/la-politica-dovrebbe-controllare-e-coordinare-a-favore-della-comunita-anche-le-attivita-turistiche-a-brindisi-manca-anche-in-questo\/\" layout=\"button_count\"><\/fb:like><\/span>","protected":false},"excerpt":{"rendered":"<p>Riceviamo e volentieri pubblichiamo. Il presidente Comunit\u00e0 Ellenica del Grande Salento Ioannis Danilis ci scrive______ Ogni Citt\u00e0 ha il sindaco ma anche il commissario che merita. Silenzio. Tutto tace. Mi chiedo come mai nessuno parli pi\u00f9 della tragica situazione nella quale versa perennemente la nostra amata citt\u00e0. Dopo la carrellata dei soliti opinionisti, di quelli [&hellip;]<\/p>\n","protected":false},"author":4,"featured_media":119991,"comment_status":"open","ping_status":"closed","sticky":false,"template":"","format":"standard","meta":[],"categories":[36],"tags":[],"_links":{"self":[{"href":"https:\/\/www.leccecronaca.it\/index.php\/wp-json\/wp\/v2\/posts\/119990"}],"collection":[{"href":"https:\/\/www.leccecronaca.it\/index.php\/wp-json\/wp\/v2\/posts"}],"about":[{"href":"https:\/\/www.leccecronaca.it\/index.php\/wp-json\/wp\/v2\/types\/post"}],"author":[{"embeddable":true,"href":"https:\/\/www.leccecronaca.it\/index.php\/wp-json\/wp\/v2\/users\/4"}],"replies":[{"embeddable":true,"href":"https:\/\/www.leccecronaca.it\/index.php\/wp-json\/wp\/v2\/comments?post=119990"}],"version-history":[{"count":3,"href":"https:\/\/www.leccecronaca.it\/index.php\/wp-json\/wp\/v2\/posts\/119990\/revisions"}],"predecessor-version":[{"id":120257,"href":"https:\/\/www.leccecronaca.it\/index.php\/wp-json\/wp\/v2\/posts\/119990\/revisions\/120257"}],"wp:featuredmedia":[{"embeddable":true,"href":"https:\/\/www.leccecronaca.it\/index.php\/wp-json\/wp\/v2\/media\/119991"}],"wp:attachment":[{"href":"https:\/\/www.leccecronaca.it\/index.php\/wp-json\/wp\/v2\/media?parent=119990"}],"wp:term":[{"taxonomy":"category","embeddable":true,"href":"https:\/\/www.leccecronaca.it\/index.php\/wp-json\/wp\/v2\/categories?post=119990"},{"taxonomy":"post_tag","embeddable":true,"href":"https:\/\/www.leccecronaca.it\/index.php\/wp-json\/wp\/v2\/tags?post=119990"}],"curies":[{"name":"wp","href":"https:\/\/api.w.org\/{rel}","templated":true}]}}