{"id":120059,"date":"2017-06-09T18:19:54","date_gmt":"2017-06-09T16:19:54","guid":{"rendered":"http:\/\/www.leccecronaca.it\/?p=120059"},"modified":"2017-06-13T09:23:36","modified_gmt":"2017-06-13T07:23:36","slug":"diritto-di-replica-la-colacem-rispettiamo-la-legge-e-l-ambiente","status":"publish","type":"post","link":"https:\/\/www.leccecronaca.it\/index.php\/2017\/06\/09\/diritto-di-replica-la-colacem-rispettiamo-la-legge-e-l-ambiente\/","title":{"rendered":"DIRITTO DI REPLICA \/ LA COLACEM: &#8220;Rispettiamo la legge e l&#8217; ambiente. Siamo aperti e trasparenti&#8221;"},"content":{"rendered":"<p><img decoding=\"async\" loading=\"lazy\" width=\"300\" height=\"208\" title=\"GalatinaColacem1\" class=\"aligncenter size-medium wp-image-120060\" alt=\"\" src=\"https:\/\/www.leccecronaca.it\/wordpress\/wp-content\/uploads\/2017\/06\/GalatinaColacem1-300x208.jpg\" \/>Riceviamo e volentieri pubblichiamo. La Colacem S.p.a &#8211; Direzione Comunicazione &#8211; ci scrive______<\/p>\n<p>Gentile Direttore,<\/p>\n<p>abbiamo letto con sorpresa il suo commento in merito alla partecipazione di Colacem al Green Social Festival di Rimini.<\/p>\n<p>Teniamo a sottolineare che Colacem \u00e8 stata invitata al suddetto evento perch\u00e9 da oltre cinquanta anni investe nelle migliori tecnologie disponibili in grado di garantire oltre che la qualit\u00e0 del cemento (prodotto fondamentale per lo sviluppo economico dei paesi civili \u2013immaginiamo che la sua casa sia fatta di cemento!) anche efficienza energetica, sicurezza e salute nei luoghi di lavoro e rispetto dell\u2019ambiente e dei territori, minimizzando le emissioni ben al di sotto dei limiti consentiti dalla legge.<\/p>\n<p>Questo \u00e8 il punto: qualsiasi attivit\u00e0 dell\u2019uomo ha impatti sull\u2019ambiente.<\/p>\n<p>Tutto dipende dalla quantit\u00e0 di ci\u00f2 che si emette ed \u00e8 per questo che i paesi civili hanno stabilito leggi e regolamenti che disciplinano le modalit\u00e0 e i luoghi in cui si pu\u00f2 fumare sigarette, si pu\u00f2 circolare con le automobili e si pu\u00f2 fare industria. Solo la legge, che si basa su ricerche scientifiche serie, pu\u00f2 stabilire cosa sia inquinante o meno, non le opinioni personali.<\/p>\n<p>Colacem, i limiti di legge non solo li rispetta, ma produce cemento collocandosi ben al di sotto di tali limiti, poich\u00e9 l\u2019unico modo di fare economia \u00e8 rispettare le persone e l\u2019ambiente. Questo avviene non solo a Galatina, dove lo stabilimento Colacem \u00e8 riconosciuto come uno dei pi\u00f9 tecnologicamente avanzati al mondo, ma ovunque l\u2019azienda operi.<\/p>\n<p>Colacem pone la sostenibilit\u00e0 al centro della propria vision.<\/p>\n<p>Infine, ci sorge forte il dubbio che non sempre si conoscano le leggi che un impianto industriale DEVE rispettare, se pensiamo che il recupero di residui industriali (come ceneri volanti, scarti di fonderia, ecc.), che per l\u2019Europa \u00e8 una buona pratica da incentivare in nome di quell\u2019economia circolare a cui tutti aspirano, per qualcuno trattasi di un\u2019ulteriore forma di inquinamento. In realt\u00e0, recuperando rifiuti non pericolosi nel ciclo produttivo del cemento, si evita ulteriore utilizzo di materie prime naturali e si evita che questi residui industriali finiscano in discarica, quella s\u00ec vera e propria fonte di inquinamento.<\/p>\n<p>Per non dilungarsi troppo, la informiamo che tali argomenti sono trattati nel Rapporto di Sostenibilit\u00e0 che ogni anno Colacem redige, scaricabile dal sito web aziendale e che la invitiamo pertanto a leggere.<\/p>\n<p>La nostra azienda \u00e8 sempre aperta al dialogo costruttivo e trasparente con tutti, aperti sono anche i nostri stabilimenti produttivi, in primis Galatina (uno dei nostri fiori all\u2019occhiello), a quanti lo vogliano visitare per vedere con i propri occhi la realt\u00e0 delle cose.<\/p>\n<p>Cordiali saluti<\/p>\n<p>Galatina, 9 giugno 2017______<\/p>\n<p>LA RICERCA nel nostro articolo del 5 giugno<\/p>\n<p><a href=\"https:\/\/www.leccecronaca.it\/index.php\/2017\/06\/05\/la-colacem-di-galatina-e-diventata-un-modello-docente-di-economia-green-social-e-rispettosa-del-territorio-parola-di-ministro\/\">https:\/\/www.leccecronaca.it\/index.php\/2017\/06\/05\/la-colacem-di-galatina-e-diventata-un-modello-docente-di-economia-green-social-e-rispettosa-del-territorio-parola-di-ministro\/<\/a><\/p>\n<p>&nbsp;<\/p>\n<p align=\"right\">\n<fb:like href='https:\/\/www.leccecronaca.it\/index.php\/2017\/06\/09\/diritto-di-replica-la-colacem-rispettiamo-la-legge-e-l-ambiente\/' send='true' layout='button_count' show_faces='true' width='450' height='65' action='recommend' colorscheme='light' font='lucida grande'><\/fb:like><span class=\"fb_share\"><fb:like href=\"https:\/\/www.leccecronaca.it\/index.php\/2017\/06\/09\/diritto-di-replica-la-colacem-rispettiamo-la-legge-e-l-ambiente\/\" layout=\"button_count\"><\/fb:like><\/span>","protected":false},"excerpt":{"rendered":"<p>Riceviamo e volentieri pubblichiamo. La Colacem S.p.a &#8211; Direzione Comunicazione &#8211; ci scrive______ Gentile Direttore, abbiamo letto con sorpresa il suo commento in merito alla partecipazione di Colacem al Green Social Festival di Rimini. Teniamo a sottolineare che Colacem \u00e8 stata invitata al suddetto evento perch\u00e9 da oltre cinquanta anni investe nelle migliori tecnologie disponibili [&hellip;]<\/p>\n","protected":false},"author":4,"featured_media":120060,"comment_status":"open","ping_status":"closed","sticky":false,"template":"","format":"standard","meta":[],"categories":[69,76],"tags":[],"_links":{"self":[{"href":"https:\/\/www.leccecronaca.it\/index.php\/wp-json\/wp\/v2\/posts\/120059"}],"collection":[{"href":"https:\/\/www.leccecronaca.it\/index.php\/wp-json\/wp\/v2\/posts"}],"about":[{"href":"https:\/\/www.leccecronaca.it\/index.php\/wp-json\/wp\/v2\/types\/post"}],"author":[{"embeddable":true,"href":"https:\/\/www.leccecronaca.it\/index.php\/wp-json\/wp\/v2\/users\/4"}],"replies":[{"embeddable":true,"href":"https:\/\/www.leccecronaca.it\/index.php\/wp-json\/wp\/v2\/comments?post=120059"}],"version-history":[{"count":7,"href":"https:\/\/www.leccecronaca.it\/index.php\/wp-json\/wp\/v2\/posts\/120059\/revisions"}],"predecessor-version":[{"id":120259,"href":"https:\/\/www.leccecronaca.it\/index.php\/wp-json\/wp\/v2\/posts\/120059\/revisions\/120259"}],"wp:featuredmedia":[{"embeddable":true,"href":"https:\/\/www.leccecronaca.it\/index.php\/wp-json\/wp\/v2\/media\/120060"}],"wp:attachment":[{"href":"https:\/\/www.leccecronaca.it\/index.php\/wp-json\/wp\/v2\/media?parent=120059"}],"wp:term":[{"taxonomy":"category","embeddable":true,"href":"https:\/\/www.leccecronaca.it\/index.php\/wp-json\/wp\/v2\/categories?post=120059"},{"taxonomy":"post_tag","embeddable":true,"href":"https:\/\/www.leccecronaca.it\/index.php\/wp-json\/wp\/v2\/tags?post=120059"}],"curies":[{"name":"wp","href":"https:\/\/api.w.org\/{rel}","templated":true}]}}