{"id":120489,"date":"2017-06-17T15:01:39","date_gmt":"2017-06-17T13:01:39","guid":{"rendered":"http:\/\/www.leccecronaca.it\/?p=120489"},"modified":"2017-06-22T09:47:24","modified_gmt":"2017-06-22T07:47:24","slug":"mercoledi-21-giugno-il-festival-classiche-forme-di-spingano-apre-con-lo-spettacolo-dedicato-a-tito-schipa-da-francesco-e-matteo-spedicato","status":"publish","type":"post","link":"https:\/\/www.leccecronaca.it\/index.php\/2017\/06\/17\/mercoledi-21-giugno-il-festival-classiche-forme-di-spingano-apre-con-lo-spettacolo-dedicato-a-tito-schipa-da-francesco-e-matteo-spedicato\/","title":{"rendered":"MERCOLEDI&#8217; 21 GIUGNO IL FESTIVAL &#8216;CLASSICHE FORME&#8217; DI SPINGANO APRE CON LO SPETTACOLO DEDICATO A TITO SCHIPA DA  FRANCESCO E MATTEO SPEDICATO"},"content":{"rendered":"<p><img decoding=\"async\" loading=\"lazy\" width=\"834\" height=\"616\" title=\"M\" class=\"aligncenter size-full wp-image-120490\" alt=\"\" src=\"https:\/\/www.leccecronaca.it\/wordpress\/wp-content\/uploads\/2017\/06\/M.png\" srcset=\"https:\/\/www.leccecronaca.it\/wordpress\/wp-content\/uploads\/2017\/06\/M.png 834w, https:\/\/www.leccecronaca.it\/wordpress\/wp-content\/uploads\/2017\/06\/M-300x222.png 300w, https:\/\/www.leccecronaca.it\/wordpress\/wp-content\/uploads\/2017\/06\/M-768x567.png 768w\" sizes=\"(max-width: 834px) 100vw, 834px\" \/>di <strong>Azzurra De Razza______<\/strong><\/p>\n<p>Mercoled\u00ec 21 giugno 2017, ore 20.30, al\u00a0Teatro Ipogeo \u201cBacile\u201d di Spongano, va in scena\u00a0\u201cTITO &#8211; Il cantante piccoletto\u201d,\u00a0per l\u2019Anteprima di\u00a0CLASSICHE FORME.<\/p>\n<p>Il Festival Internazionale di Musica da Camera diretto da Beatrice Rana celebra la Festa Europea della Musica con lo spettacolo originale dei fratelli Spedicato dedicato a Tito Schipa.<\/p>\n<p>CLASSICHE FORME, il Festival Internazionale di Musica da Camera diretto da Beatrice Rana, in programma dal 7 al 9 luglio prossimi a Spongano regala al pubblico uno speciale concerto in occasione della Festa Europea della Musica.<\/p>\n<p>Per l\u2019Anteprima di Classiche Forme, la pianista 24enne salentina, da poco nominata dal Presidente Sergio Mattarella, Cavaliere della Repubblica Italiana, attualmente impegnata in un tour internazionale in cui presenta le Variazioni Goldberg di Bach, ha scelto il progetto originale di Francesco e Matteo Spedicato, scritto per bambini e ragazzi e dedicato alla figura del grande tenore leccese Tito Schipa.<\/p>\n<p>Il 21 giugno alle ore 20.30 l\u2019Ipogeo \u201cBacile\u201d di Spongano accoglier\u00e0, dunque, il \u201cChildren\u2019s Corner\u201d del Festival Internazionale di Musica da Camera diretto da Beatrice Rana. I riflettori si accenderanno su una speciale messa in scena dello spettacolo \u201cTito \u2013 Il cantante piccoletto\u201d realizzata ad hoc per CLASSICHE FORME e adattata al il piccolo e suggestivo teatro sotterraneo che la ospiter\u00e0.<\/p>\n<p>\u201cTito \u2013 Il cantante piccoletto\u201d racconta con fantasia e brio la vita e i successi dell\u2019Usignolo leccese, con testi e musica interamente scritti dai maestri Matteo e Francesco Spedicato (nella foto), con arrangiamenti e orchestrazioni del Maestro Eliseo Castrignan\u00f2.<\/p>\n<p>A Spongano si rivivr\u00e0 la magia dello spettacolo andato in scena nei teatri lo scorso aprile, per la regia di Giovanni Guarino, questa volta attraverso un live show \u201cspecial edition\u201d che vedr\u00e0 direttamente sul palco Francesco e Matteo Spedicato. Accanto a loro Claudia Presicci, 16enne di Galatina, interprete di grande talento e carisma, e Luigi Giungato, speciale animatore del \u201cToto Show\u201d, partecipassimo momento dello spettacolo. Narratore sar\u00e0 come sempre l\u2019attore Fausto Romano.<\/p>\n<p>Anche in questa occasione protagonista sar\u00e0 l\u2019Orpheo Ensemble, formazione giovanile (venti elementi) interamente composta da talenti del territorio salentino selezionati tramite bando e audizioni. Per l\u2019Anteprima di CLASSICHE FORME si esibir\u00e0 in uno specialissimo quartetto, con la partecipazione di Alessandro Gazza alla fisarmonica e Arianna Picci al flauto. La direzione \u00e8 affidata al M\u00b0 Eliseo Castrignan\u00f2.<\/p>\n<p>Non mancheranno le scenografie animate dello spettacolo firmate dai visual artist Piero Schirinzi e Andrea Raho.<\/p>\n<p>L\u2019ingresso \u00e8 gratuito fino ad esaurimento posti.<\/p>\n<p>\u201cTITO &#8211; Il cantante piccoletto\u201d.\u00a0Quello scritto da Francesco e Matteo Spedicato, per l\u2019Associazione \u201cOrpheo per l\u2019alba di domani\u201d, \u00e8 uno spettacolo musicale \u201cinterattivo\u201d, un\u2019opera originale che ha debuttato lo scorso aprile per la prima volta, proprio partendo dal Salento, con l\u2019occhio rivolto soprattutto al pubblico delle scuole, con bambini e ragazzi che diventano parte integrante dello spettacolo.<\/p>\n<p>Al grande tenore i fratelli Spedicato hanno dedicato l\u2019ultimo anno della loro vita, da leccesi ma soprattutto da musicisti, autori e neo &#8220;scommettitori&#8221; culturali, scrivendo un libro\/favola che ne narra la storia (il primo libro bilingue su di lui), portando nelle scuole un percorso didattico di approfondimento delle sue opere, organizzando in suo nome un concorso canoro per bambini i cui vincitori parteciperanno all\u2019incisione, con orchestra e coro, del disco \u201cCanta con Tito\u201d.<\/p>\n<p>Lo spettacolo<strong> \u201cTito \u2013 Il cantante piccol<\/strong>etto\u201d, tratto, appunto, dall\u2019omonimo libro, rappresenta il momento pi\u00f9 intenso del complesso progetto.<\/p>\n<p>\u201c<em>Siamo partiti con l\u2019obiettivo di riaccendere la memoria sull\u2019Usignolo leccese, raccontando ai ragazzi la sua vita e la sua carriera, il suo essere \u201cpop\u201d, cantante lirico e pure divo del cinema, una vera superstar per quei tempi &#8211;<\/em> dicono gli autori, i musicisti leccesi Francesco e Matteo Spedicato &#8211; <em>Ci piace aver visto lo possa essere ancora oggi e ce lo confermano le migliaia di bambini e ragazzi che con noi lo cantano, come fosse il proprio beniamino. Questo ci fa pensare con emozione che la nostra parte l\u2019abbiamo fatta. Ma siamo solo all\u2019inizio\u201d.<\/em><\/p>\n<p>Protagonista dello spettacolo \u00e8 un cast di giovanissimi interpreti selezionati ad hoc, tra cui i\u00a0venti musicisti che ne compongono l\u2019orchestra, l\u2019Orpheo Ensemble. Si tratta di una formazione giovanile interamente composta da talenti del territorio salentino tramite bando e audizioni. La direzione \u00e8 affidata al M\u00b0 Eliseo Castrignan\u00f2, pianista e direttore d\u2019orchestra originario di Calimera, versatile interprete delle maggiori produzioni musicali pugliesi degli ultimi anni, al fianco dei fratelli Spedicato fin dall\u2019avvio del progetto su Schipa, di cui \u00e8 parte integrante.<\/p>\n<p>La regia \u00e8 di<strong> Giovanni Guarino<\/strong>, baritono pugliese, oggi titolare della cattedra di Arte Scenica presso Il Conservatorio \u201cN.Rota\u201d di Monopoli, regista lirico dalla grande esperienza e dalle numerose collaborazioni di prestigio in tutto il mondo.<\/p>\n<p>Ha contribuito a dare all\u2019opera un\u2019impronta di forte emozione e dinamismo:\u00a0&#8220;Abbiamo <em>ripercorso la vita di un uomo magnifico che tanto ha dato a Lecce, e non Lecce a lui. Raccontiamo molto dello Schipa salentino con riferimenti ad infanzia e fanciullezza, in generale una vita di grandi emozioni. Lo spettacolo, nato dalla grande creativit\u00e0 degli Spedicato, scandito dai bellissimi brani originali arrangiati da Castrignan\u00f2, parla ai ragazzi, che vengono, dopo aver letto il libro e imparato le canzoni, per cantare con noi e omaggiare cos\u00ec un grande personaggio non sempre ben celebrato. Noi ci emozioniamo quando in scena ascoltiamo la voce di Tito ne La Tosca al San Carlo di Napoli, sentiamo la sua emozione. Spero con la mia regia di essere riuscito a far passare tutto questo&#8221;.<\/em><\/p>\n<p>&#8220;<em>Siamo contenti di aver accanto a noi grandi professionisti che hanno deciso di investire nel nostro progetto, un\u2019autoproduzione che ci inorgoglisce per l\u2019entusiasmo dimostratoci dai bambini, dai ragazzi e dalle famiglie a cui, soprattutto, ci rivolgiamo<\/em>&#8221; &#8211; dice <strong>Francesco Spedicato<\/strong> &#8211; &#8220;<em>Abbiamo voluto scommettere sulle nostre idee e sulla nostra terra. Noi proponiamo uno spettacolo originale, con scritture originali arrangiate per orchestra, il che non significa assolutamente volersi paragonare a Puccini o Verdi o Nino Rota, che \u00e8 stato l\u2019ultimo autore di opere di grande popolarit\u00e0 e che hanno avuto moltissimo pubblico, ma riteniamo che ci sia sempre pi\u00f9 bisogno di nuova musica e nuove idee che possano aiutarci a riemergere in questo periodo di grande crisi del settore artistico-musicale<\/em>&#8220;.<\/p>\n<p>&#8220;<em>E\u2019 inutile fare teatro senza pensare se ci sia o non ci sia pubblico<\/em>&#8221; &#8211; dice<strong> Matteo Spedicato &#8211; <\/strong>&#8220;<em>Noi creiamo musica, spettacolo, siamo autori e imprenditori di noi stessi, pensiamo anche allo &#8216;sbigliettamento&#8217;, tutto lavorando di fantasia, la fantasia che fa realizzare i sogni. Potrebbe sembrare una cosa molto astratta ma, invece, proprio con ci\u00f2 vogliamo provare a dimostrare che secondo noi, anche se con tantissimi sacrifici, si pu\u00f2 fare la differenza, senza necessariamente ricorrere ad un finanziamento pubblico. L&#8217;importante \u00e8 che ci sia un\u2019idea e la voglia di lavorare per realizzarla, e anche un mercato che possa mantenere in piedi la macchina. E poi se arrivano i finanziamenti ben venga, ma come ulteriore incentivo a fare di pi\u00f9&#8221;<\/em>.<\/p>\n<p>&nbsp;<\/p>\n<p>&nbsp;<\/p>\n<fb:like href='https:\/\/www.leccecronaca.it\/index.php\/2017\/06\/17\/mercoledi-21-giugno-il-festival-classiche-forme-di-spingano-apre-con-lo-spettacolo-dedicato-a-tito-schipa-da-francesco-e-matteo-spedicato\/' send='true' layout='button_count' show_faces='true' width='450' height='65' action='recommend' colorscheme='light' font='lucida grande'><\/fb:like><span class=\"fb_share\"><fb:like href=\"https:\/\/www.leccecronaca.it\/index.php\/2017\/06\/17\/mercoledi-21-giugno-il-festival-classiche-forme-di-spingano-apre-con-lo-spettacolo-dedicato-a-tito-schipa-da-francesco-e-matteo-spedicato\/\" layout=\"button_count\"><\/fb:like><\/span>","protected":false},"excerpt":{"rendered":"<p>di Azzurra De Razza______ Mercoled\u00ec 21 giugno 2017, ore 20.30, al\u00a0Teatro Ipogeo \u201cBacile\u201d di Spongano, va in scena\u00a0\u201cTITO &#8211; Il cantante piccoletto\u201d,\u00a0per l\u2019Anteprima di\u00a0CLASSICHE FORME. Il Festival Internazionale di Musica da Camera diretto da Beatrice Rana celebra la Festa Europea della Musica con lo spettacolo originale dei fratelli Spedicato dedicato a Tito Schipa. CLASSICHE FORME, [&hellip;]<\/p>\n","protected":false},"author":4,"featured_media":120490,"comment_status":"open","ping_status":"closed","sticky":false,"template":"","format":"standard","meta":[],"categories":[31,75],"tags":[],"_links":{"self":[{"href":"https:\/\/www.leccecronaca.it\/index.php\/wp-json\/wp\/v2\/posts\/120489"}],"collection":[{"href":"https:\/\/www.leccecronaca.it\/index.php\/wp-json\/wp\/v2\/posts"}],"about":[{"href":"https:\/\/www.leccecronaca.it\/index.php\/wp-json\/wp\/v2\/types\/post"}],"author":[{"embeddable":true,"href":"https:\/\/www.leccecronaca.it\/index.php\/wp-json\/wp\/v2\/users\/4"}],"replies":[{"embeddable":true,"href":"https:\/\/www.leccecronaca.it\/index.php\/wp-json\/wp\/v2\/comments?post=120489"}],"version-history":[{"count":7,"href":"https:\/\/www.leccecronaca.it\/index.php\/wp-json\/wp\/v2\/posts\/120489\/revisions"}],"predecessor-version":[{"id":120674,"href":"https:\/\/www.leccecronaca.it\/index.php\/wp-json\/wp\/v2\/posts\/120489\/revisions\/120674"}],"wp:featuredmedia":[{"embeddable":true,"href":"https:\/\/www.leccecronaca.it\/index.php\/wp-json\/wp\/v2\/media\/120490"}],"wp:attachment":[{"href":"https:\/\/www.leccecronaca.it\/index.php\/wp-json\/wp\/v2\/media?parent=120489"}],"wp:term":[{"taxonomy":"category","embeddable":true,"href":"https:\/\/www.leccecronaca.it\/index.php\/wp-json\/wp\/v2\/categories?post=120489"},{"taxonomy":"post_tag","embeddable":true,"href":"https:\/\/www.leccecronaca.it\/index.php\/wp-json\/wp\/v2\/tags?post=120489"}],"curies":[{"name":"wp","href":"https:\/\/api.w.org\/{rel}","templated":true}]}}