{"id":120609,"date":"2017-06-20T13:26:37","date_gmt":"2017-06-20T11:26:37","guid":{"rendered":"http:\/\/www.leccecronaca.it\/?p=120609"},"modified":"2017-06-20T14:11:18","modified_gmt":"2017-06-20T12:11:18","slug":"ecosostenibilita-colori-e-sapori-del-salento-al-castello-carlo-v-di-lecce","status":"publish","type":"post","link":"https:\/\/www.leccecronaca.it\/index.php\/2017\/06\/20\/ecosostenibilita-colori-e-sapori-del-salento-al-castello-carlo-v-di-lecce\/","title":{"rendered":"VENERDI&#8217; 23 &#8216;ECOSOSTENIBILITA\u2019 COLORI E SAPORI DEL SALENTO&#8217; AL CASTELLO CARLO V DI LECCE"},"content":{"rendered":"<p style=\"text-align: justify;\"><img decoding=\"async\" loading=\"lazy\" width=\"466\" height=\"468\" title=\"Mina Spedicato\" class=\"aligncenter size-full wp-image-120610\" alt=\"\" src=\"https:\/\/www.leccecronaca.it\/wordpress\/wp-content\/uploads\/2017\/06\/Mina-Spedicato.jpg\" srcset=\"https:\/\/www.leccecronaca.it\/wordpress\/wp-content\/uploads\/2017\/06\/Mina-Spedicato.jpg 466w, https:\/\/www.leccecronaca.it\/wordpress\/wp-content\/uploads\/2017\/06\/Mina-Spedicato-300x300.jpg 300w, https:\/\/www.leccecronaca.it\/wordpress\/wp-content\/uploads\/2017\/06\/Mina-Spedicato-150x150.jpg 150w, https:\/\/www.leccecronaca.it\/wordpress\/wp-content\/uploads\/2017\/06\/Mina-Spedicato-60x60.jpg 60w\" sizes=\"(max-width: 466px) 100vw, 466px\" \/>di <strong>Stefano Donno______<\/strong>\u00a0Venerd\u00ec 23 giugno 2017 alle ore 17, presso la Sala Maria D\u2019Enghien del castello Carlo V di Lecce, si parler\u00e0 di cibo, benessere, salute, salentinit\u00e0 e Bellezza con Mina Spedicato (nella foto), autrice del libro &#8220;Ecosostenibilit\u00e0&#8221;, esperti ed artisti in un incontro ricco di momenti, dove ci sar\u00e0 anche la premiazione della II edizione del concorso &#8220;Viola e il seme del benessere&#8221; dedicato a Viola Casili.<\/p>\n<p style=\"text-align: justify;\">Introducono e moderano: Wojtek Pankiewicz e Mina Spedicato.<\/p>\n<p style=\"text-align: justify;\">Nel corso dell\u2019appuntamento sono previsti i saluti dei presidenti delle associazioni organizzatrici ovvero Wojtek Pankiewicz (presidente del movimento \u201cValori e Rinnovamento\u201d), Mina Spedicato (presidente dell\u2019associazione HOMS), Maria Ciccarese (presidente CIF \u2013 Copertino) e Giuseppe Rizzo (presidente dell\u2019associazione ARACNE); lo spazio dedicato alla II edizione del concorso \u201cViola e il seme del benessere\u201d con l\u2019accensione della mongolfiera \u201cViola e il seme del benessere\u201d nel cortile del Castello; la premiazione delle scuole vincitrici della II edizione del concorso \u201cViola e il seme del benessere\u201d dedicato a Viola Casili una bambina morta in un incidente stradale, e la presentazione del volume ECOSOSTENIBILITA&#8217; Colori e Sapori del Salento di Mina Spedicato.<\/p>\n<p style=\"text-align: justify;\">\u00a0Dialogheranno con l\u2019autrice Luigi Russo (giornalista \u2013 presidente CSV Salento), Antonio Nardella (medico \u2013 specialista in radioterapia oncologica), Giovanna Politi (scrittrice).<\/p>\n<p style=\"text-align: justify;\">Per il momento invece dei \u201cColori e sapori del Salento\u201d interverranno Mina Spedicato (medico), Roberto Polo (esperto in agricoltura simbiotica), Rocco Tagliente (imprenditore agricolo), Donato Fersino (proprietario e gestore della Masseria \u201cLe Stanzie\u201d).<\/p>\n<p style=\"text-align: justify;\">E\u2019 prevista anche una degustazione di prodotti tipici salentini.<\/p>\n<p style=\"text-align: justify;\">La serata sar\u00e0 allietata da letture a cura di Simona Ingrosso, dalla poesia di Maria Felicita Cordella e di Bruna Caroli, dai colori di Tiziana Manca (pittrice), dalla voce di \u201cFantasie di voci\u201d dell\u2019Istituto Comprensivo San Giuseppe da Copertino diretto dai docenti Mimma Dell\u2019Anna e Giuseppe De Maglio, dalla musica di Giampiero Perone (sax) e Giuseppe Patera (fisarmonica), dal canto di Alessandra De Luca e Marcello De Cruto e dalle piante dell\u2019 Azienda Vivaistica di Fabio Zecca di Leverano.<\/p>\n<p style=\"text-align: justify;\">Il ricavato della vendita del libro \u201cEcosostenibilit\u00e0 colori e sapori del Salento\u201d sar\u00e0 devoluto alla Fondazione Onlus Daniela e Paola Bastianutti di Casarano.<\/p>\n<p style=\"text-align: justify;\">In &#8220;ECOSOSTENIBILITA&#8217; Colori e Sapori del Salento&#8221; l&#8217;autrice Mina Spedicato traccia un affascinante ed efficace quadro, anche sotto il profilo economico \u2013 sociale, dell&#8217;antica tradizione culinaria salentina, alla ricerca del benessere perduto e illustra in modo chiaro e ampio il potenziale curativo del cibo che per l&#8217; autrice\u00a0diviene oggetto di indagine scientifica, ma anche, in diversi passaggi, di riflessione filosofica.<\/p>\n<p style=\"text-align: justify;\">Sottolinea soprattutto\u00a0che il potenziale terapeutico del cibo \u00e8 connesso a un sano legame col territorio salentino, di cui sono presenti cenni storici e geografici, insieme ad una interessante ricerca sulle abitudini alimentari nel XVIII secolo, condotta su documenti appartenenti al monastero di San Giovanni Evangelista di Lecce.<\/p>\n<p>&nbsp;<\/p>\n<p>&nbsp;<\/p>\n<fb:like href='https:\/\/www.leccecronaca.it\/index.php\/2017\/06\/20\/ecosostenibilita-colori-e-sapori-del-salento-al-castello-carlo-v-di-lecce\/' send='true' layout='button_count' show_faces='true' width='450' height='65' action='recommend' colorscheme='light' font='lucida grande'><\/fb:like><span class=\"fb_share\"><fb:like href=\"https:\/\/www.leccecronaca.it\/index.php\/2017\/06\/20\/ecosostenibilita-colori-e-sapori-del-salento-al-castello-carlo-v-di-lecce\/\" layout=\"button_count\"><\/fb:like><\/span>","protected":false},"excerpt":{"rendered":"<p>di Stefano Donno______\u00a0Venerd\u00ec 23 giugno 2017 alle ore 17, presso la Sala Maria D\u2019Enghien del castello Carlo V di Lecce, si parler\u00e0 di cibo, benessere, salute, salentinit\u00e0 e Bellezza con Mina Spedicato (nella foto), autrice del libro &#8220;Ecosostenibilit\u00e0&#8221;, esperti ed artisti in un incontro ricco di momenti, dove ci sar\u00e0 anche la premiazione della II [&hellip;]<\/p>\n","protected":false},"author":4,"featured_media":120610,"comment_status":"open","ping_status":"closed","sticky":false,"template":"","format":"standard","meta":[],"categories":[31,75],"tags":[],"_links":{"self":[{"href":"https:\/\/www.leccecronaca.it\/index.php\/wp-json\/wp\/v2\/posts\/120609"}],"collection":[{"href":"https:\/\/www.leccecronaca.it\/index.php\/wp-json\/wp\/v2\/posts"}],"about":[{"href":"https:\/\/www.leccecronaca.it\/index.php\/wp-json\/wp\/v2\/types\/post"}],"author":[{"embeddable":true,"href":"https:\/\/www.leccecronaca.it\/index.php\/wp-json\/wp\/v2\/users\/4"}],"replies":[{"embeddable":true,"href":"https:\/\/www.leccecronaca.it\/index.php\/wp-json\/wp\/v2\/comments?post=120609"}],"version-history":[{"count":6,"href":"https:\/\/www.leccecronaca.it\/index.php\/wp-json\/wp\/v2\/posts\/120609\/revisions"}],"predecessor-version":[{"id":120617,"href":"https:\/\/www.leccecronaca.it\/index.php\/wp-json\/wp\/v2\/posts\/120609\/revisions\/120617"}],"wp:featuredmedia":[{"embeddable":true,"href":"https:\/\/www.leccecronaca.it\/index.php\/wp-json\/wp\/v2\/media\/120610"}],"wp:attachment":[{"href":"https:\/\/www.leccecronaca.it\/index.php\/wp-json\/wp\/v2\/media?parent=120609"}],"wp:term":[{"taxonomy":"category","embeddable":true,"href":"https:\/\/www.leccecronaca.it\/index.php\/wp-json\/wp\/v2\/categories?post=120609"},{"taxonomy":"post_tag","embeddable":true,"href":"https:\/\/www.leccecronaca.it\/index.php\/wp-json\/wp\/v2\/tags?post=120609"}],"curies":[{"name":"wp","href":"https:\/\/api.w.org\/{rel}","templated":true}]}}