{"id":121064,"date":"2017-06-30T14:30:59","date_gmt":"2017-06-30T12:30:59","guid":{"rendered":"http:\/\/www.leccecronaca.it\/?p=121064"},"modified":"2017-06-30T14:36:19","modified_gmt":"2017-06-30T12:36:19","slug":"la-poesia-come-identita-culturale-di-una-comunita-la-presentazione-della-raccolta-il-giardino-del-bisogno-di-lino-manca-a-san-pietro-in-lama-sabato-1-luglio","status":"publish","type":"post","link":"https:\/\/www.leccecronaca.it\/index.php\/2017\/06\/30\/la-poesia-come-identita-culturale-di-una-comunita-la-presentazione-della-raccolta-il-giardino-del-bisogno-di-lino-manca-a-san-pietro-in-lama-sabato-1-luglio\/","title":{"rendered":"LA POESIA COME IDENTITA&#8217; CULTURALE DI UNA COMUNITA&#8217; \/ LA PRESENTAZIONE DELLA RACCOLTA &#8220;IL GIARDINO DEL BISOGNO&#8221; DI LINO MANCA, EDITA DA IL RAGGIO VERDE&#8217;, A SAN PIETRO IN LAMA SABATO 1 LUGLIO"},"content":{"rendered":"<p><img decoding=\"async\" loading=\"lazy\" width=\"720\" height=\"540\" title=\"530071_353598628016401_1954270526_n\" class=\"alignleft size-full wp-image-121065\" alt=\"\" src=\"https:\/\/www.leccecronaca.it\/wordpress\/wp-content\/uploads\/2017\/06\/530071_353598628016401_1954270526_n.jpg\" srcset=\"https:\/\/www.leccecronaca.it\/wordpress\/wp-content\/uploads\/2017\/06\/530071_353598628016401_1954270526_n.jpg 720w, https:\/\/www.leccecronaca.it\/wordpress\/wp-content\/uploads\/2017\/06\/530071_353598628016401_1954270526_n-300x225.jpg 300w, https:\/\/www.leccecronaca.it\/wordpress\/wp-content\/uploads\/2017\/06\/530071_353598628016401_1954270526_n-400x300.jpg 400w\" sizes=\"(max-width: 720px) 100vw, 720px\" \/>di <strong>Stefano Donno_______<\/strong> Si intitola &#8220;Il giardino del bisogno&#8221; la nuova raccolta di versi di Lino Manca (nella foto), edita da Il Raggio Verde, che sar\u00e0 presentato a San Pietro In Lama sabato\u00a01 luglio, alle ore 19, nella sala conferenze della Biblioteca Comunale \u201cSalvatore Tramacere\u201d, in piazza del Popolo.<\/p>\n<p>Interverranno il professor Antonio Marzo, Marcello Buttazzo, Francesco Pasca, la giornalista Antonietta Fulvio direttrice della collana. Coordina la serata il giornalista Simone Liaci.<\/p>\n<p>Letture a cura dell&#8217;associazione culturale &#8220;Teatro Valle della Cupa Monteroni&#8221; sulle musiche della chitarrista Andreina Capone.<\/p>\n<p>La poesia di Lino Manca \u00e8 una struggente e lirica descrizione dei trascorsi contadini, con le zolle marroni cariche di rosso sangue: radici che affondano in una vivida terra di ancestrali e radicali vicende, di tracciati biografici e visioni nitidissime. Lino \u00e8 molto attento al paesaggio, distillato nella sua purezza primigenia. Luoghi da respirare acutamente e da bere a piene mani.<\/p>\n<p>Il suo paese natio, San Pietro in Lama, campeggia in tutto il suo essenziale sfavillio di contrada di periferia, da traversare sempre con lo sguardo fiero e aguzzo e con il pensiero pertinace. (&#8230;) Lino Manca \u00e8 un poeta dell\u2019amore, composto e scomposto in tutte le sue varianti.<\/p>\n<p>\u00c8 un poeta della dolcezza, sa abbracciare e consolare gli esseri viventi, sa piangere l\u2019assenza, sa colmare la presenza. La copertina del volume \u00e8 impreziosita dall\u2019opera dell\u2019artista Luigi De Giovanni.<\/p>\n<p>Nato il 13 marzo 1947, Lino Manca da sempre \u00e8 appassionato di poesia, arte e musica. Per lui il bisogno \u00e8 riempire il proprio cielo di capacit\u00e0. Nel lungo impegno come insegnante nei doposcuola comunali e successivamente come impiegato comunale ha organizzato tribune per l\u2019altro organizzando rassegne teatrali e musicali.<\/p>\n<p>Nel 2008 esce per i tipi di Lupo editore la sua prima raccolta di poesia intitolata &#8220;Ocra&#8221;. Ama comporre le sue poesie, rigorosamente su carta, posizionata su un cavalletto perch\u00e9 per lui scrivere versi equivale a dipingere non solo stati d\u2019animo ma anche luoghi e atmosfere, parte integrante dell\u2019identit\u00e0 culturale di una comunit\u00e0.<\/p>\n<p>&nbsp;<\/p>\n<p>&nbsp;<\/p>\n<p>&nbsp;<\/p>\n<fb:like href='https:\/\/www.leccecronaca.it\/index.php\/2017\/06\/30\/la-poesia-come-identita-culturale-di-una-comunita-la-presentazione-della-raccolta-il-giardino-del-bisogno-di-lino-manca-a-san-pietro-in-lama-sabato-1-luglio\/' send='true' layout='button_count' show_faces='true' width='450' height='65' action='recommend' colorscheme='light' font='lucida grande'><\/fb:like><span class=\"fb_share\"><fb:like href=\"https:\/\/www.leccecronaca.it\/index.php\/2017\/06\/30\/la-poesia-come-identita-culturale-di-una-comunita-la-presentazione-della-raccolta-il-giardino-del-bisogno-di-lino-manca-a-san-pietro-in-lama-sabato-1-luglio\/\" layout=\"button_count\"><\/fb:like><\/span>","protected":false},"excerpt":{"rendered":"<p>di Stefano Donno_______ Si intitola &#8220;Il giardino del bisogno&#8221; la nuova raccolta di versi di Lino Manca (nella foto), edita da Il Raggio Verde, che sar\u00e0 presentato a San Pietro In Lama sabato\u00a01 luglio, alle ore 19, nella sala conferenze della Biblioteca Comunale \u201cSalvatore Tramacere\u201d, in piazza del Popolo. Interverranno il professor Antonio Marzo, Marcello [&hellip;]<\/p>\n","protected":false},"author":4,"featured_media":121065,"comment_status":"open","ping_status":"closed","sticky":false,"template":"","format":"standard","meta":[],"categories":[31,75,57],"tags":[],"_links":{"self":[{"href":"https:\/\/www.leccecronaca.it\/index.php\/wp-json\/wp\/v2\/posts\/121064"}],"collection":[{"href":"https:\/\/www.leccecronaca.it\/index.php\/wp-json\/wp\/v2\/posts"}],"about":[{"href":"https:\/\/www.leccecronaca.it\/index.php\/wp-json\/wp\/v2\/types\/post"}],"author":[{"embeddable":true,"href":"https:\/\/www.leccecronaca.it\/index.php\/wp-json\/wp\/v2\/users\/4"}],"replies":[{"embeddable":true,"href":"https:\/\/www.leccecronaca.it\/index.php\/wp-json\/wp\/v2\/comments?post=121064"}],"version-history":[{"count":5,"href":"https:\/\/www.leccecronaca.it\/index.php\/wp-json\/wp\/v2\/posts\/121064\/revisions"}],"predecessor-version":[{"id":121072,"href":"https:\/\/www.leccecronaca.it\/index.php\/wp-json\/wp\/v2\/posts\/121064\/revisions\/121072"}],"wp:featuredmedia":[{"embeddable":true,"href":"https:\/\/www.leccecronaca.it\/index.php\/wp-json\/wp\/v2\/media\/121065"}],"wp:attachment":[{"href":"https:\/\/www.leccecronaca.it\/index.php\/wp-json\/wp\/v2\/media?parent=121064"}],"wp:term":[{"taxonomy":"category","embeddable":true,"href":"https:\/\/www.leccecronaca.it\/index.php\/wp-json\/wp\/v2\/categories?post=121064"},{"taxonomy":"post_tag","embeddable":true,"href":"https:\/\/www.leccecronaca.it\/index.php\/wp-json\/wp\/v2\/tags?post=121064"}],"curies":[{"name":"wp","href":"https:\/\/api.w.org\/{rel}","templated":true}]}}