{"id":121433,"date":"2017-07-08T10:26:32","date_gmt":"2017-07-08T08:26:32","guid":{"rendered":"http:\/\/www.leccecronaca.it\/?p=121433"},"modified":"2017-07-15T13:26:30","modified_gmt":"2017-07-15T11:26:30","slug":"amo-odio-e-oro-il-mondo-di-edoardo-de-candia","status":"publish","type":"post","link":"https:\/\/www.leccecronaca.it\/index.php\/2017\/07\/08\/amo-odio-e-oro-il-mondo-di-edoardo-de-candia\/","title":{"rendered":"DA LUNEDI&#8217; 10 IN MOSTRA, NELLA CHIESA DI SAN FRANCESCO DI VIA CAIROLI, CENTO OPERE DI EDOARDO DE CANDIA, ILCONTROVERSO ARTISTA LECCESE RIMASTO INCOMPRESO: &#8220;cercava le promesse mantenute da nessuno, e qualcuno a cui dare il suo cuore troppo grande&#8221;"},"content":{"rendered":"<p style=\"text-align: justify;\"><img decoding=\"async\" loading=\"lazy\" width=\"600\" height=\"425\" title=\"911\" class=\"alignleft size-full wp-image-121434\" alt=\"\" src=\"https:\/\/www.leccecronaca.it\/wordpress\/wp-content\/uploads\/2017\/07\/911.jpg\" srcset=\"https:\/\/www.leccecronaca.it\/wordpress\/wp-content\/uploads\/2017\/07\/911.jpg 600w, https:\/\/www.leccecronaca.it\/wordpress\/wp-content\/uploads\/2017\/07\/911-300x213.jpg 300w\" sizes=\"(max-width: 600px) 100vw, 600px\" \/><\/p>\n<p style=\"text-align: justify;\">di <strong>Mariagrazia De Giorgi______<\/strong> La mostra AMO, ODIO, E ORO di Edoardo De Candia a cura di Lorenzo Madaro e Brizia Minerva, sta scaldando i motori.<\/p>\n<p style=\"text-align: justify;\">Luned\u00ec\u00a010 luglio 2017 saranno aperte a Lecce le porte della chiesa di San Francesco della Scarpa, dove si potranno ammirare le opere dell\u2019artista.<\/p>\n<p style=\"text-align: justify;\">Si tratta di una delle pi\u00f9 belle e interessanti operazioni artistiche per due motivazioni: la prima, \u00e8 che si dar\u00e0 spazio a un artista conterraneo che merita uno sguardo particolare al di fuori di ogni localismo; la seconda, \u00e8 che si \u00e8 scelto un artista contemporaneo locale senza dover ricorrere ad artisti di fama nazionale.<\/p>\n<p style=\"text-align: justify;\">E\u2019 come se si avvertisse l\u2019urgenza di ripartire dalla cultura, dall\u2019arte e da ci\u00f2 che di pi\u00f9 bello questa terra pu\u00f2 offrire e accanto a nomi come Michele Massari, Ugo Tapparini, Carmelo Bene, Tonino Caputo e Rina Durante, forse poco conosciuti dalle nuove generazioni, si ricordano i\u00a0venticinque anni dalla scomparsa di un genio dell\u2019arte con una mostra interamente dedicata ad Edoardo De Candia.<\/p>\n<p style=\"text-align: justify;\">Da sempre l\u2019artista \u00e8 una figura che ha affascinato e che ha attratto, forse per il carattere eclettico e stravagante o per l\u2019alone di mistero che si porta dietro da tempo remoto: la leggenda su De Candia porta a ricordarlo come barbone ed incompreso ai margini della societ\u00e0.<\/p>\n<p style=\"text-align: justify;\">Si pu\u00f2 affermare, per\u00f2, con certezza la presenza di una pluralit\u00e0 di atteggiamenti che non riguardano esclusivamente \u201cil fare artistico\u201d.<\/p>\n<p style=\"text-align: justify;\">Spesso la figura dell\u2019artista viene accostata ad un Dio creatore e appare come colui che raggiunge l\u2019estasi, quasi a contatto con il cielo, in uno stato di incoscienza che prelude il momento pi\u00f9 importante: quello creativo.<\/p>\n<p style=\"text-align: justify;\">Ma De Candia il \u201ccavaliere senza terra\u201d, chiamato cos\u00ec dal suo amico Antonio Verri, era diverso!<\/p>\n<p style=\"text-align: justify;\">De Candia aveva un cuore grande. Andava in giro mezzo nudo e come i nomadi macinava chilometri, amava andare a San Cataldo per raccogliere l\u2019acqua di mare che poi avrebbe usato per diluire i suoi colori, per giorni, mesi, ed anni! Forse cercava qualcosa, le promesse mantenute da nessuno, o forse cercava qualcuno a cui dare il suo cuore troppo grande per amare ed essere amato! De Candia non era matto, anche quando lo volevano tale, anche quando aspettava all\u2019uscita della scuola i bimbi per regalare loro le caramelle.<\/p>\n<p style=\"text-align: justify;\">Era dotato di una sensibilit\u00e0 artistica e spirituale che lo connetteva ad una realt\u00e0 molto pi\u00f9 grande di quella terrena, tanto che egli stesso bruci\u00f2 le sue opere per poi fare una mostra in cielo.<\/p>\n<p style=\"text-align: justify;\">Ai nostri occhi questo pu\u00f2 essere definito come pazzia e scelleratezza, ma se fossimo stati noi i pazzi a non comprendere per molto tempo che il suo modo di interagire diversamente con il resto del mondo, la sua arte, le sue idee non fossero solo dei modi per connetterci con qualcosa di pi\u00f9 grande, e noi forse troppo stupidi per non capirlo?<\/p>\n<p style=\"text-align: justify;\">L\u2019intento della mostra \u00e8 quello di ricreare il mondo di De Candia attraverso i percorsi pittorici che tornano in maniera quasi circolare nella sua produzione; sono tre i momenti salienti Amo-Odio-Oro dalla quali si esplicano le\u00a0cento opere tra tempere su carta, tele, acquerelli, disegni a china e tecniche miste, fino al nucleo prezioso e inedito di disegni erotici, per ripercorrere il processo creativo che ne ha contraddistinto il passaggio eterno dalla vita all\u2019arte.<\/p>\n<p style=\"text-align: justify;\">Poche linee, facevano un quadro, il colore ribadiva il concetto di unicit\u00e0 dell\u2019opera proprio per l\u2019immediatezza, mostra ambiti di reciprocit\u00e0 tra significato dell\u2019opera, sintesi del segno e colore altro non sono che il simbolo della comunicazione poetico-visuale.<\/p>\n<p style=\"text-align: justify;\">Sicuramente come tutti i grandi artisti il suo riconoscimento pi\u00f9 grande \u00e8 arrivato forse troppo tardi:<em> \u201cE\u2019 scomparso un cavaliere visionario, purissimo, un cavaliere senza terra, uno di quelli che sanno cos\u00ec facilmente essere leggeri, levarsi in aria, disertare\u201d.<\/em> 1933- 1992. Una persona libera, muore libera.<\/p>\n<p>&nbsp;<\/p>\n<p>&nbsp;<\/p>\n<p>&nbsp;<\/p>\n<p>&nbsp;<\/p>\n<fb:like href='https:\/\/www.leccecronaca.it\/index.php\/2017\/07\/08\/amo-odio-e-oro-il-mondo-di-edoardo-de-candia\/' send='true' layout='button_count' show_faces='true' width='450' height='65' action='recommend' colorscheme='light' font='lucida grande'><\/fb:like><span class=\"fb_share\"><fb:like href=\"https:\/\/www.leccecronaca.it\/index.php\/2017\/07\/08\/amo-odio-e-oro-il-mondo-di-edoardo-de-candia\/\" layout=\"button_count\"><\/fb:like><\/span>","protected":false},"excerpt":{"rendered":"<p>di Mariagrazia De Giorgi______ La mostra AMO, ODIO, E ORO di Edoardo De Candia a cura di Lorenzo Madaro e Brizia Minerva, sta scaldando i motori. Luned\u00ec\u00a010 luglio 2017 saranno aperte a Lecce le porte della chiesa di San Francesco della Scarpa, dove si potranno ammirare le opere dell\u2019artista. Si tratta di una delle pi\u00f9 [&hellip;]<\/p>\n","protected":false},"author":4,"featured_media":121434,"comment_status":"open","ping_status":"closed","sticky":false,"template":"","format":"standard","meta":[],"categories":[31,75],"tags":[],"_links":{"self":[{"href":"https:\/\/www.leccecronaca.it\/index.php\/wp-json\/wp\/v2\/posts\/121433"}],"collection":[{"href":"https:\/\/www.leccecronaca.it\/index.php\/wp-json\/wp\/v2\/posts"}],"about":[{"href":"https:\/\/www.leccecronaca.it\/index.php\/wp-json\/wp\/v2\/types\/post"}],"author":[{"embeddable":true,"href":"https:\/\/www.leccecronaca.it\/index.php\/wp-json\/wp\/v2\/users\/4"}],"replies":[{"embeddable":true,"href":"https:\/\/www.leccecronaca.it\/index.php\/wp-json\/wp\/v2\/comments?post=121433"}],"version-history":[{"count":16,"href":"https:\/\/www.leccecronaca.it\/index.php\/wp-json\/wp\/v2\/posts\/121433\/revisions"}],"predecessor-version":[{"id":121771,"href":"https:\/\/www.leccecronaca.it\/index.php\/wp-json\/wp\/v2\/posts\/121433\/revisions\/121771"}],"wp:featuredmedia":[{"embeddable":true,"href":"https:\/\/www.leccecronaca.it\/index.php\/wp-json\/wp\/v2\/media\/121434"}],"wp:attachment":[{"href":"https:\/\/www.leccecronaca.it\/index.php\/wp-json\/wp\/v2\/media?parent=121433"}],"wp:term":[{"taxonomy":"category","embeddable":true,"href":"https:\/\/www.leccecronaca.it\/index.php\/wp-json\/wp\/v2\/categories?post=121433"},{"taxonomy":"post_tag","embeddable":true,"href":"https:\/\/www.leccecronaca.it\/index.php\/wp-json\/wp\/v2\/tags?post=121433"}],"curies":[{"name":"wp","href":"https:\/\/api.w.org\/{rel}","templated":true}]}}