{"id":121636,"date":"2017-07-12T14:16:03","date_gmt":"2017-07-12T12:16:03","guid":{"rendered":"http:\/\/www.leccecronaca.it\/?p=121636"},"modified":"2017-07-12T17:04:35","modified_gmt":"2017-07-12T15:04:35","slug":"pali-della-luce-installati-senza-autorizzazioni","status":"publish","type":"post","link":"https:\/\/www.leccecronaca.it\/index.php\/2017\/07\/12\/pali-della-luce-installati-senza-autorizzazioni\/","title":{"rendered":"&#8216;PALI DELLA LUCE INSTALLATI SENZA AUTORIZZAZIONI&#8217;"},"content":{"rendered":"<p><img decoding=\"async\" loading=\"lazy\" width=\"360\" height=\"480\" title=\"p\" class=\"alignleft size-full wp-image-121637\" alt=\"\" src=\"https:\/\/www.leccecronaca.it\/wordpress\/wp-content\/uploads\/2017\/07\/p.jpg\" srcset=\"https:\/\/www.leccecronaca.it\/wordpress\/wp-content\/uploads\/2017\/07\/p.jpg 360w, https:\/\/www.leccecronaca.it\/wordpress\/wp-content\/uploads\/2017\/07\/p-225x300.jpg 225w\" sizes=\"(max-width: 360px) 100vw, 360px\" \/>Riceviamo e volentieri pubblichiamo. Il presidente dell&#8217; associazione &#8216;Sportello dei Diritti&#8217; Giovanni D&#8217; Agata ci manda il seguente comunicato______<\/p>\n<p>Via Piccinni a Lecce. Pali della luce installati senza autorizzazione per favorire qualcuno?<\/p>\n<p>Il risultato di un sopralluogo svolto stamattina da parte di addetti dell\u2019ufficio tecnico del Comune di Lecce in via Piccinni nella periferia della citt\u00e0 capoluogo, avrebbe evidenziato carenze nelle necessarie autorizzazioni amministrative per l\u2019installazione, a ridosso delle recenti elezioni amministrative, di pali della pubblica illuminazione sulla strada in questione, che possono vedersi nelle foto allegate inoltrateci da una cittadina.<\/p>\n<p>Il condizionale \u00e8 d\u2019obbligo anche perch\u00e9 la vicenda che \u00e8 stata segnalata allo \u201cSportello dei Diritti\u201d da alcuni residenti che avrebbero specificato anche che nella zona abiterebbe un parente di un esponente dell\u2019uscente governo cittadino e la via stessa sconfinerebbe nell\u2019agro del limitrofo comune di Surbo. Del fatto, tuttavia, sarebbero gi\u00e0 stati informati i competenti uffici che si sarebbero gi\u00e0 adoperati per farvi luce.<\/p>\n<p>Mi auguro che la questione sia chiarita presto anche perch\u00e9 \u00e8 evidente anche la volont\u00e0 del nuovo Sindaco Carlo Salvemini di rendere trasparente ogni atto amministrativo pure per dimostrare il cambio di registro di una macchina amministrativa di un comune completamente rinnovato in cui non ci sono pi\u00f9 figli e figliastri.<\/p>\n<p>&nbsp;<\/p>\n<p>&nbsp;<\/p>\n<p>&nbsp;<\/p>\n<fb:like href='https:\/\/www.leccecronaca.it\/index.php\/2017\/07\/12\/pali-della-luce-installati-senza-autorizzazioni\/' send='true' layout='button_count' show_faces='true' width='450' height='65' action='recommend' colorscheme='light' font='lucida grande'><\/fb:like><span class=\"fb_share\"><fb:like href=\"https:\/\/www.leccecronaca.it\/index.php\/2017\/07\/12\/pali-della-luce-installati-senza-autorizzazioni\/\" layout=\"button_count\"><\/fb:like><\/span>","protected":false},"excerpt":{"rendered":"<p>Riceviamo e volentieri pubblichiamo. Il presidente dell&#8217; associazione &#8216;Sportello dei Diritti&#8217; Giovanni D&#8217; Agata ci manda il seguente comunicato______ Via Piccinni a Lecce. Pali della luce installati senza autorizzazione per favorire qualcuno? Il risultato di un sopralluogo svolto stamattina da parte di addetti dell\u2019ufficio tecnico del Comune di Lecce in via Piccinni nella periferia della [&hellip;]<\/p>\n","protected":false},"author":4,"featured_media":121637,"comment_status":"open","ping_status":"closed","sticky":false,"template":"","format":"standard","meta":[],"categories":[36],"tags":[],"_links":{"self":[{"href":"https:\/\/www.leccecronaca.it\/index.php\/wp-json\/wp\/v2\/posts\/121636"}],"collection":[{"href":"https:\/\/www.leccecronaca.it\/index.php\/wp-json\/wp\/v2\/posts"}],"about":[{"href":"https:\/\/www.leccecronaca.it\/index.php\/wp-json\/wp\/v2\/types\/post"}],"author":[{"embeddable":true,"href":"https:\/\/www.leccecronaca.it\/index.php\/wp-json\/wp\/v2\/users\/4"}],"replies":[{"embeddable":true,"href":"https:\/\/www.leccecronaca.it\/index.php\/wp-json\/wp\/v2\/comments?post=121636"}],"version-history":[{"count":5,"href":"https:\/\/www.leccecronaca.it\/index.php\/wp-json\/wp\/v2\/posts\/121636\/revisions"}],"predecessor-version":[{"id":121640,"href":"https:\/\/www.leccecronaca.it\/index.php\/wp-json\/wp\/v2\/posts\/121636\/revisions\/121640"}],"wp:featuredmedia":[{"embeddable":true,"href":"https:\/\/www.leccecronaca.it\/index.php\/wp-json\/wp\/v2\/media\/121637"}],"wp:attachment":[{"href":"https:\/\/www.leccecronaca.it\/index.php\/wp-json\/wp\/v2\/media?parent=121636"}],"wp:term":[{"taxonomy":"category","embeddable":true,"href":"https:\/\/www.leccecronaca.it\/index.php\/wp-json\/wp\/v2\/categories?post=121636"},{"taxonomy":"post_tag","embeddable":true,"href":"https:\/\/www.leccecronaca.it\/index.php\/wp-json\/wp\/v2\/tags?post=121636"}],"curies":[{"name":"wp","href":"https:\/\/api.w.org\/{rel}","templated":true}]}}