{"id":121641,"date":"2017-07-12T14:31:20","date_gmt":"2017-07-12T12:31:20","guid":{"rendered":"http:\/\/www.leccecronaca.it\/?p=121641"},"modified":"2017-07-12T14:31:20","modified_gmt":"2017-07-12T12:31:20","slug":"applicare-il-divieto-di-vendita-di-animali-nelle-fiere","status":"publish","type":"post","link":"https:\/\/www.leccecronaca.it\/index.php\/2017\/07\/12\/applicare-il-divieto-di-vendita-di-animali-nelle-fiere\/","title":{"rendered":"&#8216;APPLICARE IL DIVIETO DI VENDITA DI ANIMALI NELLE FIERE&#8217;"},"content":{"rendered":"<p><img decoding=\"async\" loading=\"lazy\" width=\"1024\" height=\"535\" title=\"galline3_essereanimali-1200x627\" class=\"alignleft size-large wp-image-121642\" alt=\"\" src=\"https:\/\/www.leccecronaca.it\/wordpress\/wp-content\/uploads\/2017\/07\/galline3_essereanimali-1200x627-1024x535.jpg\" srcset=\"https:\/\/www.leccecronaca.it\/wordpress\/wp-content\/uploads\/2017\/07\/galline3_essereanimali-1200x627-1024x535.jpg 1024w, https:\/\/www.leccecronaca.it\/wordpress\/wp-content\/uploads\/2017\/07\/galline3_essereanimali-1200x627-300x157.jpg 300w, https:\/\/www.leccecronaca.it\/wordpress\/wp-content\/uploads\/2017\/07\/galline3_essereanimali-1200x627-768x401.jpg 768w, https:\/\/www.leccecronaca.it\/wordpress\/wp-content\/uploads\/2017\/07\/galline3_essereanimali-1200x627.jpg 1200w\" sizes=\"(max-width: 1024px) 100vw, 1024px\" \/>Riceviamo e volentieri pubblichiamo. Giuseppe Albanese di &#8216;Andare Oltre&#8217; di Lecce ci manda il seguente comunicato______<\/p>\n<p>Fra poco pi\u00f9 di un mese ritorner\u00e0 la consueta Festa Patronale e con essa l\u2019annosa questione della Fiera degli animali di Frigole.<\/p>\n<p>Una fiera sempre arrangiata e sempre nel mancato rispetto degli animali.<\/p>\n<p>Negli anni, sono stati fatti molti passi avanti in materia di rispetto e tutela degli animali, fino ad arrivare alle ordinanze sindacali che, in alcune citt\u00e0, ne hanno vietato la vendita nelle feste di strada. Anche a Lecce \u00e8 stata emanata un\u2019ordinanza simile ma poco \u00e8 stato fatto per rendere esecutiva la stessa durante la tradizionale Fiera degli animali di Frigole, perch\u00e9 se da una parte si \u00e8 vietata la vendita degli animali dall\u2019altra i venditori hanno pagato il suolo pubblico al Comune e hanno ricevuto la relativa autorizzazione alla vendita.<\/p>\n<p>Per non parlare poi delle condizioni in cui sono detenuti gli animali durante la fiera, essi sostano, senza misure di sicurezza, sotto il caldissimo sole di agosto e i pi\u00f9 piccoli vengono stipati in gabbie anguste e dove non vi \u00e8 un posto idoneo per abbeverare i poveri malcapitati.<\/p>\n<p>Affinch\u00e9 quest\u2019anno qualcosa cambi realmente il sottoscritto, all\u2019unisono con il movimento di Andare Oltre di Lecce, chiede alla neo eletta amministrazione comunale di realizzare anche nella nostra citt\u00e0 quanto \u00e8 stato realizzato nei Comuni del Nord Salento, dove grazie ad un\u2019ordinanza si \u00e8 vietata la vendita degli animali su tutta la linea in quanto tale pratica ha il gusto di un atavico medioevo.<\/p>\n<p>&nbsp;<\/p>\n<p>Se la tradizione \u00e8 dura a morire e la vendita non pu\u00f2 ancora essere vietata del tutto, si chiede la convocazione di un tavolo tecnico per stabilire gi\u00e0 da ora il giusto e corretto svolgimento della Fiera degli animali di Frigole 2017.<\/p>\n<p>&nbsp;<\/p>\n<p>&nbsp;<\/p>\n<p>&nbsp;<\/p>\n<fb:like href='https:\/\/www.leccecronaca.it\/index.php\/2017\/07\/12\/applicare-il-divieto-di-vendita-di-animali-nelle-fiere\/' send='true' layout='button_count' show_faces='true' width='450' height='65' action='recommend' colorscheme='light' font='lucida grande'><\/fb:like><span class=\"fb_share\"><fb:like href=\"https:\/\/www.leccecronaca.it\/index.php\/2017\/07\/12\/applicare-il-divieto-di-vendita-di-animali-nelle-fiere\/\" layout=\"button_count\"><\/fb:like><\/span>","protected":false},"excerpt":{"rendered":"<p>Riceviamo e volentieri pubblichiamo. Giuseppe Albanese di &#8216;Andare Oltre&#8217; di Lecce ci manda il seguente comunicato______ Fra poco pi\u00f9 di un mese ritorner\u00e0 la consueta Festa Patronale e con essa l\u2019annosa questione della Fiera degli animali di Frigole. Una fiera sempre arrangiata e sempre nel mancato rispetto degli animali. Negli anni, sono stati fatti molti [&hellip;]<\/p>\n","protected":false},"author":4,"featured_media":121642,"comment_status":"open","ping_status":"closed","sticky":false,"template":"","format":"standard","meta":[],"categories":[36],"tags":[],"_links":{"self":[{"href":"https:\/\/www.leccecronaca.it\/index.php\/wp-json\/wp\/v2\/posts\/121641"}],"collection":[{"href":"https:\/\/www.leccecronaca.it\/index.php\/wp-json\/wp\/v2\/posts"}],"about":[{"href":"https:\/\/www.leccecronaca.it\/index.php\/wp-json\/wp\/v2\/types\/post"}],"author":[{"embeddable":true,"href":"https:\/\/www.leccecronaca.it\/index.php\/wp-json\/wp\/v2\/users\/4"}],"replies":[{"embeddable":true,"href":"https:\/\/www.leccecronaca.it\/index.php\/wp-json\/wp\/v2\/comments?post=121641"}],"version-history":[{"count":2,"href":"https:\/\/www.leccecronaca.it\/index.php\/wp-json\/wp\/v2\/posts\/121641\/revisions"}],"predecessor-version":[{"id":121644,"href":"https:\/\/www.leccecronaca.it\/index.php\/wp-json\/wp\/v2\/posts\/121641\/revisions\/121644"}],"wp:featuredmedia":[{"embeddable":true,"href":"https:\/\/www.leccecronaca.it\/index.php\/wp-json\/wp\/v2\/media\/121642"}],"wp:attachment":[{"href":"https:\/\/www.leccecronaca.it\/index.php\/wp-json\/wp\/v2\/media?parent=121641"}],"wp:term":[{"taxonomy":"category","embeddable":true,"href":"https:\/\/www.leccecronaca.it\/index.php\/wp-json\/wp\/v2\/categories?post=121641"},{"taxonomy":"post_tag","embeddable":true,"href":"https:\/\/www.leccecronaca.it\/index.php\/wp-json\/wp\/v2\/tags?post=121641"}],"curies":[{"name":"wp","href":"https:\/\/api.w.org\/{rel}","templated":true}]}}