{"id":122438,"date":"2017-07-24T20:37:01","date_gmt":"2017-07-24T18:37:01","guid":{"rendered":"http:\/\/www.leccecronaca.it\/?p=122438"},"modified":"2017-07-25T21:13:17","modified_gmt":"2017-07-25T19:13:17","slug":"ecco-qua-la-giurisprudenza-creativa-anzi-filosofica-cosi-alcide-maritati-ha-dato-il-premio-di-maggioranza-a-carlo-salvemini-proclamati-gli-eletti-ma-i-consiglieri-di-centro-destra-sono-tutti-ass","status":"publish","type":"post","link":"https:\/\/www.leccecronaca.it\/index.php\/2017\/07\/24\/ecco-qua-la-giurisprudenza-creativa-anzi-filosofica-cosi-alcide-maritati-ha-dato-il-premio-di-maggioranza-a-carlo-salvemini-proclamati-gli-eletti-ma-i-consiglieri-di-centro-destra-sono-tutti-ass\/","title":{"rendered":"ULTIM&#8217;ORA \/ ECCO QUA LA GIURISPRUDENZA CREATIVA, ANZI FILOSOFICA. COSI&#8217; ALCIDE MARITATI HA DATO IL PREMIO DI MAGGIORANZA A CARLO SALVEMINI. PROCLAMATI GLI ELETTI, MA QUELLI DEL CENTRO DESTRA SONO TUTTI QUANTI ASSENTI: NON RICONOSCONO UN CONSIGLIO PARTORITO DA UN GIUDICE PER &#8216;TELEOLOGIA&#8217;"},"content":{"rendered":"<p style=\"text-align: justify;\"><img decoding=\"async\" loading=\"lazy\" width=\"960\" height=\"540\" title=\"20374543_10209846866904029_5360866851421552038_n\" class=\"aligncenter size-full wp-image-122439\" alt=\"\" src=\"https:\/\/www.leccecronaca.it\/wordpress\/wp-content\/uploads\/2017\/07\/20374543_10209846866904029_5360866851421552038_n.jpg\" srcset=\"https:\/\/www.leccecronaca.it\/wordpress\/wp-content\/uploads\/2017\/07\/20374543_10209846866904029_5360866851421552038_n.jpg 960w, https:\/\/www.leccecronaca.it\/wordpress\/wp-content\/uploads\/2017\/07\/20374543_10209846866904029_5360866851421552038_n-300x169.jpg 300w, https:\/\/www.leccecronaca.it\/wordpress\/wp-content\/uploads\/2017\/07\/20374543_10209846866904029_5360866851421552038_n-768x432.jpg 768w\" sizes=\"(max-width: 960px) 100vw, 960px\" \/>di <strong>Giuseppe Puppo______<\/strong><\/p>\n<p style=\"text-align: justify;\">Il presidente della commissione elettorale Alcide Maritati ha dato l&#8217; elenco ufficiale degli eletti.\u00a0Lo pubblicheremo fra pochi minuti, a seguire.\u00a0In un&#8217; aula del consiglio comunale in cui quelli del centro destra non c&#8217; erano, in aperta polemica con la sua decisione, resa nota nei giorni scorsi, di assegnare il premio di maggioranza a Carlo Salvemini, contrariamente a quelle disposizioni di legge che affermano che non ne avrebbe avuto diritto. Ma alle sei della sera siamo gi\u00e0 oltre le polemica: si consuma\u00a0un vero e proprio\u00a0strappo istituzionale, e sar\u00e0 guerra\u00a0aperta.<\/p>\n<p style=\"text-align: justify;\">Si aspettavano anche le motivazioni. Ci sono, in dodici pagine, non lette, nell&#8217; occasione, ma lasciate ai giornalisti, da cui si evince &#8211; <em>&#8220;un ragionamento che fi<\/em>la&#8221;, secondo\u00a0Maritati &#8211; che non c&#8217;\u00e8 stato nessun computo\u00a0errato dei risultati, numericamente confermati, e magari fosse stato per questo, no, c&#8217;\u00e8 ben altro:\u00a0si \u00e8 trattato di una\u00a0decisione\u00a0di\u00a0teleologia giuridica.<\/p>\n<p style=\"text-align: justify;\">Insomma, il Magistrato ha fatto a modo suo: ha unito arbitrariamente primo e secondo turno, ne ha ricavato un unicum, per cui ha fatto scattare il premio di maggioranza, per garantire comunque &#8216;la governabilit\u00e0&#8217;.<\/p>\n<p style=\"text-align: justify;\">Oltre tutto, stravolgendo la legge intera, che, come \u00e8 noto, d\u00e0 all&#8217; elettore al primo turno l&#8217; opzione del voto disgiunto.<\/p>\n<p style=\"text-align: justify;\">Lasciamo agli esperti di diritto le valutazioni specifiche.<\/p>\n<p style=\"text-align: justify;\">Lasciamo ai tribunali le sentenze, che arriveranno prima o poi, e ai politici le reazioni, a mano a mano che arriveranno.<\/p>\n<p style=\"text-align: justify;\">L&#8217; impressione di questa sera del povero giornalista \u00e8 che ora sia peggio. La\u00a0cura all&#8217; &#8216;anatra zoppa&#8217; doveva essere di natura politica, e Carlo Salvemini magari avrebbe saputo trovarla, in un modo o nell&#8217; altro. Aveva gi\u00e0 cominciato, con accenni a incarichi e presidenze. Comunque ci sarebbe stato un certo periodo di governabilit\u00e0, magari mediata, magari per i provvedimenti pi\u00f9 urgenti a favore dei Leccesi.<\/p>\n<p style=\"text-align: justify;\">Cos\u00ec invece si va allo scontro aperto. E&#8217; gi\u00e0 Aventino. E fra pochi mesi, quando arriveranno le sentenze di merito, non quelle &#8216;creative&#8217;, si bloccher\u00e0 di nuovo tutto.______<\/p>\n<p style=\"text-align: justify;\">LA RICERCA nei nostri articoli dei giorni scorsi<\/p>\n<p style=\"text-align: justify;\"><a href=\"https:\/\/www.leccecronaca.it\/index.php\/2017\/07\/19\/ultimora-miracolo-a-lecce-carlo-salvemini-non-e-piu-zoppo-l-ha-guarito-alcide-maritati-arrivato-il-verdetto-della-commissione-elettorale-comunale-presieduta-dal-magistrato-al-centro-sini\/\">https:\/\/www.leccecronaca.it\/index.php\/2017\/07\/19\/ultimora-miracolo-a-lecce-carlo-salvemini-non-e-piu-zoppo-l-ha-guarito-alcide-maritati-arrivato-il-verdetto-della-commissione-elettorale-comunale-presieduta-dal-magistrato-al-centro-sini\/<\/a><\/p>\n<p style=\"text-align: justify;\"><a href=\"https:\/\/www.leccecronaca.it\/index.php\/2017\/07\/20\/the-day-after-col-nuovo-sindaco-miracolato-e-gli-scenari-dell-immediato-futuro-con-quelli-del-centro-destra-sono-incazzati-neri-e-qualche-spunto-di-riflessione-pure-per-il-movimento-5-stelle\/\">https:\/\/www.leccecronaca.it\/index.php\/2017\/07\/20\/the-day-after-col-nuovo-sindaco-miracolato-e-gli-scenari-dell-immediato-futuro-con-quelli-del-centro-destra-sono-incazzati-neri-e-qualche-spunto-di-riflessione-pure-per-il-movimento-5-stelle\/<\/a><\/p>\n<p style=\"text-align: justify;\">\n<fb:like href='https:\/\/www.leccecronaca.it\/index.php\/2017\/07\/24\/ecco-qua-la-giurisprudenza-creativa-anzi-filosofica-cosi-alcide-maritati-ha-dato-il-premio-di-maggioranza-a-carlo-salvemini-proclamati-gli-eletti-ma-i-consiglieri-di-centro-destra-sono-tutti-ass\/' send='true' layout='button_count' show_faces='true' width='450' height='65' action='recommend' colorscheme='light' font='lucida grande'><\/fb:like><span class=\"fb_share\"><fb:like href=\"https:\/\/www.leccecronaca.it\/index.php\/2017\/07\/24\/ecco-qua-la-giurisprudenza-creativa-anzi-filosofica-cosi-alcide-maritati-ha-dato-il-premio-di-maggioranza-a-carlo-salvemini-proclamati-gli-eletti-ma-i-consiglieri-di-centro-destra-sono-tutti-ass\/\" layout=\"button_count\"><\/fb:like><\/span>","protected":false},"excerpt":{"rendered":"<p>di Giuseppe Puppo______ Il presidente della commissione elettorale Alcide Maritati ha dato l&#8217; elenco ufficiale degli eletti.\u00a0Lo pubblicheremo fra pochi minuti, a seguire.\u00a0In un&#8217; aula del consiglio comunale in cui quelli del centro destra non c&#8217; erano, in aperta polemica con la sua decisione, resa nota nei giorni scorsi, di assegnare il premio di maggioranza [&hellip;]<\/p>\n","protected":false},"author":4,"featured_media":122439,"comment_status":"open","ping_status":"closed","sticky":false,"template":"","format":"standard","meta":[],"categories":[69,76],"tags":[],"_links":{"self":[{"href":"https:\/\/www.leccecronaca.it\/index.php\/wp-json\/wp\/v2\/posts\/122438"}],"collection":[{"href":"https:\/\/www.leccecronaca.it\/index.php\/wp-json\/wp\/v2\/posts"}],"about":[{"href":"https:\/\/www.leccecronaca.it\/index.php\/wp-json\/wp\/v2\/types\/post"}],"author":[{"embeddable":true,"href":"https:\/\/www.leccecronaca.it\/index.php\/wp-json\/wp\/v2\/users\/4"}],"replies":[{"embeddable":true,"href":"https:\/\/www.leccecronaca.it\/index.php\/wp-json\/wp\/v2\/comments?post=122438"}],"version-history":[{"count":15,"href":"https:\/\/www.leccecronaca.it\/index.php\/wp-json\/wp\/v2\/posts\/122438\/revisions"}],"predecessor-version":[{"id":122441,"href":"https:\/\/www.leccecronaca.it\/index.php\/wp-json\/wp\/v2\/posts\/122438\/revisions\/122441"}],"wp:featuredmedia":[{"embeddable":true,"href":"https:\/\/www.leccecronaca.it\/index.php\/wp-json\/wp\/v2\/media\/122439"}],"wp:attachment":[{"href":"https:\/\/www.leccecronaca.it\/index.php\/wp-json\/wp\/v2\/media?parent=122438"}],"wp:term":[{"taxonomy":"category","embeddable":true,"href":"https:\/\/www.leccecronaca.it\/index.php\/wp-json\/wp\/v2\/categories?post=122438"},{"taxonomy":"post_tag","embeddable":true,"href":"https:\/\/www.leccecronaca.it\/index.php\/wp-json\/wp\/v2\/tags?post=122438"}],"curies":[{"name":"wp","href":"https:\/\/api.w.org\/{rel}","templated":true}]}}