{"id":122613,"date":"2017-07-27T14:46:06","date_gmt":"2017-07-27T12:46:06","guid":{"rendered":"http:\/\/www.leccecronaca.it\/?p=122613"},"modified":"2017-07-27T19:23:20","modified_gmt":"2017-07-27T17:23:20","slug":"non-dopo-le-7-00","status":"publish","type":"post","link":"https:\/\/www.leccecronaca.it\/index.php\/2017\/07\/27\/non-dopo-le-7-00\/","title":{"rendered":"&#8216;NON DOPO LE 7.00&#8217;"},"content":{"rendered":"<p><img decoding=\"async\" loading=\"lazy\" width=\"352\" height=\"625\" title=\"k\" class=\"aligncenter size-full wp-image-122614\" alt=\"\" src=\"https:\/\/www.leccecronaca.it\/wordpress\/wp-content\/uploads\/2017\/07\/k1.jpg\" srcset=\"https:\/\/www.leccecronaca.it\/wordpress\/wp-content\/uploads\/2017\/07\/k1.jpg 352w, https:\/\/www.leccecronaca.it\/wordpress\/wp-content\/uploads\/2017\/07\/k1-169x300.jpg 169w\" sizes=\"(max-width: 352px) 100vw, 352px\" \/>Riceviamo e volentieri pubblichiamo. Il presidente dell&#8217; associazione &#8216;Sportello dei Diritti&#8217; Giovanni D&#8217; Agata ci manda il seguente comunicato______<\/p>\n<p>Raccolta rifiuti a Lecce. Si faccia entro le 7 del mattino.<\/p>\n<p>Si continua a procedere al ritiro \u201cporta a porta\u201d oltre alle 8 ed anche alle 9. Spettacolo indecoroso segnalato da alcuni cittadini che danneggia l\u2019immagine della citt\u00e0 e pone problematiche igienico sanitarie.<\/p>\n<p>&nbsp;<\/p>\n<p>Continua la raccolta delle segnalazioni da parte dello \u201cSportello dei Diritti\u201d, per portare all\u2019attenzione della nuova amministrazione leccese una serie di problematiche che costituiscono una non voluta eredit\u00e0 dei governi precedenti e che possono essere senz\u2019altro risolte pressoch\u00e9 immediatamente con provvedimenti di non particolare complessit\u00e0.<\/p>\n<p>Questa volta un cittadino ci ha segnalato quanto continua a succedere per quanto riguarda la raccolta dei rifiuti a Lecce e come al solito le fotografie documentano pi\u00f9 di ogni parola, i fatti. Sono le 8.20 del mattino, e gli addetti della Monteco S.r.l., la societ\u00e0 appaltatrice del servizio, non sono ancora passati nelle vie del centro storico, lasciando cos\u00ec centinaia di sacchetti alla merc\u00e8 della vista di chiunque passi in zona, nonostante facciano gi\u00e0 capolino i primi turisti che si affacciano sulla parte storica della citt\u00e0, fortunatamente ancora semideserta. Un fatto che accade di sovente, in quanto pi\u00f9 volte i sacchetti, molti al di fuori dei bidoncini e quindi in bella vista su strade e marciapiedi, secondo quanto segnalatoci, sarebbero stati raccolti anche intorno alle 9.<\/p>\n<p>\u00c8 evidente, quindi per Giovanni D\u2019Agata, presidente dello \u201cSportello dei Diritti\u201d, che \u00e8 doveroso un cambio di registro, con la necessit\u00e0 che la raccolta \u201cporta a porta\u201d debba essere completata entro e non oltre le ore 7, per lo spettacolo indecoroso che danneggia l\u2019immagine della citt\u00e0 e pone non poche problematiche igienico-sanitarie in ragione dei caldi estivi gi\u00e0 alle prime ore del mattino.<\/p>\n<p>&nbsp;<\/p>\n<p>&nbsp;<\/p>\n<p>&nbsp;<\/p>\n<fb:like href='https:\/\/www.leccecronaca.it\/index.php\/2017\/07\/27\/non-dopo-le-7-00\/' send='true' layout='button_count' show_faces='true' width='450' height='65' action='recommend' colorscheme='light' font='lucida grande'><\/fb:like><span class=\"fb_share\"><fb:like href=\"https:\/\/www.leccecronaca.it\/index.php\/2017\/07\/27\/non-dopo-le-7-00\/\" layout=\"button_count\"><\/fb:like><\/span>","protected":false},"excerpt":{"rendered":"<p>Riceviamo e volentieri pubblichiamo. Il presidente dell&#8217; associazione &#8216;Sportello dei Diritti&#8217; Giovanni D&#8217; Agata ci manda il seguente comunicato______ Raccolta rifiuti a Lecce. Si faccia entro le 7 del mattino. Si continua a procedere al ritiro \u201cporta a porta\u201d oltre alle 8 ed anche alle 9. Spettacolo indecoroso segnalato da alcuni cittadini che danneggia l\u2019immagine [&hellip;]<\/p>\n","protected":false},"author":4,"featured_media":122614,"comment_status":"open","ping_status":"closed","sticky":false,"template":"","format":"standard","meta":[],"categories":[36],"tags":[],"_links":{"self":[{"href":"https:\/\/www.leccecronaca.it\/index.php\/wp-json\/wp\/v2\/posts\/122613"}],"collection":[{"href":"https:\/\/www.leccecronaca.it\/index.php\/wp-json\/wp\/v2\/posts"}],"about":[{"href":"https:\/\/www.leccecronaca.it\/index.php\/wp-json\/wp\/v2\/types\/post"}],"author":[{"embeddable":true,"href":"https:\/\/www.leccecronaca.it\/index.php\/wp-json\/wp\/v2\/users\/4"}],"replies":[{"embeddable":true,"href":"https:\/\/www.leccecronaca.it\/index.php\/wp-json\/wp\/v2\/comments?post=122613"}],"version-history":[{"count":2,"href":"https:\/\/www.leccecronaca.it\/index.php\/wp-json\/wp\/v2\/posts\/122613\/revisions"}],"predecessor-version":[{"id":122616,"href":"https:\/\/www.leccecronaca.it\/index.php\/wp-json\/wp\/v2\/posts\/122613\/revisions\/122616"}],"wp:featuredmedia":[{"embeddable":true,"href":"https:\/\/www.leccecronaca.it\/index.php\/wp-json\/wp\/v2\/media\/122614"}],"wp:attachment":[{"href":"https:\/\/www.leccecronaca.it\/index.php\/wp-json\/wp\/v2\/media?parent=122613"}],"wp:term":[{"taxonomy":"category","embeddable":true,"href":"https:\/\/www.leccecronaca.it\/index.php\/wp-json\/wp\/v2\/categories?post=122613"},{"taxonomy":"post_tag","embeddable":true,"href":"https:\/\/www.leccecronaca.it\/index.php\/wp-json\/wp\/v2\/tags?post=122613"}],"curies":[{"name":"wp","href":"https:\/\/api.w.org\/{rel}","templated":true}]}}