{"id":122817,"date":"2017-07-31T10:42:02","date_gmt":"2017-07-31T08:42:02","guid":{"rendered":"http:\/\/www.leccecronaca.it\/?p=122817"},"modified":"2017-07-31T10:42:02","modified_gmt":"2017-07-31T08:42:02","slug":"sempre-piu-cassa-integrazione-in-provincia-di-lecce","status":"publish","type":"post","link":"https:\/\/www.leccecronaca.it\/index.php\/2017\/07\/31\/sempre-piu-cassa-integrazione-in-provincia-di-lecce\/","title":{"rendered":"SEMPRE PIU&#8217; CASSA INTEGRAZIONE IN PROVINCIA DI LECCE"},"content":{"rendered":"<p><img decoding=\"async\" loading=\"lazy\" width=\"400\" height=\"273\" title=\"fabbrica_xinhua\" class=\"alignleft size-full wp-image-122818\" alt=\"\" src=\"https:\/\/www.leccecronaca.it\/wordpress\/wp-content\/uploads\/2017\/07\/fabbrica_xinhua.jpg\" srcset=\"https:\/\/www.leccecronaca.it\/wordpress\/wp-content\/uploads\/2017\/07\/fabbrica_xinhua.jpg 400w, https:\/\/www.leccecronaca.it\/wordpress\/wp-content\/uploads\/2017\/07\/fabbrica_xinhua-300x205.jpg 300w\" sizes=\"(max-width: 400px) 100vw, 400px\" \/>Riceviamo e volentieri pubblichiamo. Il segretario generale della Uil di Lecce Salvatore Giannetto ci manda il seguente comunicato______<\/p>\n<p>Continua la corsa della cassa integrazione in provincia di Lecce. Nel mese di giugno, si registra un aumento del 175 per cento delle richieste rispetto al mese precedente, mentre a livello regionale le richieste sono in netto calo (-85,3). Secondo il 6\u00b0Rapporto elaborato dalla Uil \u2013 Servizio Politiche del Lavoro, su dati Inps, ammontano a 585.425 le ore di cig complessivamente autorizzate a Lecce e provincia nel mese di giugno, contro le 212.717 di maggio. A incidere sul dato generale \u00e8 soprattutto l\u2019exploit della cig in deroga, che passa da 2.304 a 193.131 ore. Pi\u00f9 che raddoppiate anche le richieste di cig straordinaria (da 85.332 a 153.276, +79,6%) e cig ordinaria (da 125.081 a 239.018, +91,1%).<\/p>\n<p>&nbsp;<\/p>\n<p>Nel primo semestre 2017, sono state autorizzate complessivamente 1.642.501 ore di cassa integrazione, di cui 664.249 di cig ordinaria, 767.991 ore di cig straordinaria richiesta per riorganizzazione e crisi aziendali (295.368) e solidariet\u00e0 (472.623), 210.262 ore di cig in deroga (il 487 per cento in pi\u00f9 rispetto al primo semestre 2016). \u00c8 l\u2019industria il settore che ricorre di pi\u00f9 all\u2019ammortizzatore sociale, seguito da edilizia, commercio e artigianato.<\/p>\n<p>\u201c<em>Gli incrementi che registriamo da mesi nella nostra provincia sono da capogiro<\/em>\u201d, commenta Salvatore Giannetto, segretario generale Uil Lecce.<\/p>\n<p>\u201c<em>Con i dati di gi<\/em>ugno \u2013 osserva &#8211; <em>si pu\u00f2 fare una prima riflessione, quella di met\u00e0 anno, che consente al sindacato, ma anche alla politica e alle aziende di comprendere come, e se, la \u201cripresina\u201d si stia consolidando o se, come temiamo, essa \u00e8 frutto di una polarizzazione che vede solo alcune imprese crescere e molte altre in sofferenza. <\/em><\/p>\n<p><em>Le ristrutturazioni e le crisi aziendali permangono, i limiti temporali (durata) imposti dal Jobs act, unitamente al maggior costo, possono spingere alcune realt\u00e0 produttive a rinviare ammodernamenti e ristrutturazioni. Di fronte a questa situazione, occorre la consapevolezza politica di intervenire con urgenza sul rafforzamento della rete delle politiche attive come unico viatico in favore di persone in cerca di inserimento o reinserimento nel mondo del lavoro. Nelle prossime settimane si aprir\u00e0 un confronto con il Governo sui temi della crescita e del lavoro. Naturalmente per noi non ci pu\u00f2 essere antagonismo tra la protezione sociale (ammortizzatori sociali) e le politiche attive, convinti che l\u2019obiettivo prioritario non pu\u00f2 che essere far lavorare, bene, il maggior numero di persone\u201d.<\/em><\/p>\n<p>&nbsp;<\/p>\n<p>&nbsp;<\/p>\n<p>&nbsp;<\/p>\n<p>&nbsp;<\/p>\n<p>&nbsp;<\/p>\n<p>&nbsp;<\/p>\n<p>&nbsp;<\/p>\n<p>&nbsp;<\/p>\n<p>&nbsp;<\/p>\n<p>&nbsp;<\/p>\n<p>&nbsp;<\/p>\n<fb:like href='https:\/\/www.leccecronaca.it\/index.php\/2017\/07\/31\/sempre-piu-cassa-integrazione-in-provincia-di-lecce\/' send='true' layout='button_count' show_faces='true' width='450' height='65' action='recommend' colorscheme='light' font='lucida grande'><\/fb:like><span class=\"fb_share\"><fb:like href=\"https:\/\/www.leccecronaca.it\/index.php\/2017\/07\/31\/sempre-piu-cassa-integrazione-in-provincia-di-lecce\/\" layout=\"button_count\"><\/fb:like><\/span>","protected":false},"excerpt":{"rendered":"<p>Riceviamo e volentieri pubblichiamo. Il segretario generale della Uil di Lecce Salvatore Giannetto ci manda il seguente comunicato______ Continua la corsa della cassa integrazione in provincia di Lecce. Nel mese di giugno, si registra un aumento del 175 per cento delle richieste rispetto al mese precedente, mentre a livello regionale le richieste sono in netto [&hellip;]<\/p>\n","protected":false},"author":4,"featured_media":122818,"comment_status":"open","ping_status":"closed","sticky":false,"template":"","format":"standard","meta":[],"categories":[69,36],"tags":[],"_links":{"self":[{"href":"https:\/\/www.leccecronaca.it\/index.php\/wp-json\/wp\/v2\/posts\/122817"}],"collection":[{"href":"https:\/\/www.leccecronaca.it\/index.php\/wp-json\/wp\/v2\/posts"}],"about":[{"href":"https:\/\/www.leccecronaca.it\/index.php\/wp-json\/wp\/v2\/types\/post"}],"author":[{"embeddable":true,"href":"https:\/\/www.leccecronaca.it\/index.php\/wp-json\/wp\/v2\/users\/4"}],"replies":[{"embeddable":true,"href":"https:\/\/www.leccecronaca.it\/index.php\/wp-json\/wp\/v2\/comments?post=122817"}],"version-history":[{"count":1,"href":"https:\/\/www.leccecronaca.it\/index.php\/wp-json\/wp\/v2\/posts\/122817\/revisions"}],"predecessor-version":[{"id":122819,"href":"https:\/\/www.leccecronaca.it\/index.php\/wp-json\/wp\/v2\/posts\/122817\/revisions\/122819"}],"wp:featuredmedia":[{"embeddable":true,"href":"https:\/\/www.leccecronaca.it\/index.php\/wp-json\/wp\/v2\/media\/122818"}],"wp:attachment":[{"href":"https:\/\/www.leccecronaca.it\/index.php\/wp-json\/wp\/v2\/media?parent=122817"}],"wp:term":[{"taxonomy":"category","embeddable":true,"href":"https:\/\/www.leccecronaca.it\/index.php\/wp-json\/wp\/v2\/categories?post=122817"},{"taxonomy":"post_tag","embeddable":true,"href":"https:\/\/www.leccecronaca.it\/index.php\/wp-json\/wp\/v2\/tags?post=122817"}],"curies":[{"name":"wp","href":"https:\/\/api.w.org\/{rel}","templated":true}]}}