{"id":122940,"date":"2017-08-02T14:47:42","date_gmt":"2017-08-02T12:47:42","guid":{"rendered":"http:\/\/www.leccecronaca.it\/?p=122940"},"modified":"2017-08-02T18:12:41","modified_gmt":"2017-08-02T16:12:41","slug":"il-comune-rivuole-indietro-palazzo-carignani","status":"publish","type":"post","link":"https:\/\/www.leccecronaca.it\/index.php\/2017\/08\/02\/il-comune-rivuole-indietro-palazzo-carignani\/","title":{"rendered":"IL COMUNE RIVUOLE INDIETRO PALAZZO CARIGNANI"},"content":{"rendered":"<p><img decoding=\"async\" loading=\"lazy\" width=\"550\" height=\"413\" title=\"sede\" class=\"alignleft size-full wp-image-122944\" alt=\"\" src=\"https:\/\/www.leccecronaca.it\/wordpress\/wp-content\/uploads\/2017\/08\/sede.jpg\" srcset=\"https:\/\/www.leccecronaca.it\/wordpress\/wp-content\/uploads\/2017\/08\/sede.jpg 550w, https:\/\/www.leccecronaca.it\/wordpress\/wp-content\/uploads\/2017\/08\/sede-300x225.jpg 300w, https:\/\/www.leccecronaca.it\/wordpress\/wp-content\/uploads\/2017\/08\/sede-400x300.jpg 400w\" sizes=\"(max-width: 550px) 100vw, 550px\" \/>Riceviamo e volentieri pubblichiamo. L&#8217; ufficio stampa del Comune di Lecce ci manda il seguente comunicato______<\/p>\n<p>La Giunta comunale di Lecce ha dato mandato all&#8217;avvocatura comunale di intraprendere tutte le azioni giudiziarie necessarie per rientrare nel possesso dell&#8217; ala ovest di Palazzo Carignani, ceduta in uso nel 1919 all&#8217;Istituto per l&#8217;assistenza di persone ipovedenti \u201cAnna Antonaci\u201d.<\/p>\n<p>La decisione \u00e8 stata assunta sulla base di un parere dell&#8217;avvocatura comunale, che tiene conto delle recenti vicende giudiziarie che hanno coinvolto l&#8217;Istituto. Secondo gli avvocati di Palazzo Carafa sussistono tutte le condizioni necessarie perch\u00e9 il Comune di Lecce pretenda la restituzione dell&#8217;immobile.<\/p>\n<p>Parte di Palazzo Carignani \u00e8 nella disponibilit\u00e0 del Comune di Lecce dal 1909, quando l&#8217;amministrazione dell&#8217;epoca acquist\u00f2 dai proprietari l&#8217;enfiteusi dell&#8217;ala ovest. Dopo un decennio la cessione \u201cin uso\u201d all&#8217;Istituto Antonaci, valida, come riportano gli atti dell&#8217;epoca, \u201cfino a quando l&#8217;Istituto funzioner\u00e0\u201d.<\/p>\n<p>Nel frattempo il Comune \u00e8 divenuto proprietario a tutti gli effetti del bene per usucapione e l&#8217;Istituto ha mantenuto l&#8217;uso dell&#8217;immobile, senza che siano intervenuti negli anni atti di rinnovo della concessione o l&#8217;istituzione di altro tipo di rapporto con l&#8217;ente.<\/p>\n<p>Oggi, a norma di legge, risultano scaduti i termini massimi di durata per legge della concessione d&#8217;uso, e il Comune, anche sulla base di una valutazione che include le ultime vicende giudiziarie, \u00e8 nelle condizioni di richiedere l&#8217;immediata restituzione del bene._____<\/p>\n<p>LA RICERCA nel nostro articolo del 5 luglio scorso<\/p>\n<p><a href=\"https:\/\/www.leccecronaca.it\/index.php\/2017\/07\/05\/accusa-di-truffa-ai-danni-di-regione-e-provincia-l-istituto-per-ciechi-anna-antonacci-finisce-nel-mirino-della-guardia-di-finanza-ventuno-persone-denunciate-a-piede-libero\/\">https:\/\/www.leccecronaca.it\/index.php\/2017\/07\/05\/accusa-di-truffa-ai-danni-di-regione-e-provincia-l-istituto-per-ciechi-anna-antonacci-finisce-nel-mirino-della-guardia-di-finanza-ventuno-persone-denunciate-a-piede-libero\/<\/a><\/p>\n<p>&nbsp;<\/p>\n<fb:like href='https:\/\/www.leccecronaca.it\/index.php\/2017\/08\/02\/il-comune-rivuole-indietro-palazzo-carignani\/' send='true' layout='button_count' show_faces='true' width='450' height='65' action='recommend' colorscheme='light' font='lucida grande'><\/fb:like><span class=\"fb_share\"><fb:like href=\"https:\/\/www.leccecronaca.it\/index.php\/2017\/08\/02\/il-comune-rivuole-indietro-palazzo-carignani\/\" layout=\"button_count\"><\/fb:like><\/span>","protected":false},"excerpt":{"rendered":"<p>Riceviamo e volentieri pubblichiamo. L&#8217; ufficio stampa del Comune di Lecce ci manda il seguente comunicato______ La Giunta comunale di Lecce ha dato mandato all&#8217;avvocatura comunale di intraprendere tutte le azioni giudiziarie necessarie per rientrare nel possesso dell&#8217; ala ovest di Palazzo Carignani, ceduta in uso nel 1919 all&#8217;Istituto per l&#8217;assistenza di persone ipovedenti \u201cAnna [&hellip;]<\/p>\n","protected":false},"author":4,"featured_media":122944,"comment_status":"open","ping_status":"closed","sticky":false,"template":"","format":"standard","meta":[],"categories":[69,36],"tags":[],"_links":{"self":[{"href":"https:\/\/www.leccecronaca.it\/index.php\/wp-json\/wp\/v2\/posts\/122940"}],"collection":[{"href":"https:\/\/www.leccecronaca.it\/index.php\/wp-json\/wp\/v2\/posts"}],"about":[{"href":"https:\/\/www.leccecronaca.it\/index.php\/wp-json\/wp\/v2\/types\/post"}],"author":[{"embeddable":true,"href":"https:\/\/www.leccecronaca.it\/index.php\/wp-json\/wp\/v2\/users\/4"}],"replies":[{"embeddable":true,"href":"https:\/\/www.leccecronaca.it\/index.php\/wp-json\/wp\/v2\/comments?post=122940"}],"version-history":[{"count":3,"href":"https:\/\/www.leccecronaca.it\/index.php\/wp-json\/wp\/v2\/posts\/122940\/revisions"}],"predecessor-version":[{"id":122946,"href":"https:\/\/www.leccecronaca.it\/index.php\/wp-json\/wp\/v2\/posts\/122940\/revisions\/122946"}],"wp:featuredmedia":[{"embeddable":true,"href":"https:\/\/www.leccecronaca.it\/index.php\/wp-json\/wp\/v2\/media\/122944"}],"wp:attachment":[{"href":"https:\/\/www.leccecronaca.it\/index.php\/wp-json\/wp\/v2\/media?parent=122940"}],"wp:term":[{"taxonomy":"category","embeddable":true,"href":"https:\/\/www.leccecronaca.it\/index.php\/wp-json\/wp\/v2\/categories?post=122940"},{"taxonomy":"post_tag","embeddable":true,"href":"https:\/\/www.leccecronaca.it\/index.php\/wp-json\/wp\/v2\/tags?post=122940"}],"curies":[{"name":"wp","href":"https:\/\/api.w.org\/{rel}","templated":true}]}}