{"id":123351,"date":"2017-08-08T19:00:14","date_gmt":"2017-08-08T17:00:14","guid":{"rendered":"http:\/\/www.leccecronaca.it\/?p=123351"},"modified":"2017-08-08T19:00:21","modified_gmt":"2017-08-08T17:00:21","slug":"asl-e-sindacati-progetti-progetti-progetti","status":"publish","type":"post","link":"https:\/\/www.leccecronaca.it\/index.php\/2017\/08\/08\/asl-e-sindacati-progetti-progetti-progetti\/","title":{"rendered":"ASL E SINDACATI, PROGETTI&#8230;PROGETTI&#8230;PROGETTI"},"content":{"rendered":"<p style=\"text-align: left;\" align=\"center\"><img decoding=\"async\" loading=\"lazy\" src=\"https:\/\/www.leccecronaca.it\/wordpress\/wp-content\/uploads\/2017\/08\/malasanit1.jpg\" alt=\"\" title=\"malasanit1\" width=\"254\" height=\"314\" class=\"alignleft size-full wp-image-123352\" srcset=\"https:\/\/www.leccecronaca.it\/wordpress\/wp-content\/uploads\/2017\/08\/malasanit1.jpg 254w, https:\/\/www.leccecronaca.it\/wordpress\/wp-content\/uploads\/2017\/08\/malasanit1-243x300.jpg 243w\" sizes=\"(max-width: 254px) 100vw, 254px\" \/>Riceviamo e volentieri pubblichiamo______Tre aree d\u2019intervento amministrative e due sanitarie. Sono le priorit\u00e0 individuate stamane nella prima riunione del Tavolo tecnico, organismo misto varato dalla Direzione Strategica della ASL Lecce assieme ai sindacati di categoria per dettare linea e contenuti dei Progetti Obiettivo. Si tratta, in sostanza, di una forma di incentivazione per progetti realizzati fuori dall\u2019orario di lavoro e finanziati assegnando sia una quota percentuale del fondo di produttivit\u00e0 aziendale, sia un\u2019altra parte ricavata dalla quota autorizzabile del fondo per il lavoro straordinario.<\/p>\n<p>Durante la riunione in Direzione Generale, \u00e8 stata trovata l\u2019intesa per utilizzare i fondi disponibili nell\u2019ultima parte del 2017, gettando anche le basi per un\u2019adeguata programmazione per il 2018. L\u2019obiettivo strategico \u00e8 confermato, ossia utilizzare questo strumento per migliorare la qualit\u00e0 della performance aziendale. Per far ci\u00f2, una volta individuate le aree pi\u00f9 critiche, sar\u00e0 pi\u00f9 semplice selezionare i progetti in grado di \u201cincrociarsi\u201d meglio con gli obiettivi aziendali.<\/p>\n<p>Nello specifico, si \u00e8 deciso di valorizzare due linee di sviluppo in area sanitaria: la prima riguardante l\u2019attuazione del percorso DOP (Dimissione ospedaliera protetta), la seconda connessa alla consegna dei farmaci alla dimissione dall\u2019Ospedale. Tre le aree selezionate per il settore amministrativo: recupero crediti (mancato pagamento ticket per codice bianco da Pronto Soccorso, mancate disdette entro le 48 ore dalla data di prenotazione, controllo autocertificazioni per esenzioni, ecc); riduzione dei tempi di espletamento delle procedure di gara per l\u2019acquisto beni e servizi; riduzione dei tempi d\u2019istruttoria per le procedure concorsuali e per le attivit\u00e0 connesse alla stabilizzazione del personale. Toccher\u00e0, quindi, a dei referenti aziendali individuare i progetti da sottoporre al Tavolo tecnico, gi\u00e0 programmato per il prossimo 15 settembre.<\/p>\n<p>&nbsp;<\/p>\n<p>Tutti gli altri progetti gi\u00e0 presentati, per\u00f2, non andranno perduti, perch\u00e9 costituiranno la base di lavoro, un apprezzabile patrimonio di idee, da cui partire per stilare l\u2019agenda del prossimo anno.\u00a0 Sul tappeto la Direzione Strategica ha gi\u00e0 fissato alcune tematiche sulle quali investire risorse e far convergere i prossimi Progetti Obiettivo, tra cui uno dedicato alla promozione di salute in et\u00e0 adolescenziale per il superamento delle criticit\u00e0 legate all\u2019identit\u00e0 di genere, ai suicidi giovanili, al femminicidio, alle violenze sulle donne, all\u2019abuso di sostanze e alcool tra i giovani: un vero e proprio focus su cui intervenire assieme alle scuole del territorio della Asl Lecce.<\/p>\n<p>Lo schema di lavoro, comunque, non cambia: definite le priorit\u00e0 a livello aziendale, spetter\u00e0 al Tavolo indicare i progetti migliori e pi\u00f9 meritevoli d\u2019essere incentivati. E anche su tempi e criteri di giudizio, Asl e sindacati vanno a nozze: ogni progetto dev\u2019essere verificato, misurabile, di qualit\u00e0 e realizzato in tempi brevi.<\/p>\n<p>&nbsp;<\/p>\n<p>&nbsp;<\/p>\n<fb:like href='https:\/\/www.leccecronaca.it\/index.php\/2017\/08\/08\/asl-e-sindacati-progetti-progetti-progetti\/' send='true' layout='button_count' show_faces='true' width='450' height='65' action='recommend' colorscheme='light' font='lucida grande'><\/fb:like><span class=\"fb_share\"><fb:like href=\"https:\/\/www.leccecronaca.it\/index.php\/2017\/08\/08\/asl-e-sindacati-progetti-progetti-progetti\/\" layout=\"button_count\"><\/fb:like><\/span>","protected":false},"excerpt":{"rendered":"<p>Riceviamo e volentieri pubblichiamo______Tre aree d\u2019intervento amministrative e due sanitarie. Sono le priorit\u00e0 individuate stamane nella prima riunione del Tavolo tecnico, organismo misto varato dalla Direzione Strategica della ASL Lecce assieme ai sindacati di categoria per dettare linea e contenuti dei Progetti Obiettivo. Si tratta, in sostanza, di una forma di incentivazione per progetti realizzati [&hellip;]<\/p>\n","protected":false},"author":4,"featured_media":123352,"comment_status":"open","ping_status":"closed","sticky":false,"template":"","format":"standard","meta":[],"categories":[36],"tags":[],"_links":{"self":[{"href":"https:\/\/www.leccecronaca.it\/index.php\/wp-json\/wp\/v2\/posts\/123351"}],"collection":[{"href":"https:\/\/www.leccecronaca.it\/index.php\/wp-json\/wp\/v2\/posts"}],"about":[{"href":"https:\/\/www.leccecronaca.it\/index.php\/wp-json\/wp\/v2\/types\/post"}],"author":[{"embeddable":true,"href":"https:\/\/www.leccecronaca.it\/index.php\/wp-json\/wp\/v2\/users\/4"}],"replies":[{"embeddable":true,"href":"https:\/\/www.leccecronaca.it\/index.php\/wp-json\/wp\/v2\/comments?post=123351"}],"version-history":[{"count":2,"href":"https:\/\/www.leccecronaca.it\/index.php\/wp-json\/wp\/v2\/posts\/123351\/revisions"}],"predecessor-version":[{"id":123354,"href":"https:\/\/www.leccecronaca.it\/index.php\/wp-json\/wp\/v2\/posts\/123351\/revisions\/123354"}],"wp:featuredmedia":[{"embeddable":true,"href":"https:\/\/www.leccecronaca.it\/index.php\/wp-json\/wp\/v2\/media\/123352"}],"wp:attachment":[{"href":"https:\/\/www.leccecronaca.it\/index.php\/wp-json\/wp\/v2\/media?parent=123351"}],"wp:term":[{"taxonomy":"category","embeddable":true,"href":"https:\/\/www.leccecronaca.it\/index.php\/wp-json\/wp\/v2\/categories?post=123351"},{"taxonomy":"post_tag","embeddable":true,"href":"https:\/\/www.leccecronaca.it\/index.php\/wp-json\/wp\/v2\/tags?post=123351"}],"curies":[{"name":"wp","href":"https:\/\/api.w.org\/{rel}","templated":true}]}}