{"id":123405,"date":"2017-08-10T14:49:36","date_gmt":"2017-08-10T12:49:36","guid":{"rendered":"http:\/\/www.leccecronaca.it\/?p=123405"},"modified":"2017-08-10T14:49:36","modified_gmt":"2017-08-10T12:49:36","slug":"lecce-daniele-silvestri-a-suoni-del-barocco","status":"publish","type":"post","link":"https:\/\/www.leccecronaca.it\/index.php\/2017\/08\/10\/lecce-daniele-silvestri-a-suoni-del-barocco\/","title":{"rendered":"LECCE: DANIELE SILVESTRI A SUONI DEL BAROCCO"},"content":{"rendered":"<p><strong><img decoding=\"async\" loading=\"lazy\" src=\"https:\/\/www.leccecronaca.it\/wordpress\/wp-content\/uploads\/2017\/08\/Silvestri.jpg\" alt=\"\" title=\"Silvestri\" width=\"1000\" height=\"667\" class=\"alignleft size-full wp-image-123406\" srcset=\"https:\/\/www.leccecronaca.it\/wordpress\/wp-content\/uploads\/2017\/08\/Silvestri.jpg 1000w, https:\/\/www.leccecronaca.it\/wordpress\/wp-content\/uploads\/2017\/08\/Silvestri-300x200.jpg 300w, https:\/\/www.leccecronaca.it\/wordpress\/wp-content\/uploads\/2017\/08\/Silvestri-768x512.jpg 768w\" sizes=\"(max-width: 1000px) 100vw, 1000px\" \/><\/strong><em>(gm)_______<\/em>Daniele Silvestri torna live e fa tappa a Lecce con il suo \u201cOverTour\u201d, due appuntamenti esclusivi luned\u00ec 21 e marted\u00ec 22 agosto nella suggestiva cornice del Teatro Romano nell&#8217;ambito della rassegna Suoni del Barocco, il ciclo di concerti organizzato da PM Eventi che ospita, nel cuore della citt\u00e0, i migliori artisti del panorama musicale italiano.<br \/>\nDopo il successo della data speciale a \u201cRock in Roma\u201d, dove in oltre 8.000 hanno applaudito l\u2019artista sul palco di Capannelle, e dopo il trionfo in trio con Carmen Consoli e Max Gazz\u00e8 al Collisioni Festival con oltre 20.000 persone nei due appuntamenti a Barolo, Daniele torna dunque on stage con la sua band.<br \/>\nVincitore di numerosi riconoscimenti, tra cui Targa Tenco per miglior album d&#8217;esordio (<em>Daniele Silvestri, 1994<\/em>) e la per miglior canzone dell&#8217;anno (<em>Le cose in comune, 1995<\/em>), il premio Volare per il miglior testo letterario de<em> \u201c<\/em><em>L&#8217;uomo col megafono\u201d <\/em>del 1995 ed il Premio Mia Martini al Festival di Sanremo (<em>Aria, 1999<\/em>), il cantautore romano ha firmato negli anni straordinari successi tra cui \u201c<em>Salir\u00f2\u201d, \u201cSempre di domenica\u201d, \u201cIl mio nemico\u201d, \u201cKunta Kinte\u201d <\/em>(in collaborazione con Frankie Hi-nrg), \u201c<em>Il secondo a sinistra\u201d <\/em>(brano cantato da Mina).<\/p>\n<p>Il nome del tour \u00e8 stato ideato dallo stesso Silvestri giocando con le parole, come succede di frequente nei testi delle sue canzoni:\u00a0\u201c<em>Un tour \u201cover\u201d, cio\u00e8 \u201coltre\u201d&#8230; e anche un po&#8217; \u201csopra\u201d.<\/em> <em>Ma \u00e8 anche un po&#8217; un&#8217;ouverture, perch\u00e9 come spesso accade la fine di un viaggio coincide con l&#8217;inizio di un altro. E tra le nostre dita passano gi\u00e0 le note di un nuovo disco in fase di ultimazione e un bel po&#8217; di idee nuove da sperimentare, di nuove porte da aprire\u201d.<\/em><\/p>\n<p>Niente megaschermi o effetti speciali nei due appuntamenti leccesi: sar\u00e0 la bellezza del paesaggio naturale e la preziosit\u00e0 del contesto storico-architettonico a fare da fondale alla scena.<br \/>\nA distanza di solo un anno, dunque, Daniele Silvestri ritorna in Salento dopo il grande successo riscosso con <em>\u201cAcrobati\u201d<\/em>, un album straordinariamente ricco di contenuti e di musica, da cui emergono limpidi l\u2019entusiasmo e l\u2019urgenza creativa di Silvestri. Un sound potente, che spazia agilmente tra generi diversi, dal rock, al funky, dalla canzone d\u2019autore all\u2019elettronica.<br \/>\nAd accompagnare Silvestri sul palco ci saranno sette musicisti, tra collaboratori di vecchia data e recenti acquisizioni di altissimo livello: Piero Monterisi alla batteria, Gianluca Misiti e Duilio Galioto alle tastiere, Gabriele Lazzarotti al basso, Sebastiano De Gennaro alle percussioni e al vibrafono, Daniele Fiaschi alle chitarre e Marco Santoro al fagotto, alla tromba e ai cori.<\/p>\n<p>&nbsp;<\/p>\n<fb:like href='https:\/\/www.leccecronaca.it\/index.php\/2017\/08\/10\/lecce-daniele-silvestri-a-suoni-del-barocco\/' send='true' layout='button_count' show_faces='true' width='450' height='65' action='recommend' colorscheme='light' font='lucida grande'><\/fb:like><span class=\"fb_share\"><fb:like href=\"https:\/\/www.leccecronaca.it\/index.php\/2017\/08\/10\/lecce-daniele-silvestri-a-suoni-del-barocco\/\" layout=\"button_count\"><\/fb:like><\/span>","protected":false},"excerpt":{"rendered":"<p>(gm)_______Daniele Silvestri torna live e fa tappa a Lecce con il suo \u201cOverTour\u201d, due appuntamenti esclusivi luned\u00ec 21 e marted\u00ec 22 agosto nella suggestiva cornice del Teatro Romano nell&#8217;ambito della rassegna Suoni del Barocco, il ciclo di concerti organizzato da PM Eventi che ospita, nel cuore della citt\u00e0, i migliori artisti del panorama musicale italiano. [&hellip;]<\/p>\n","protected":false},"author":4,"featured_media":123406,"comment_status":"open","ping_status":"closed","sticky":false,"template":"","format":"standard","meta":[],"categories":[75],"tags":[],"_links":{"self":[{"href":"https:\/\/www.leccecronaca.it\/index.php\/wp-json\/wp\/v2\/posts\/123405"}],"collection":[{"href":"https:\/\/www.leccecronaca.it\/index.php\/wp-json\/wp\/v2\/posts"}],"about":[{"href":"https:\/\/www.leccecronaca.it\/index.php\/wp-json\/wp\/v2\/types\/post"}],"author":[{"embeddable":true,"href":"https:\/\/www.leccecronaca.it\/index.php\/wp-json\/wp\/v2\/users\/4"}],"replies":[{"embeddable":true,"href":"https:\/\/www.leccecronaca.it\/index.php\/wp-json\/wp\/v2\/comments?post=123405"}],"version-history":[{"count":1,"href":"https:\/\/www.leccecronaca.it\/index.php\/wp-json\/wp\/v2\/posts\/123405\/revisions"}],"predecessor-version":[{"id":123407,"href":"https:\/\/www.leccecronaca.it\/index.php\/wp-json\/wp\/v2\/posts\/123405\/revisions\/123407"}],"wp:featuredmedia":[{"embeddable":true,"href":"https:\/\/www.leccecronaca.it\/index.php\/wp-json\/wp\/v2\/media\/123406"}],"wp:attachment":[{"href":"https:\/\/www.leccecronaca.it\/index.php\/wp-json\/wp\/v2\/media?parent=123405"}],"wp:term":[{"taxonomy":"category","embeddable":true,"href":"https:\/\/www.leccecronaca.it\/index.php\/wp-json\/wp\/v2\/categories?post=123405"},{"taxonomy":"post_tag","embeddable":true,"href":"https:\/\/www.leccecronaca.it\/index.php\/wp-json\/wp\/v2\/tags?post=123405"}],"curies":[{"name":"wp","href":"https:\/\/api.w.org\/{rel}","templated":true}]}}