{"id":123702,"date":"2017-08-13T20:10:46","date_gmt":"2017-08-13T18:10:46","guid":{"rendered":"http:\/\/www.leccecronaca.it\/?p=123702"},"modified":"2017-08-13T20:11:27","modified_gmt":"2017-08-13T18:11:27","slug":"i-rifiuti-della-frazione-organica-non-raccolti-a-lecce-citta-l-impianto-di-compostaggio-chiuso-per-ferie-e-giovanni-d-agata-presenta-un-esposto-in-procura","status":"publish","type":"post","link":"https:\/\/www.leccecronaca.it\/index.php\/2017\/08\/13\/i-rifiuti-della-frazione-organica-non-raccolti-a-lecce-citta-l-impianto-di-compostaggio-chiuso-per-ferie-e-giovanni-d-agata-presenta-un-esposto-in-procura\/","title":{"rendered":"I RIFIUTI DELLA FRAZIONE ORGANICA NON RACCOLTI A LECCE CITTA&#8217;, L&#8217; IMPIANTO DI COMPOSTAGGIO CHIUSO&#8230;E GIOVANNI D&#8217; AGATA PRESENTA UN ESPOSTO IN PROCURA"},"content":{"rendered":"<p><img decoding=\"async\" loading=\"lazy\" width=\"1000\" height=\"562\" title=\"cover-spazzatura\" class=\"alignright size-full wp-image-123703\" alt=\"\" src=\"https:\/\/www.leccecronaca.it\/wordpress\/wp-content\/uploads\/2017\/08\/cover-spazzatura1.jpg\" srcset=\"https:\/\/www.leccecronaca.it\/wordpress\/wp-content\/uploads\/2017\/08\/cover-spazzatura1.jpg 1000w, https:\/\/www.leccecronaca.it\/wordpress\/wp-content\/uploads\/2017\/08\/cover-spazzatura1-300x169.jpg 300w, https:\/\/www.leccecronaca.it\/wordpress\/wp-content\/uploads\/2017\/08\/cover-spazzatura1-768x432.jpg 768w\" sizes=\"(max-width: 1000px) 100vw, 1000px\" \/>(e.l.)______L&#8217; afa sembra passata,\u00a0la puzza nelle case e nei condomini\u00a0di Lecce citt\u00e0 no, dopo che non si \u00e8 provveduto al ritiro della frazione organica delle utenze domestiche in ragione della chiusura dell\u2019impianto di compostaggio, gi\u00e0 dichiarato saturo e al centro di problemi,\u00a0per il ponte di \u201cFerragosto\u201d.<\/p>\n<p>Lo aveva annunciato un comunicato dell&#8217; amministrazione comunale e della Monteco, che avevano avvisato la cittadinanza <em>&#8220;che l\u2019impianto di compostaggio presso il quale viene smaltito il rifiuto organico raccolto a Lecce rester\u00e0 chiuso luned\u00ec 14 e marted\u00ec 15 agosto per la pausa estiva. Pertanto a partire da domani sabato 12 agosto ci vediamo costretti a a non ritirare la frazione organica dalle utenze domestiche. Pertanto invitiamo i cittadini a non conferirlo a marciapiede. La raccolta riprender\u00e0 regolarmente mercoled\u00ec 16&#8221;. Si tratta di un disagio legato a fattori non dipendenti dalla nostra responsabilit\u00e0 che, tra l\u2019altro, si ripete da pi\u00f9 anni negli stessi giorni. Per questo chiediamo ai cittadini di avere pazienza e di non smaltire in modo improprio il rifiuto organico. Il disagio durer\u00e0 pochi giorni, e certamente provvederemo a porre rimedio anche questa interruzione ricorrente\u201d<\/em><\/p>\n<p>Si tratta di &#8220;un fatto gravissimo che pone serie problematiche igienico \u2013 sanitarie proprio nella parte calda della stagione&#8221;, secondo il presidente dell&#8217; associazione Sportello dei diritti Giovanni D&#8217; Agata, il quale ha preparato\u00a0un esposto presso la Procura della Repubblica di Lecce che verr\u00e0 depositato nella mattinata di\u00a0luned\u00ec 14, per le opportune verifiche da parte dell\u2019autorit\u00e0 giudiziaria.<\/p>\n<p>Si chiede, in particolare, se vi siano reati tra cui quello d\u2019\u201cInterruzione di un ufficio o servizio pubblico o di un servizio di pubblica necessit\u00e0\u201d di cui all\u2019articolo 340 del codice penale.<\/p>\n<p>Per Giovanni D&#8217; Agata,\u00a0<em>&#8220;\u00e8 evidente, nella fattispecie, che non possa essere imputata alcuna responsabilit\u00e0 al nuovo assessore, alla giunta o al sindaco appena insediatisi, perch\u00e9 una vicenda del genere \u00e8 senz\u2019altro frutto di erronea programmazione perch\u00e9 dovevano essere individuati per tempo impianti alternativi per evitare che accadesse ci\u00f2 che sta succedendo nel capoluogo salentino essendo, peraltro, noto che l\u2019impianto normalmente utilizzato anche l\u2019anno passato era rimasto chiuso per il 15 agosto, mentre quest\u2019anno il calendario con il relativo ponte del 14 avrebbe ben dovuto far prevedere la possibilit\u00e0 di questa che assume il carattere di vera e propria emergenza con i cittadini costretti a tenersi in casa la parte pi\u00f9 deperibile dell\u2019immondizia&#8221;.<\/em><\/p>\n<p>Proprio per queste ragioni,\u00a0<em>&#8220;\u00e8 necessario approfondire la questione anche per evitare che in futuro accadano fatti del genere e far comprendere perch\u00e9 non siano state individuate soluzioni alternative nel periodo clou dell\u2019afflusso turistico in citt\u00e0&#8221;.______<\/em><\/p>\n<p>LA RICERCA nel nostro articolo del 13 luglio<\/p>\n<p><a href=\"https:\/\/www.leccecronaca.it\/index.php\/2017\/07\/13\/il-primo-problema-urgente-per-il-nuovo-sinaco-carlo-salvemini-dove-smaltiamo-l-umido-nonostante-le-assicurazioni-dei-giorni-scorsi-niente-e-a-posto-e-niente-in-ordine-ecco-qual-e-la-situazio\/\">https:\/\/www.leccecronaca.it\/index.php\/2017\/07\/13\/il-primo-problema-urgente-per-il-nuovo-sinaco-carlo-salvemini-dove-smaltiamo-l-umido-nonostante-le-assicurazioni-dei-giorni-scorsi-niente-e-a-posto-e-niente-in-ordine-ecco-qual-e-la-situazio\/<\/a><\/p>\n<p>&nbsp;<\/p>\n<p>&nbsp;<\/p>\n<fb:like href='https:\/\/www.leccecronaca.it\/index.php\/2017\/08\/13\/i-rifiuti-della-frazione-organica-non-raccolti-a-lecce-citta-l-impianto-di-compostaggio-chiuso-per-ferie-e-giovanni-d-agata-presenta-un-esposto-in-procura\/' send='true' layout='button_count' show_faces='true' width='450' height='65' action='recommend' colorscheme='light' font='lucida grande'><\/fb:like><span class=\"fb_share\"><fb:like href=\"https:\/\/www.leccecronaca.it\/index.php\/2017\/08\/13\/i-rifiuti-della-frazione-organica-non-raccolti-a-lecce-citta-l-impianto-di-compostaggio-chiuso-per-ferie-e-giovanni-d-agata-presenta-un-esposto-in-procura\/\" layout=\"button_count\"><\/fb:like><\/span>","protected":false},"excerpt":{"rendered":"<p>(e.l.)______L&#8217; afa sembra passata,\u00a0la puzza nelle case e nei condomini\u00a0di Lecce citt\u00e0 no, dopo che non si \u00e8 provveduto al ritiro della frazione organica delle utenze domestiche in ragione della chiusura dell\u2019impianto di compostaggio, gi\u00e0 dichiarato saturo e al centro di problemi,\u00a0per il ponte di \u201cFerragosto\u201d. Lo aveva annunciato un comunicato dell&#8217; amministrazione comunale e [&hellip;]<\/p>\n","protected":false},"author":4,"featured_media":123703,"comment_status":"open","ping_status":"closed","sticky":false,"template":"","format":"standard","meta":[],"categories":[69,76],"tags":[],"_links":{"self":[{"href":"https:\/\/www.leccecronaca.it\/index.php\/wp-json\/wp\/v2\/posts\/123702"}],"collection":[{"href":"https:\/\/www.leccecronaca.it\/index.php\/wp-json\/wp\/v2\/posts"}],"about":[{"href":"https:\/\/www.leccecronaca.it\/index.php\/wp-json\/wp\/v2\/types\/post"}],"author":[{"embeddable":true,"href":"https:\/\/www.leccecronaca.it\/index.php\/wp-json\/wp\/v2\/users\/4"}],"replies":[{"embeddable":true,"href":"https:\/\/www.leccecronaca.it\/index.php\/wp-json\/wp\/v2\/comments?post=123702"}],"version-history":[{"count":2,"href":"https:\/\/www.leccecronaca.it\/index.php\/wp-json\/wp\/v2\/posts\/123702\/revisions"}],"predecessor-version":[{"id":123705,"href":"https:\/\/www.leccecronaca.it\/index.php\/wp-json\/wp\/v2\/posts\/123702\/revisions\/123705"}],"wp:featuredmedia":[{"embeddable":true,"href":"https:\/\/www.leccecronaca.it\/index.php\/wp-json\/wp\/v2\/media\/123703"}],"wp:attachment":[{"href":"https:\/\/www.leccecronaca.it\/index.php\/wp-json\/wp\/v2\/media?parent=123702"}],"wp:term":[{"taxonomy":"category","embeddable":true,"href":"https:\/\/www.leccecronaca.it\/index.php\/wp-json\/wp\/v2\/categories?post=123702"},{"taxonomy":"post_tag","embeddable":true,"href":"https:\/\/www.leccecronaca.it\/index.php\/wp-json\/wp\/v2\/tags?post=123702"}],"curies":[{"name":"wp","href":"https:\/\/api.w.org\/{rel}","templated":true}]}}