{"id":124069,"date":"2017-08-18T14:56:05","date_gmt":"2017-08-18T12:56:05","guid":{"rendered":"http:\/\/www.leccecronaca.it\/?p=124069"},"modified":"2017-08-18T14:56:05","modified_gmt":"2017-08-18T12:56:05","slug":"modifiche-della-circolazione-per-domenica-20","status":"publish","type":"post","link":"https:\/\/www.leccecronaca.it\/index.php\/2017\/08\/18\/modifiche-della-circolazione-per-domenica-20\/","title":{"rendered":"MODIFICHE DELLA CIRCOLAZIONE PER DOMENICA 20"},"content":{"rendered":"<p><img decoding=\"async\" loading=\"lazy\" width=\"1024\" height=\"576\" title=\"frecce-tricolori-1\" class=\"alignright size-large wp-image-124071\" alt=\"\" src=\"https:\/\/www.leccecronaca.it\/wordpress\/wp-content\/uploads\/2017\/08\/frecce-tricolori-1-1024x576.jpg\" srcset=\"https:\/\/www.leccecronaca.it\/wordpress\/wp-content\/uploads\/2017\/08\/frecce-tricolori-1-1024x576.jpg 1024w, https:\/\/www.leccecronaca.it\/wordpress\/wp-content\/uploads\/2017\/08\/frecce-tricolori-1-300x169.jpg 300w, https:\/\/www.leccecronaca.it\/wordpress\/wp-content\/uploads\/2017\/08\/frecce-tricolori-1-768x432.jpg 768w, https:\/\/www.leccecronaca.it\/wordpress\/wp-content\/uploads\/2017\/08\/frecce-tricolori-1-1536x864.jpg 1536w, https:\/\/www.leccecronaca.it\/wordpress\/wp-content\/uploads\/2017\/08\/frecce-tricolori-1.jpg 1600w\" sizes=\"(max-width: 1024px) 100vw, 1024px\" \/>Riceviamo e volentieri pubblichiamo. L&#8217; ufficio stampa del Comune di Lecce ci manda il seguente comunicato______<\/p>\n<p>In occasione della manifestazione aerea &#8220;Aeronautica e Salento&#8221; organizzata dall&#8217;Aero Club di Lecce VEGA ULM in collaborazione con il Comune di Lecce e il Comune di Vernole, la Pattuglia Acrobatica Nazionale &#8220;Frecce Tricolori&#8221; si esibir\u00e0 nel cielo di San Cataldo domenica 20 agosto a partire dalle ore 15.<\/p>\n<p>Prevedendo una notevole affluenza di pubblico, il Comune di Lecce ha predisposto un Piano del traffico ad hoc per la giornata di domenica 20 agosto al fine di garantire un ordinato afflusso degli spettatori sul lungomare di San Cataldo e un altrettanto ordinato deflusso al termine dello spettacolo.<\/p>\n<p>San Cataldo chiusa al traffico dalle 13,30.<\/p>\n<p>Dalle ore 13,30 alle ore 18,30 la strada Lecce \u2013 San Cataldo (Provinciale 364) sar\u00e0 chiusa al traffico in direzione della marina leccese. Chi vorr\u00e0 raggiungere San Cataldo con mezzo proprio dovr\u00e0 farlo necessariamente prima delle 13.30.<\/p>\n<p>Sempre a partire dalle 13.30, ampie aree di San Cataldo saranno interessate da divieto di transito. Accesso completo sar\u00e0 garantito solo ai veicoli delle Forze dell\u2019Ordine, di emergenza, dei medici in servizio di guardia medica e di quelli per visite domiciliari urgenti; le Autorit\u00e0 invitate alla manifestazione; gli utenti delle farmacie di turno; le navette del servizio di trasporto pubblico appositamente istituito; le persone in possesso di contrassegno CUDE; i residenti, ad eccezione del lungomare di Verrazzano e lungomare A. Vespucci di competenza comunale. Durante l\u2019orario di chiusura al traffico sar\u00e0 consentita l\u2019uscita dei veicoli precedentemente parcheggiati dagli utenti nelle stesse aree chiuse.<\/p>\n<p>Per aggirare la chiusura del traffico intorno alla marina leccese saranno garantiti dei percorsi alternativi opportunamente segnalati in tutte le direzioni: da Frigole verso San Foca e viceversa, e da Frigole e San Foca verso Lecce. La strada provinciale Strada Provinciale 298 San Cataldo-Lecce (Fondone) rester\u00e0 aperta al traffico.<\/p>\n<p>Trasporto pubblico potenziato: navette gratuite ogni dieci minuti da Lecce a San Cataldo.<\/p>\n<p>L&#8217;ufficio Traffico del Comune di Lecce ha organizzato il servizio di trasporto gratuito con navette (linee 32 e 32 express) per agevolare la partecipazione dei cittadini a Lecce Air Show 2017 e il loro efficiente ritorno in citt\u00e0 dopo l&#8217;esibizione delle Frecce Tricolore.<\/p>\n<p>La consueta linea di trasporto pubblico numero 32, gi\u00e0 in servizio tutti i giorni dalla citt\u00e0 alla marina, sar\u00e0 integrata e potenziata dalla linea 32 express, con il risultato di garantire agli utenti un tempo di attesa di massimo 10 minuti per ogni viaggio. Sar\u00e0 possibile salire sulle navette dalle stazioni del City Terminal, di Settelacquare (entrambe munite di ampio parcheggio), di Viale Roma (area mercato bisettimanale) per muoversi da Lecce a San Cataldo e dalle fermate Darsena e Faro per tornare a Lecce.<\/p>\n<p>\u201c<em>Sar\u00e0 una manifestazione di grande portata, dalla forte carica spettacolare, per cui ci aspettiamo che moltissimi cittadini, leccesi e non, vorranno parteciparvi<\/em> \u2013 ha dichiarato il sindaco Salvemini \u2013 <em>Per questo abbiamo predisposto un piano del traffico ad hoc. L&#8217;importante \u00e8 ricordare che dalle 13.30 il Comune garantir\u00e0 gratuitamente il trasporto verso San Cataldo con navette ogni 10 minuti, che sar\u00e0 possibile salire sulle navette all&#8217;altezza di fermate come Settelacquare e via Bari che dispongono di ampi parcheggi. Per cui tutti avranno la possibilit\u00e0 di parcheggiare e raggiungere la manifestazione con i mezzi pubblici. Da parte nostra come amministrazione comunale ci sforzeremo di ridurre al minimo l&#8217;impatto dell&#8217;evento e i disagi per la cittadinanza<\/em>\u201d.<\/p>\n<p>&nbsp;<\/p>\n<p>&nbsp;<\/p>\n<fb:like href='https:\/\/www.leccecronaca.it\/index.php\/2017\/08\/18\/modifiche-della-circolazione-per-domenica-20\/' send='true' layout='button_count' show_faces='true' width='450' height='65' action='recommend' colorscheme='light' font='lucida grande'><\/fb:like><span class=\"fb_share\"><fb:like href=\"https:\/\/www.leccecronaca.it\/index.php\/2017\/08\/18\/modifiche-della-circolazione-per-domenica-20\/\" layout=\"button_count\"><\/fb:like><\/span>","protected":false},"excerpt":{"rendered":"<p>Riceviamo e volentieri pubblichiamo. L&#8217; ufficio stampa del Comune di Lecce ci manda il seguente comunicato______ In occasione della manifestazione aerea &#8220;Aeronautica e Salento&#8221; organizzata dall&#8217;Aero Club di Lecce VEGA ULM in collaborazione con il Comune di Lecce e il Comune di Vernole, la Pattuglia Acrobatica Nazionale &#8220;Frecce Tricolori&#8221; si esibir\u00e0 nel cielo di San [&hellip;]<\/p>\n","protected":false},"author":4,"featured_media":124071,"comment_status":"open","ping_status":"closed","sticky":false,"template":"","format":"standard","meta":[],"categories":[36],"tags":[],"_links":{"self":[{"href":"https:\/\/www.leccecronaca.it\/index.php\/wp-json\/wp\/v2\/posts\/124069"}],"collection":[{"href":"https:\/\/www.leccecronaca.it\/index.php\/wp-json\/wp\/v2\/posts"}],"about":[{"href":"https:\/\/www.leccecronaca.it\/index.php\/wp-json\/wp\/v2\/types\/post"}],"author":[{"embeddable":true,"href":"https:\/\/www.leccecronaca.it\/index.php\/wp-json\/wp\/v2\/users\/4"}],"replies":[{"embeddable":true,"href":"https:\/\/www.leccecronaca.it\/index.php\/wp-json\/wp\/v2\/comments?post=124069"}],"version-history":[{"count":2,"href":"https:\/\/www.leccecronaca.it\/index.php\/wp-json\/wp\/v2\/posts\/124069\/revisions"}],"predecessor-version":[{"id":124073,"href":"https:\/\/www.leccecronaca.it\/index.php\/wp-json\/wp\/v2\/posts\/124069\/revisions\/124073"}],"wp:featuredmedia":[{"embeddable":true,"href":"https:\/\/www.leccecronaca.it\/index.php\/wp-json\/wp\/v2\/media\/124071"}],"wp:attachment":[{"href":"https:\/\/www.leccecronaca.it\/index.php\/wp-json\/wp\/v2\/media?parent=124069"}],"wp:term":[{"taxonomy":"category","embeddable":true,"href":"https:\/\/www.leccecronaca.it\/index.php\/wp-json\/wp\/v2\/categories?post=124069"},{"taxonomy":"post_tag","embeddable":true,"href":"https:\/\/www.leccecronaca.it\/index.php\/wp-json\/wp\/v2\/tags?post=124069"}],"curies":[{"name":"wp","href":"https:\/\/api.w.org\/{rel}","templated":true}]}}