{"id":124402,"date":"2017-08-22T15:43:00","date_gmt":"2017-08-22T13:43:00","guid":{"rendered":"http:\/\/www.leccecronaca.it\/?p=124402"},"modified":"2017-08-26T11:18:27","modified_gmt":"2017-08-26T09:18:27","slug":"e-qui-la-festa-da-mercoledi-23-scatta-il-piano-ecco-tutto-quello-che-ce-da-sapere-per-sopravvivere-a-lecce-fino-al-27-agosto","status":"publish","type":"post","link":"https:\/\/www.leccecronaca.it\/index.php\/2017\/08\/22\/e-qui-la-festa-da-mercoledi-23-scatta-il-piano-ecco-tutto-quello-che-ce-da-sapere-per-sopravvivere-a-lecce-fino-al-27-agosto\/","title":{"rendered":"E&#8217; QUI LA FESTA? ISTRUZIONI PER L&#8217; USO. DA MERCOLEDI&#8217; 23 SCATTA IL PIANO. ECCO TUTTO QUELLO CHE C&#8217;E&#8217; DA SAPERE PER (SOPRAV)VIVERE A LECCE FINO AL 27 AGOSTO"},"content":{"rendered":"<p><img decoding=\"async\" loading=\"lazy\" width=\"850\" height=\"1121\" title=\"4F-Marconi\" class=\"alignright size-full wp-image-124403\" alt=\"\" src=\"https:\/\/www.leccecronaca.it\/wordpress\/wp-content\/uploads\/2017\/08\/4F-Marconi.jpg\" srcset=\"https:\/\/www.leccecronaca.it\/wordpress\/wp-content\/uploads\/2017\/08\/4F-Marconi.jpg 850w, https:\/\/www.leccecronaca.it\/wordpress\/wp-content\/uploads\/2017\/08\/4F-Marconi-227x300.jpg 227w, https:\/\/www.leccecronaca.it\/wordpress\/wp-content\/uploads\/2017\/08\/4F-Marconi-776x1024.jpg 776w, https:\/\/www.leccecronaca.it\/wordpress\/wp-content\/uploads\/2017\/08\/4F-Marconi-768x1013.jpg 768w\" sizes=\"(max-width: 850px) 100vw, 850px\" \/>(Rdl)______Arrivano le feste patronali, scatta l&#8217; apposito piano traffico. Le novit\u00e0 di quest&#8217; anno:\u00a0l\u2019allargamento delle aree pedonali e l\u2019ampliamento degli orari di divieto di circolazione; l\u2019attenzione particolare ai disabili, che avranno a disposizione due aree parcheggio riservate; l\u2019istituzione di bus navetta gratuiti dai parcheggi del City Terminal verso il centro citt\u00e0, con frequenze di 5 minuti, \u00a0e dall\u2019area mercatale di Viale Roma e Settelacquare verso il Luna Park, situato accanto allo Stadio; l\u2019aumento consistente della disponibilit\u00e0 di bagni pubblici.<\/p>\n<p>Gli obiettivi sono\u00a0migliorare la circolazione, ridurre al massimo i disagi legati al traffico e assicurare maggiore decoro.<\/p>\n<p>Il Piano del Traffico entrer\u00e0 in vigore da domani mercoled\u00ec 23 agosto e\u00a0terminer\u00e0\u00a0domenica 27.<\/p>\n<p>Eccone i dettagli.<\/p>\n<p><strong>Fiera degli ambulanti\u00a0<\/strong><\/p>\n<p>Dalle 18 del 23 agosto fino alle 7 del 27 agosto sar\u00e0 in vigore il divieto di transito lungo tutte le vie interessate o immediatamente adiacenti al mercato: le corsie interne di via Cavallotti, via san Francesco d\u2019Assisi, Via Garibaldi, Piazza Libertini, le vie che circondano la Villa Comunale e il Castello Carlo V, Via XXV Luglio, viale Lo Re fino a Porta San Biagio, saranno chiuse al traffico. Cos\u00ec come le aree intorno a Piazza Sant\u2019Oronzo e Piazza Vittorio Emanuele II.<\/p>\n<p>Viale De Pietro diventer\u00e0 a senso unico, da via Garibaldi fino a Piazza del Bastione per consentire a chi viene da via Garibaldi di uscire dal centro.<\/p>\n<p>Per prevenire accessi non controllati \u2013 che puntualmente si verificavano in passato \u2013 durante gli orari notturni, dalla 1 alle 7 di ciascuna giornata i vigili sorveglieranno i varchi transennati.<\/p>\n<p>Agli operatori del mercato sar\u00e0 consentito di procedere alle operazioni di montaggio per poi provvedere a spostare i loro mezzi fuori dalla zona della Fiera (a meno che non riescano a far rientrare il proprio mezzo nel perimetro dello spazio assegnato). Agli operatori \u00e8 fatto obbligo tassativo di munirsi di contenitori per i rifiuti, da svuotare quotidianamente nei cassonetti, e di mantenere perfettamente pulito lo spazio occupato.<\/p>\n<p>I possessori di pass Sgm per la sosta nelle zone 1 \u2013 9 e 14 potranno accedere all\u2019area per parcheggiare regolarmente nei pressi della propria abitazione.<\/p>\n<p>&nbsp;<\/p>\n<p><strong>Residenti, possessori di pass, ospiti di alberghi e bnb, fornitori di merci\u00a0<\/strong><\/p>\n<p>Sono esclusi dal provvedimento di divieto di transito i residenti, che potranno raggiungere i propri passi carrabili dalle 7 alle 18 e i taxi. Per ci\u00f2 che riguarda i veicoli commerciali dei fornitori saranno consentite nell\u2019area le operazioni di carico e scarico solo dalle 7 alle 11.<\/p>\n<p>Ai clienti degli alberghi e dei Bnb sar\u00e0 consentito di raggiungere la propria destinazione per l\u2019esclusivo carico e scarico dei bagagli.<\/p>\n<p>&nbsp;<\/p>\n<p><strong>Wc mobili<\/strong><\/p>\n<p>Rispetto agli anni scorsi il numero dei wc mobili \u00e8 aumentato considerevolmente. Il Settore Ambiente ha previsto una batteria in via Achille Costa, una in Piazzetta Panzera, una in Piazzale Stadio, una in Piazza Italia, una in Viale de Pietro.<\/p>\n<p>Le ritirate pubbliche saranno a disposizione degli utenti al Mercato Settelacquare, Villa Comunale, Porta Rudiae, ex Convento dei Teatini, Viale Marconi, Via della Cartapesta.<\/p>\n<p>&nbsp;<\/p>\n<p><strong>Le serate del 24 \u2013 25 e 26<\/strong><\/p>\n<p>Dalle 18 alla 1 delle serate di festa le zone interessate da divieto di transito saranno ampliate.<\/p>\n<p>Il divieto interesser\u00e0 anche Viale Otranto (da via Don Minzoni a via F. Cavallotti), via Leuca (da via del Delfino a viale Otranto), via Cavour, via L. De Simone, via G. Brunetti, Piazza T. Schipa (tratto compreso tra via San Lazzaro e via F. Cavallotti), via 47\u00b0 Regg. Fanteria (tratto compreso tra Piazza Mazzini e via Felice Cavallotti), viale F. Cavallotti (corsia esterna), via Cavour, da piazza Italia a via Brunetti, via C. Battisti (nel tratto compreso tra via N. Sauro e via S. Francesco d\u2019Assisi); Via L. Romano, Via F. Filzi, Via 140\u00b0 R. Fanteria, Via Bacile, Via Toselli, VIA 95\u00b0 R. Fanteria( tratto compreso tra via Cavallotti e via Lamarmora); via M. Bernardini (nel tratto compreso tra via Duca degli Abruzzi e viale Gallipoli); via O. Quarta(nel tratto compreso tra via Duca degli Abruzzi e via C. Russi); Arco Di Trionfo, da via Adua a via G. Palmieri. Viale Don Minzoni diventer\u00e0 a senso unico, in uscita dal centro.<\/p>\n<p>Si potr\u00e0 parcheggiare sulle corsie preferenziali dei viali della circonvallazione, in particolare su Viale Foscolo, Leopardi, Japigia, Rossini, Alfieri e Marche.<\/p>\n<p>&nbsp;<\/p>\n<p><strong>Due aree a parcheggio riservate ai disabili<\/strong><\/p>\n<p>Nelle serate di festa le persone con disabilit\u00e0 in possesso del pass CUDE avranno a disposizione due aree a parcheggio dedicate: la prima \u00e8 viale de Pietro, a cui sar\u00e0 consentito alle persone con pass disabili di accedere da Piazza del bastione; la seconda \u00e8 viale Otranto nel tratto compreso tra Viale Don Minzoni e l&#8217;incrocio con via San Lazzaro.<\/p>\n<p>&nbsp;<\/p>\n<p><strong>I bus navetta<\/strong><\/p>\n<p>Nei giorni 24, 25 e 26 agosto 2017, dalle ore 18,30 alle ore 01,00 del giorno successivo, sar\u00e0 a disposizione dei cittadini il servizio di bus navetta gratuito lungo i seguenti percorsi riservati:<\/p>\n<p>\u2022 Linea Bus Verde: Viale Porta d\u2019Europa (City Terminal), viale F. Calasso, Porta Napoli, viale F. Calasso, viale Michele De Pietro, Via G. Garibaldi, via San Francesco d\u2019Assisi e ritorno (n. 3 navette con frequenza 5 minuti);<\/p>\n<p>\u2022 Linea Bus Blu: Stadio (Luna Park), V.le Roma (Area Mercatale), V.le A. Moro (Settelacquare), Piazza Palio, Via Imperatore Adriano, Via Garibaldi, Via Imperatore Adriano, Piazza Palio, V.le A. Moro (Settelacquare), V.le Roma (Area Mercatale), Stadio. (n. 3 navette con frequenza 10 minuti);<\/p>\n<p>Nei giorni di festa, dal 24 al 26 agosto nei parcheggi di interscambio del Foro Boario e del Cimitero la sosta sar\u00e0 gratuita.<\/p>\n<p>&nbsp;<\/p>\n<p><strong>Mercato del bestiame a Frigole<\/strong><\/p>\n<p>Per consentire l\u2019ordinato svolgimento del tradizionale mercato del bestiame a Frigole, dalle 6 alle 14 del 26 agosto 2017 sar\u00e0 in vigore il divieto di fermata con rimozione forzata su ambo i lati a tutti i veicoli sul tratto della strada Provinciale Lecce-Frigole dal Campo Sportivo di Frigole a via R. Almagi\u00e0 e su Via R. Almagi\u00e0.<\/p>\n<p>&nbsp;<\/p>\n<p><strong>Fuochi d\u2019artificio<\/strong><\/p>\n<p>Lo spettacolo pirotecnico si terr\u00e0 nei pressi di Masseria Grande, come ogni anno. Per evitare disagi eccessivi alla circolazione dalle 26 del 26 alle ore 2 del 27 agosto saranno attivi il divieto di transito e di fermata con rimozione forzata su via Potenza, da via Firenze a via Cagliari; via Cagliari, nel tratto compreso tra via Potenza e via Pescara; via Pescara, nel tratto compreso tra via Potenza e via Palermo. E il divieto di fermata con rimozione forzata sulla Strada Provinciale 364 Lecce &#8211; S. Cataldo, sulla Tangenziale Est di Lecce, su tutti i cavalcavia e gli svincoli ricadenti su dette arterie.<\/p>\n<p>&nbsp;<\/p>\n<p>&nbsp;<\/p>\n<fb:like href='https:\/\/www.leccecronaca.it\/index.php\/2017\/08\/22\/e-qui-la-festa-da-mercoledi-23-scatta-il-piano-ecco-tutto-quello-che-ce-da-sapere-per-sopravvivere-a-lecce-fino-al-27-agosto\/' send='true' layout='button_count' show_faces='true' width='450' height='65' action='recommend' colorscheme='light' font='lucida grande'><\/fb:like><span class=\"fb_share\"><fb:like href=\"https:\/\/www.leccecronaca.it\/index.php\/2017\/08\/22\/e-qui-la-festa-da-mercoledi-23-scatta-il-piano-ecco-tutto-quello-che-ce-da-sapere-per-sopravvivere-a-lecce-fino-al-27-agosto\/\" layout=\"button_count\"><\/fb:like><\/span>","protected":false},"excerpt":{"rendered":"<p>(Rdl)______Arrivano le feste patronali, scatta l&#8217; apposito piano traffico. Le novit\u00e0 di quest&#8217; anno:\u00a0l\u2019allargamento delle aree pedonali e l\u2019ampliamento degli orari di divieto di circolazione; l\u2019attenzione particolare ai disabili, che avranno a disposizione due aree parcheggio riservate; l\u2019istituzione di bus navetta gratuiti dai parcheggi del City Terminal verso il centro citt\u00e0, con frequenze di 5 [&hellip;]<\/p>\n","protected":false},"author":4,"featured_media":124403,"comment_status":"open","ping_status":"closed","sticky":false,"template":"","format":"standard","meta":[],"categories":[69,75],"tags":[],"_links":{"self":[{"href":"https:\/\/www.leccecronaca.it\/index.php\/wp-json\/wp\/v2\/posts\/124402"}],"collection":[{"href":"https:\/\/www.leccecronaca.it\/index.php\/wp-json\/wp\/v2\/posts"}],"about":[{"href":"https:\/\/www.leccecronaca.it\/index.php\/wp-json\/wp\/v2\/types\/post"}],"author":[{"embeddable":true,"href":"https:\/\/www.leccecronaca.it\/index.php\/wp-json\/wp\/v2\/users\/4"}],"replies":[{"embeddable":true,"href":"https:\/\/www.leccecronaca.it\/index.php\/wp-json\/wp\/v2\/comments?post=124402"}],"version-history":[{"count":5,"href":"https:\/\/www.leccecronaca.it\/index.php\/wp-json\/wp\/v2\/posts\/124402\/revisions"}],"predecessor-version":[{"id":124577,"href":"https:\/\/www.leccecronaca.it\/index.php\/wp-json\/wp\/v2\/posts\/124402\/revisions\/124577"}],"wp:featuredmedia":[{"embeddable":true,"href":"https:\/\/www.leccecronaca.it\/index.php\/wp-json\/wp\/v2\/media\/124403"}],"wp:attachment":[{"href":"https:\/\/www.leccecronaca.it\/index.php\/wp-json\/wp\/v2\/media?parent=124402"}],"wp:term":[{"taxonomy":"category","embeddable":true,"href":"https:\/\/www.leccecronaca.it\/index.php\/wp-json\/wp\/v2\/categories?post=124402"},{"taxonomy":"post_tag","embeddable":true,"href":"https:\/\/www.leccecronaca.it\/index.php\/wp-json\/wp\/v2\/tags?post=124402"}],"curies":[{"name":"wp","href":"https:\/\/api.w.org\/{rel}","templated":true}]}}