{"id":124517,"date":"2017-08-24T13:30:18","date_gmt":"2017-08-24T11:30:18","guid":{"rendered":"http:\/\/www.leccecronaca.it\/?p=124517"},"modified":"2017-08-24T17:32:29","modified_gmt":"2017-08-24T15:32:29","slug":"si-tutelano-i-discotecomani-si-ostacolano-le-famiglie","status":"publish","type":"post","link":"https:\/\/www.leccecronaca.it\/index.php\/2017\/08\/24\/si-tutelano-i-discotecomani-si-ostacolano-le-famiglie\/","title":{"rendered":"&#8216;DISCOTECOMANI TUTELATI, FAMIGLIE OSTACOLATE&#8217;"},"content":{"rendered":"<p><img decoding=\"async\" loading=\"lazy\" width=\"717\" height=\"546\" title=\"caravan\" class=\"alignright size-full wp-image-124518\" alt=\"\" src=\"https:\/\/www.leccecronaca.it\/wordpress\/wp-content\/uploads\/2017\/08\/caravan.jpg\" srcset=\"https:\/\/www.leccecronaca.it\/wordpress\/wp-content\/uploads\/2017\/08\/caravan.jpg 717w, https:\/\/www.leccecronaca.it\/wordpress\/wp-content\/uploads\/2017\/08\/caravan-300x228.jpg 300w\" sizes=\"(max-width: 717px) 100vw, 717px\" \/>Riceviamo e volentieri pubblichiamo. Il presidente dell&#8217; associazione &#8216;Gallipoli attiva&#8217; Massimo Potenza ci manda il seguente comunicato______<\/p>\n<p>L\u2019associazione Gallipoli Attiva ha inviato all\u2019Associazione Nazionale Coordinamento Camperisti copia dell&#8217;ordinanza emanata pochi giorni fa dal Sindaco che riguardava divieti alle autocaravan.<\/p>\n<p>Abbiamo ricevuto tempestivo riscontro con l\u2019assicurazione che nei prossimi giorni invieranno le motivazioni per le quali il provvedimento \u00e8 palesemente illegittimo.<\/p>\n<p>Un simile provvedimento evidenzia come quest&#8217;amministrazione ha attivato oneri per i cittadini di Gallipoli e inficiato l\u2019immagine di citt\u00e0 ospitale, stante le istanze che saranno prodotte nonch\u00e9 articoli che evidenzieranno un fare turismo che obbliga a fruizioni quando invece il turista deve essere attirato dal trovare parcheggi gratuiti quale gradito ospite.<\/p>\n<p>Un\u2019 amministrazione che opera per lo sviluppo socio-economico del territorio deve invece attivare tavoli tecnici per lo studio del Turismo Integrato, di cui il Turismo Itinerante \u00e8 una parte interessante tanto che il 12 settembre 2005 il Parlamento Europeo approva a larghissima maggioranza il Progetto di relazione sulle nuove prospettive e le nuove sfide per un turismo europeo sostenibile, il cui articolo\u00a011\u00a0recita: \u201cSi riconosce il contributo del turismo itinerante, cos\u00ec come quello del turismo su caravan e autocaravan, nel ridurre gli effetti negativi del turismo di massa, come la capacit\u00e0 di disperdere le concentrazioni di turisti&#8221;.<\/p>\n<p>Quest&#8217;amministrazione \u00e8 troppo impegnata a tutelare i discotecomani e nel mentre ostacola il turismo familiare che pu\u00f2 dare il suo contributo economico a tutta la filiera turistica.<\/p>\n<p>\u00c8 recente l\u2019ordinanza dell&#8217;amministrazione Minerva che sottolinea come i camperisti, non usufruendo delle aree campeggio private, sfuggano alla tassa di soggiorno. A questo si pu\u00f2 sopperire aumentando la tariffa per il parcheggio agli autocaravan. Bisogna fare una distinzione tra sosta e campeggio quando parliamo dei camper o caravan. La sosta in s\u00e9 non comporta alcun problema rispetto invece al campeggio che comporta una serie di problematiche, anche igieniche, che per\u00f2 non sono automaticamente legate al semplice stazionamento.<\/p>\n<p>Questa distinzione deve essere monitorata dall&#8217;amministrazione attraverso le forze di polizia municipale, sanzionando chi sfocia in atti illeciti, evitando di fare di tutta l&#8217;erba un fascio. Minerva non esita a discriminare un&#8217;intera categoria, contribuendo a favorire i privati, non consentendo la sosta notturna ai camper sul suolo pubblico e negli appositi stalli destinati al parcheggio. Ricordiamo la citt\u00e0 di Gallipoli \u00e8 provvista di un&#8217; area camper nella zona cimiteriale seppure non \u00e8 stata mai attrezzata.<\/p>\n<p>L\u2019ennesima \u201cperla!\u201d dopo i lavori iniziati e dopo poche ore sospesi sulla litoranea sud, dopo la sbarra della discordia al porto che ha reso tutti scontenti, una ordinanza circa la sosta dei camper sul territorio comunale che \u00e8 stata contesta dall\u2019associazione nazionale camperisti \u00e8 l\u2019ennesima dimostrazione di una gestione del Comune approssimata, fatta in modo affrettato e inconcludente volta solo a dare risposte prive di qualunque programmazione ma solo dettata dalla necessit\u00e0 di dare un qualunque riscontro immediato a richieste legittime della cittadinanza stanca per\u00f2 di essere messa anche alla berlina davanti all\u2019opinione pubblica<\/p>\n<p>E\u2019 tempo che Stefano Minerva si occupi di politica per il bene di Gallipoli, oppure si occupasse solo di poesia e si vivrebbe in una Gallipoli migliore.<\/p>\n<p>&nbsp;<\/p>\n<p>&nbsp;<\/p>\n<fb:like href='https:\/\/www.leccecronaca.it\/index.php\/2017\/08\/24\/si-tutelano-i-discotecomani-si-ostacolano-le-famiglie\/' send='true' layout='button_count' show_faces='true' width='450' height='65' action='recommend' colorscheme='light' font='lucida grande'><\/fb:like><span class=\"fb_share\"><fb:like href=\"https:\/\/www.leccecronaca.it\/index.php\/2017\/08\/24\/si-tutelano-i-discotecomani-si-ostacolano-le-famiglie\/\" layout=\"button_count\"><\/fb:like><\/span>","protected":false},"excerpt":{"rendered":"<p>Riceviamo e volentieri pubblichiamo. Il presidente dell&#8217; associazione &#8216;Gallipoli attiva&#8217; Massimo Potenza ci manda il seguente comunicato______ L\u2019associazione Gallipoli Attiva ha inviato all\u2019Associazione Nazionale Coordinamento Camperisti copia dell&#8217;ordinanza emanata pochi giorni fa dal Sindaco che riguardava divieti alle autocaravan. Abbiamo ricevuto tempestivo riscontro con l\u2019assicurazione che nei prossimi giorni invieranno le motivazioni per le quali [&hellip;]<\/p>\n","protected":false},"author":4,"featured_media":124518,"comment_status":"open","ping_status":"closed","sticky":false,"template":"","format":"standard","meta":[],"categories":[36],"tags":[],"_links":{"self":[{"href":"https:\/\/www.leccecronaca.it\/index.php\/wp-json\/wp\/v2\/posts\/124517"}],"collection":[{"href":"https:\/\/www.leccecronaca.it\/index.php\/wp-json\/wp\/v2\/posts"}],"about":[{"href":"https:\/\/www.leccecronaca.it\/index.php\/wp-json\/wp\/v2\/types\/post"}],"author":[{"embeddable":true,"href":"https:\/\/www.leccecronaca.it\/index.php\/wp-json\/wp\/v2\/users\/4"}],"replies":[{"embeddable":true,"href":"https:\/\/www.leccecronaca.it\/index.php\/wp-json\/wp\/v2\/comments?post=124517"}],"version-history":[{"count":5,"href":"https:\/\/www.leccecronaca.it\/index.php\/wp-json\/wp\/v2\/posts\/124517\/revisions"}],"predecessor-version":[{"id":124522,"href":"https:\/\/www.leccecronaca.it\/index.php\/wp-json\/wp\/v2\/posts\/124517\/revisions\/124522"}],"wp:featuredmedia":[{"embeddable":true,"href":"https:\/\/www.leccecronaca.it\/index.php\/wp-json\/wp\/v2\/media\/124518"}],"wp:attachment":[{"href":"https:\/\/www.leccecronaca.it\/index.php\/wp-json\/wp\/v2\/media?parent=124517"}],"wp:term":[{"taxonomy":"category","embeddable":true,"href":"https:\/\/www.leccecronaca.it\/index.php\/wp-json\/wp\/v2\/categories?post=124517"},{"taxonomy":"post_tag","embeddable":true,"href":"https:\/\/www.leccecronaca.it\/index.php\/wp-json\/wp\/v2\/tags?post=124517"}],"curies":[{"name":"wp","href":"https:\/\/api.w.org\/{rel}","templated":true}]}}