{"id":124551,"date":"2017-08-25T13:08:40","date_gmt":"2017-08-25T11:08:40","guid":{"rendered":"http:\/\/www.leccecronaca.it\/?p=124551"},"modified":"2017-08-25T14:32:16","modified_gmt":"2017-08-25T12:32:16","slug":"lecce-domani-la-prima-di-serie-c-si-riparte-contro-la-virtus-francavilla","status":"publish","type":"post","link":"https:\/\/www.leccecronaca.it\/index.php\/2017\/08\/25\/lecce-domani-la-prima-di-serie-c-si-riparte-contro-la-virtus-francavilla\/","title":{"rendered":"LECCE \/ IL PREPARTITA \/ DOMANI LA PRIMA DI SERIE C: SI RIPARTE CONTRO LA VIRTUS FRANCAVILLA"},"content":{"rendered":"<p style=\"text-align: justify;\"><img decoding=\"async\" loading=\"lazy\" width=\"300\" height=\"240\" title=\"abb 2018\" class=\"alignleft size-medium wp-image-124555\" alt=\"\" src=\"https:\/\/www.leccecronaca.it\/wordpress\/wp-content\/uploads\/2017\/08\/abb-2018-300x240.png\" srcset=\"https:\/\/www.leccecronaca.it\/wordpress\/wp-content\/uploads\/2017\/08\/abb-2018-300x240.png 300w, https:\/\/www.leccecronaca.it\/wordpress\/wp-content\/uploads\/2017\/08\/abb-2018.png 620w\" sizes=\"(max-width: 300px) 100vw, 300px\" \/>di <strong>Laura Ricci<\/strong>______<\/p>\n<p style=\"text-align: justify;\">Ci siamo, si riparte: domani riprende il campionato di Serie C1 che vedr\u00e0 il <strong>Lecce<\/strong> lottare in prima linea per la vittoria del campionato.<\/p>\n<p style=\"text-align: justify;\">Il primo ostacolo porta il nome della <strong>Virtus Francavilla<\/strong>, che ospiter\u00e0 i salentini allo stadio &#8220;Giovanni Paolo II&#8221; di Brindisi alle ore 18.30.<\/p>\n<p style=\"text-align: justify;\"><strong>Il Lecce- <\/strong>\u00c8 ormai consueto assistere al reset annuale di una squadra che da diversi anni sta tentando il ritorno nelle serie che contano, e ogni anno ci si ripromette di partire al meglio sin da subito.<\/p>\n<p style=\"text-align: justify;\">\u00c8 il proposito che mister Rizzo ha per la gara di domani, nella quale dovr\u00e0 fare a meno dell&#8217;esterno d&#8217;attacco Pacilli, infortunato, e dell&#8217;acciaccato Costa Ferreira che ha lavorato in differenziato durante la settimana.<\/p>\n<p style=\"text-align: justify;\">Partendo dalla sicurezza inamovibile tra i pali di Filippo Perucchini, il tecnico giallorosso potrebbe affidarsi al 4-3-3 che vedr\u00e0 Ciancio, Marino, Di Matteo e Cosenza in difesa, Arrigoni, Mancosu e Armellino a centrocampo, Lepore (che se non giocher\u00e0 in avanti verr\u00e0 scalato a centrocampo in una linea a quattro), Di Piazza (in vantaggio su Caturano) e Torromino.<\/p>\n<p style=\"text-align: justify;\"><strong>L&#8217;avversario- <\/strong>La sorprendente Virtus Francavilla viene da un campionato di Lega Pro disputato al di sopra delle aspettative iniziali; si cercava la tranquillit\u00e0 in classifica e si sono trovati i play off, terminati contro il Livorno agli ottavi dopo lo zero a zero che and\u00f2 a favore dei toscani in virt\u00f9 del regolamento.<\/p>\n<p style=\"text-align: justify;\">Una squadra, dunque, che ha dimostrato di rappresenter\u00e0 una bella realt\u00e0, solida e propositiva e vogliosa di ripetersi anche quest&#8217;anno.<\/p>\n<p style=\"text-align: justify;\">A fischiare il calcio d&#8217;inizio sar\u00e0 l&#8217;arbitro Volpi di Arezzo.<\/p>\n<fb:like href='https:\/\/www.leccecronaca.it\/index.php\/2017\/08\/25\/lecce-domani-la-prima-di-serie-c-si-riparte-contro-la-virtus-francavilla\/' send='true' layout='button_count' show_faces='true' width='450' height='65' action='recommend' colorscheme='light' font='lucida grande'><\/fb:like><span class=\"fb_share\"><fb:like href=\"https:\/\/www.leccecronaca.it\/index.php\/2017\/08\/25\/lecce-domani-la-prima-di-serie-c-si-riparte-contro-la-virtus-francavilla\/\" layout=\"button_count\"><\/fb:like><\/span>","protected":false},"excerpt":{"rendered":"<p>di Laura Ricci______ Ci siamo, si riparte: domani riprende il campionato di Serie C1 che vedr\u00e0 il Lecce lottare in prima linea per la vittoria del campionato. Il primo ostacolo porta il nome della Virtus Francavilla, che ospiter\u00e0 i salentini allo stadio &#8220;Giovanni Paolo II&#8221; di Brindisi alle ore 18.30. Il Lecce- \u00c8 ormai consueto [&hellip;]<\/p>\n","protected":false},"author":4,"featured_media":0,"comment_status":"open","ping_status":"closed","sticky":false,"template":"","format":"standard","meta":[],"categories":[28],"tags":[],"_links":{"self":[{"href":"https:\/\/www.leccecronaca.it\/index.php\/wp-json\/wp\/v2\/posts\/124551"}],"collection":[{"href":"https:\/\/www.leccecronaca.it\/index.php\/wp-json\/wp\/v2\/posts"}],"about":[{"href":"https:\/\/www.leccecronaca.it\/index.php\/wp-json\/wp\/v2\/types\/post"}],"author":[{"embeddable":true,"href":"https:\/\/www.leccecronaca.it\/index.php\/wp-json\/wp\/v2\/users\/4"}],"replies":[{"embeddable":true,"href":"https:\/\/www.leccecronaca.it\/index.php\/wp-json\/wp\/v2\/comments?post=124551"}],"version-history":[{"count":5,"href":"https:\/\/www.leccecronaca.it\/index.php\/wp-json\/wp\/v2\/posts\/124551\/revisions"}],"predecessor-version":[{"id":124560,"href":"https:\/\/www.leccecronaca.it\/index.php\/wp-json\/wp\/v2\/posts\/124551\/revisions\/124560"}],"wp:attachment":[{"href":"https:\/\/www.leccecronaca.it\/index.php\/wp-json\/wp\/v2\/media?parent=124551"}],"wp:term":[{"taxonomy":"category","embeddable":true,"href":"https:\/\/www.leccecronaca.it\/index.php\/wp-json\/wp\/v2\/categories?post=124551"},{"taxonomy":"post_tag","embeddable":true,"href":"https:\/\/www.leccecronaca.it\/index.php\/wp-json\/wp\/v2\/tags?post=124551"}],"curies":[{"name":"wp","href":"https:\/\/api.w.org\/{rel}","templated":true}]}}