{"id":124605,"date":"2017-08-26T16:25:04","date_gmt":"2017-08-26T14:25:04","guid":{"rendered":"http:\/\/www.leccecronaca.it\/?p=124605"},"modified":"2017-08-26T17:42:12","modified_gmt":"2017-08-26T15:42:12","slug":"brevi-di-nera-20","status":"publish","type":"post","link":"https:\/\/www.leccecronaca.it\/index.php\/2017\/08\/26\/brevi-di-nera-20\/","title":{"rendered":"BREVI DI NERA"},"content":{"rendered":"<p><img decoding=\"async\" loading=\"lazy\" width=\"250\" height=\"202\" title=\"untitled\" class=\"alignleft size-full wp-image-124608\" alt=\"\" src=\"https:\/\/www.leccecronaca.it\/wordpress\/wp-content\/uploads\/2017\/08\/untitled1.png\" \/>(g.m.)______<\/p>\n<p>Racale.\u00a0Questa notte i\u00a0Carabinieri hanno rintracciato, arrestato e portato in carcere Sahbi Arfaoui, 37 anni di nazionalit\u00e0 tunisina, colpito da provvedimento della magistratura per il reato di maltrattamenti in famiglia.<\/p>\n<p>Alliste.\u00a0Un giovane libanese, di 17 anni, che tre settimane fa,\u00a0aggred\u00ec un altro ospite della comunit\u00e0 in cui si trovava, \u00e8 stato portato nel carcere minorile di Bari, su disposizione del Tribunale\u00a0\u00a0dei Minorenni.<\/p>\n<p>Casarano. Agli arresti domiciliari, per tentata estorsione, non ne ha rispettato gli obblighi. Per questa ragione ieri Cosimo Giorgino, 23 anni, \u00e8 stato portato dai Carabinieri nel carcere di Borgo San Nicola a Lecce.<\/p>\n<p>&nbsp;<\/p>\n<p>Brindisi. L&#8217; &#8220;orco&#8221;, come spesso accade in questi tristi casi, era un amico di famiglia. Ha 48 anni. In un pase della provincia, ha abusato sessualmente di una ragazzina tredicenne, con problemi psichici, per oltre un anno. E&#8217; stato arrestato questa mattina, e posto ai domiciliari.<\/p>\n<p>&nbsp;<\/p>\n<fb:like href='https:\/\/www.leccecronaca.it\/index.php\/2017\/08\/26\/brevi-di-nera-20\/' send='true' layout='button_count' show_faces='true' width='450' height='65' action='recommend' colorscheme='light' font='lucida grande'><\/fb:like><span class=\"fb_share\"><fb:like href=\"https:\/\/www.leccecronaca.it\/index.php\/2017\/08\/26\/brevi-di-nera-20\/\" layout=\"button_count\"><\/fb:like><\/span>","protected":false},"excerpt":{"rendered":"<p>(g.m.)______ Racale.\u00a0Questa notte i\u00a0Carabinieri hanno rintracciato, arrestato e portato in carcere Sahbi Arfaoui, 37 anni di nazionalit\u00e0 tunisina, colpito da provvedimento della magistratura per il reato di maltrattamenti in famiglia. Alliste.\u00a0Un giovane libanese, di 17 anni, che tre settimane fa,\u00a0aggred\u00ec un altro ospite della comunit\u00e0 in cui si trovava, \u00e8 stato portato nel carcere minorile [&hellip;]<\/p>\n","protected":false},"author":4,"featured_media":124608,"comment_status":"open","ping_status":"closed","sticky":false,"template":"","format":"standard","meta":[],"categories":[69],"tags":[],"_links":{"self":[{"href":"https:\/\/www.leccecronaca.it\/index.php\/wp-json\/wp\/v2\/posts\/124605"}],"collection":[{"href":"https:\/\/www.leccecronaca.it\/index.php\/wp-json\/wp\/v2\/posts"}],"about":[{"href":"https:\/\/www.leccecronaca.it\/index.php\/wp-json\/wp\/v2\/types\/post"}],"author":[{"embeddable":true,"href":"https:\/\/www.leccecronaca.it\/index.php\/wp-json\/wp\/v2\/users\/4"}],"replies":[{"embeddable":true,"href":"https:\/\/www.leccecronaca.it\/index.php\/wp-json\/wp\/v2\/comments?post=124605"}],"version-history":[{"count":5,"href":"https:\/\/www.leccecronaca.it\/index.php\/wp-json\/wp\/v2\/posts\/124605\/revisions"}],"predecessor-version":[{"id":124610,"href":"https:\/\/www.leccecronaca.it\/index.php\/wp-json\/wp\/v2\/posts\/124605\/revisions\/124610"}],"wp:featuredmedia":[{"embeddable":true,"href":"https:\/\/www.leccecronaca.it\/index.php\/wp-json\/wp\/v2\/media\/124608"}],"wp:attachment":[{"href":"https:\/\/www.leccecronaca.it\/index.php\/wp-json\/wp\/v2\/media?parent=124605"}],"wp:term":[{"taxonomy":"category","embeddable":true,"href":"https:\/\/www.leccecronaca.it\/index.php\/wp-json\/wp\/v2\/categories?post=124605"},{"taxonomy":"post_tag","embeddable":true,"href":"https:\/\/www.leccecronaca.it\/index.php\/wp-json\/wp\/v2\/tags?post=124605"}],"curies":[{"name":"wp","href":"https:\/\/api.w.org\/{rel}","templated":true}]}}