{"id":124826,"date":"2017-08-30T15:50:42","date_gmt":"2017-08-30T13:50:42","guid":{"rendered":"http:\/\/www.leccecronaca.it\/?p=124826"},"modified":"2017-08-30T15:56:08","modified_gmt":"2017-08-30T13:56:08","slug":"l-intervento-riqualifichiamo-la-festa-patronale","status":"publish","type":"post","link":"https:\/\/www.leccecronaca.it\/index.php\/2017\/08\/30\/l-intervento-riqualifichiamo-la-festa-patronale\/","title":{"rendered":"L &#8216; INTERVENTO \/ RIQUALIFICHIAMO LA FESTA PATRONALE"},"content":{"rendered":"<p><img decoding=\"async\" loading=\"lazy\" width=\"960\" height=\"528\" title=\"Wojtek Pankiewicz alla Festa\" class=\"alignleft size-full wp-image-124827\" alt=\"\" src=\"https:\/\/www.leccecronaca.it\/wordpress\/wp-content\/uploads\/2017\/08\/Wojtek-Pankiewicz-alla-Festa.jpg\" srcset=\"https:\/\/www.leccecronaca.it\/wordpress\/wp-content\/uploads\/2017\/08\/Wojtek-Pankiewicz-alla-Festa.jpg 960w, https:\/\/www.leccecronaca.it\/wordpress\/wp-content\/uploads\/2017\/08\/Wojtek-Pankiewicz-alla-Festa-300x165.jpg 300w, https:\/\/www.leccecronaca.it\/wordpress\/wp-content\/uploads\/2017\/08\/Wojtek-Pankiewicz-alla-Festa-768x422.jpg 768w\" sizes=\"(max-width: 960px) 100vw, 960px\" \/>Riceviamo e volentieri pubblichiamo. Il presidente dell&#8217; associazione Valori e Rinnovamento Wojtek Pankiewicz ci scrive______<\/p>\n<p>Vorrei sottolineare che \u00e8 avvenuta una cosa, secondo me, assurda. La Notte della Taranta si \u00e8 svolta la stessa sera della Festa di Sant\u2019Oronzo. Esorto il sindaco Salvemini, che vedo con piacere che si sta finora muovendo bene, a prendere contatti con chi di dovere affinch\u00e8 dal 2018 ci\u00f2 non accada pi\u00f9. La Festa di Sant\u2019Oronzo pu\u00f2 e deve diventare un evento di richiamo nazionale e internazionale dello stesso livello della Notte della Taranta.<\/p>\n<p>A parte che potrei dimostrare con motivi di carattere sociologico, antropologico, psicologico, identitario, eccetera, quanto sia importante per la comunit\u00e0 leccese e salentina, soprattutto per i ceti pi\u00f9 umili la Festa Noscia, con le luminarie, le bande, i fuochi e le bancarelle. Gi\u00e0 questo potrebbe bastare per salvaguardarla e potenziarla. Ma noi dobbiamo ricordare che Lecce , la capitale del barocco \u00e8 una citt\u00e0 di turismo culturale, volano di sviluppo economico. Fermo restando che anche il senso religioso della Festa va riscoperto e valorizzato<\/p>\n<p>I fuochi e le luminarie soprattutto, infatti, attirano migliaia e migliaia di turisti, i quali, tra l\u2019altro, dopo essere venuti a Lecce in uno dei tre giorni della festa, se ne innamorano e poi programmano un ritorno per meglio visitare le bellezze artistiche della citt\u00e0. Si pensi che bar e ristoranti del centro ricorrono in quei giorni ad assunzioni straordinarie. Potrei continuare a lungo,<\/p>\n<p>Oggi, in quasi tutti i paesi e paesini della provincia di Lecce la festa patronale \u00e8 molto pi\u00f9 bella che nel capoluogo. Occorrerebbe perci\u00f2 potenziare i fuochi, potenziare le luminarie ripristinando le antiche affascinanti gallerie, caratterizzare di pi\u00f9 la fiera con mercatini di prodotti tipici locali, sia di carattere enogastronomico che artigianale. Si ripristinino pure le bande e la musica lirica. Si organizzino eventi culturali di alto profilo. Si sia molto pi\u00f9 attrattivi.<\/p>\n<p>Il ritorno economico per i pi\u00f9 poveri sarebbe, realizzando tutto ci\u00f2, di gran lunga pi\u00f9 positivo e significativo di qualche riduzione di fuochi o luminarie, che finirebbe solo col penalizzare i nostri operatori turistici e commerciali, gli addetti ai lavori pi\u00f9 umili, come i camerieri dei bar, oltre naturalmente agli stessi operai che lavorano nelle ditte che curano le parature.<\/p>\n<p>Concludendo si eviti, per favore, una volta per tutte la coincidenza con La Notte della Taranta e si faccia della Festa Patronale leccese un evento di richiamo nazionale e internazionale dello stesso livello.<\/p>\n<p>Il Movimento Culturale \u201cValori e Rinnovamento\u201d \u00e8 disponibile a dare il suo contributo di idee e proposte e la sua collaborazione al Comune e alle altre istituzioni affinch\u00e8 ci\u00f2 possa accadere.<\/p>\n<fb:like href='https:\/\/www.leccecronaca.it\/index.php\/2017\/08\/30\/l-intervento-riqualifichiamo-la-festa-patronale\/' send='true' layout='button_count' show_faces='true' width='450' height='65' action='recommend' colorscheme='light' font='lucida grande'><\/fb:like><span class=\"fb_share\"><fb:like href=\"https:\/\/www.leccecronaca.it\/index.php\/2017\/08\/30\/l-intervento-riqualifichiamo-la-festa-patronale\/\" layout=\"button_count\"><\/fb:like><\/span>","protected":false},"excerpt":{"rendered":"<p>Riceviamo e volentieri pubblichiamo. Il presidente dell&#8217; associazione Valori e Rinnovamento Wojtek Pankiewicz ci scrive______ Vorrei sottolineare che \u00e8 avvenuta una cosa, secondo me, assurda. La Notte della Taranta si \u00e8 svolta la stessa sera della Festa di Sant\u2019Oronzo. Esorto il sindaco Salvemini, che vedo con piacere che si sta finora muovendo bene, a prendere [&hellip;]<\/p>\n","protected":false},"author":4,"featured_media":124827,"comment_status":"open","ping_status":"closed","sticky":false,"template":"","format":"standard","meta":[],"categories":[31,75,76,36],"tags":[],"_links":{"self":[{"href":"https:\/\/www.leccecronaca.it\/index.php\/wp-json\/wp\/v2\/posts\/124826"}],"collection":[{"href":"https:\/\/www.leccecronaca.it\/index.php\/wp-json\/wp\/v2\/posts"}],"about":[{"href":"https:\/\/www.leccecronaca.it\/index.php\/wp-json\/wp\/v2\/types\/post"}],"author":[{"embeddable":true,"href":"https:\/\/www.leccecronaca.it\/index.php\/wp-json\/wp\/v2\/users\/4"}],"replies":[{"embeddable":true,"href":"https:\/\/www.leccecronaca.it\/index.php\/wp-json\/wp\/v2\/comments?post=124826"}],"version-history":[{"count":3,"href":"https:\/\/www.leccecronaca.it\/index.php\/wp-json\/wp\/v2\/posts\/124826\/revisions"}],"predecessor-version":[{"id":124829,"href":"https:\/\/www.leccecronaca.it\/index.php\/wp-json\/wp\/v2\/posts\/124826\/revisions\/124829"}],"wp:featuredmedia":[{"embeddable":true,"href":"https:\/\/www.leccecronaca.it\/index.php\/wp-json\/wp\/v2\/media\/124827"}],"wp:attachment":[{"href":"https:\/\/www.leccecronaca.it\/index.php\/wp-json\/wp\/v2\/media?parent=124826"}],"wp:term":[{"taxonomy":"category","embeddable":true,"href":"https:\/\/www.leccecronaca.it\/index.php\/wp-json\/wp\/v2\/categories?post=124826"},{"taxonomy":"post_tag","embeddable":true,"href":"https:\/\/www.leccecronaca.it\/index.php\/wp-json\/wp\/v2\/tags?post=124826"}],"curies":[{"name":"wp","href":"https:\/\/api.w.org\/{rel}","templated":true}]}}