{"id":126572,"date":"2017-09-23T14:02:25","date_gmt":"2017-09-23T12:02:25","guid":{"rendered":"http:\/\/www.leccecronaca.it\/?p=126572"},"modified":"2017-09-23T17:17:47","modified_gmt":"2017-09-23T15:17:47","slug":"renzi-a-lecce-pronuncia-l-epitaffio-alla-democrazia","status":"publish","type":"post","link":"https:\/\/www.leccecronaca.it\/index.php\/2017\/09\/23\/renzi-a-lecce-pronuncia-l-epitaffio-alla-democrazia\/","title":{"rendered":"&#8216;RENZI A LECCE PRONUNCIA L&#8217; EPITAFFIO ALLA DEMOCRAZIA&#8217;"},"content":{"rendered":"<p><img decoding=\"async\" loading=\"lazy\" width=\"300\" height=\"200\" title=\"FOTO-31-300x200\" class=\"aligncenter size-full wp-image-126573\" alt=\"\" src=\"https:\/\/www.leccecronaca.it\/wordpress\/wp-content\/uploads\/2017\/09\/FOTO-31-300x200.jpg\" \/>Riceviamo e volentieri pubblichiamo. Il Comitato No Tap ci manda il seguente comunicato______<\/p>\n<p>Alcune domande al Sindaco di Lecce Carlo Salvemini<\/p>\n<p>\u201cMeno NO TAP pi\u00f9 NO TAR\u201d, \u00e8 questo lo slogan che l\u2019ex premier Matteo Renzi ha portato a Lecce nel suo tour pre-elettorale. Uno slogan che fotografa bene il sistema di valori che muove la sua persona, il suo partito politico e se vogliamo anche la vicenda del gasdotto TAP. Un sistema di valori basato sullo scardinamento di qualsiasi regola. Preferire l\u2019operato di una multinazionale svizzera, che da mesi sta agendo illecitamente sul territorio pugliese, a quello dei TAR (Tribunali Regionali Amministrativi), mettendone in dubbio l\u2019utilit\u00e0 e le funzioni che svolgono, significa ammettere che il governo in carica, cos\u00ec come quello che potrebbe eventualmente presiedere il signor Renzi, sar\u00e0 basato sulla tutela di interessi privati extra-nazionali a danno della cosa pubblica e su un\u2019azione amministrativa costruita attorno all\u2019illegittimit\u00e0, alla speculazione e all\u2019illegalit\u00e0. Figuriamoci parlare di democrazia e rappresentanza territoriale.<\/p>\n<p>Gettata la maschera, per chi ancora avesse dei dubbi, il Partito Democratico, il suo rappresentante in pectore e i partiti satellite di questo sistema di potere che tiene in piedi il Governo Gentiloni, annunciano che le popolazioni locali e i loro sistemi di garanzia giuridica amministrativa non avranno pi\u00f9 voce in capitolo nella gestione della cosa pubblica per gli anni a venire.<\/p>\n<p>A questo punto non ci resta che ri-chiamare in causa i nostri rappresentanti locali dicendo loro che, a seguito di questo epitaffio alla democrazia e alla legalit\u00e0, pronunciato a Lecce da Matteo Renzi, i cittadini pugliesi e di tutta la penisola non sanno pi\u00f9 quale istituzione possa tutelare i loro diritti e la loro volont\u00e0 popolare.<\/p>\n<p>In particolare, tra i tanti che in campagna elettorale hanno pronunciato belle parole contro il progetto TAP vogliamo rivolgerci al sindaco di Lecce Carlo Salvemini.<\/p>\n<p>La popolazione salentina vorrebbe sapere se il sindaco del capoluogo provinciale \u00e8 favorevole o meno alla costruzione della grande opera fraudolenta che va sotto il nome di TAP.<\/p>\n<p>Vorrebbe sapere se nella giornata di ieri, oltre a fare gli onori di casa al presidente del suo partito, un dovere istituzionale che nessuno intende metter in discussione, ha provato a sussurrargli nell\u2019orecchio che in questa landa del meridione, negli ultimi mesi, c\u2019\u00e8 stato un risveglio partecipativo basato sulla tutela del territorio, dell\u2019ambiente, dei diritti dei cittadini e sul rispetto delle poche elementari regole che tengono insieme questo maledettissimo Paese.<\/p>\n<p>Vorremmo sapere se gli ha sussurrato che \u00e8 contrario alla costruzione del gasdotto TAP.<\/p>\n<p>Vorremmo sapere cosa pensa dei cittadini che stanno difendendo il proprio territorio da uno dei peggiori attacchi alla democrazia che si siano verificati in Italia negli ultimi anni.<\/p>\n<p>Vorremmo sapere se per lui \u00e8 normale che in uno stato di diritto, una multinazionale straniera agisca violando le prescrizioni normative sull\u2019opera che intende realizzare, muovendosi scortata dalle forze dell\u2019ordine.<\/p>\n<p>Infine, signor Sindaco di Lecce, sarebbe giusto sapere se all\u2019interno del suo impegno istituzionale trover\u00e0 spazio in qualche modo la tutela dei diritti e del benessere dei cittadini che oggi rappresenta.<\/p>\n<p>&nbsp;<\/p>\n<fb:like href='https:\/\/www.leccecronaca.it\/index.php\/2017\/09\/23\/renzi-a-lecce-pronuncia-l-epitaffio-alla-democrazia\/' send='true' layout='button_count' show_faces='true' width='450' height='65' action='recommend' colorscheme='light' font='lucida grande'><\/fb:like><span class=\"fb_share\"><fb:like href=\"https:\/\/www.leccecronaca.it\/index.php\/2017\/09\/23\/renzi-a-lecce-pronuncia-l-epitaffio-alla-democrazia\/\" layout=\"button_count\"><\/fb:like><\/span>","protected":false},"excerpt":{"rendered":"<p>Riceviamo e volentieri pubblichiamo. Il Comitato No Tap ci manda il seguente comunicato______ Alcune domande al Sindaco di Lecce Carlo Salvemini \u201cMeno NO TAP pi\u00f9 NO TAR\u201d, \u00e8 questo lo slogan che l\u2019ex premier Matteo Renzi ha portato a Lecce nel suo tour pre-elettorale. Uno slogan che fotografa bene il sistema di valori che muove [&hellip;]<\/p>\n","protected":false},"author":4,"featured_media":126573,"comment_status":"open","ping_status":"closed","sticky":false,"template":"","format":"standard","meta":[],"categories":[69,76,36],"tags":[],"_links":{"self":[{"href":"https:\/\/www.leccecronaca.it\/index.php\/wp-json\/wp\/v2\/posts\/126572"}],"collection":[{"href":"https:\/\/www.leccecronaca.it\/index.php\/wp-json\/wp\/v2\/posts"}],"about":[{"href":"https:\/\/www.leccecronaca.it\/index.php\/wp-json\/wp\/v2\/types\/post"}],"author":[{"embeddable":true,"href":"https:\/\/www.leccecronaca.it\/index.php\/wp-json\/wp\/v2\/users\/4"}],"replies":[{"embeddable":true,"href":"https:\/\/www.leccecronaca.it\/index.php\/wp-json\/wp\/v2\/comments?post=126572"}],"version-history":[{"count":4,"href":"https:\/\/www.leccecronaca.it\/index.php\/wp-json\/wp\/v2\/posts\/126572\/revisions"}],"predecessor-version":[{"id":126577,"href":"https:\/\/www.leccecronaca.it\/index.php\/wp-json\/wp\/v2\/posts\/126572\/revisions\/126577"}],"wp:featuredmedia":[{"embeddable":true,"href":"https:\/\/www.leccecronaca.it\/index.php\/wp-json\/wp\/v2\/media\/126573"}],"wp:attachment":[{"href":"https:\/\/www.leccecronaca.it\/index.php\/wp-json\/wp\/v2\/media?parent=126572"}],"wp:term":[{"taxonomy":"category","embeddable":true,"href":"https:\/\/www.leccecronaca.it\/index.php\/wp-json\/wp\/v2\/categories?post=126572"},{"taxonomy":"post_tag","embeddable":true,"href":"https:\/\/www.leccecronaca.it\/index.php\/wp-json\/wp\/v2\/tags?post=126572"}],"curies":[{"name":"wp","href":"https:\/\/api.w.org\/{rel}","templated":true}]}}