{"id":126978,"date":"2017-09-29T18:20:08","date_gmt":"2017-09-29T16:20:08","guid":{"rendered":"http:\/\/www.leccecronaca.it\/?p=126978"},"modified":"2017-09-29T18:27:53","modified_gmt":"2017-09-29T16:27:53","slug":"omicidio-stradale-un-arresto-a-brindisi","status":"publish","type":"post","link":"https:\/\/www.leccecronaca.it\/index.php\/2017\/09\/29\/omicidio-stradale-un-arresto-a-brindisi\/","title":{"rendered":"OMICIDIO STRADALE, UN ARRESTO A BRINDISI"},"content":{"rendered":"<p><img decoding=\"async\" loading=\"lazy\" width=\"400\" height=\"267\" title=\"348s11\" class=\"alignleft size-full wp-image-126979\" alt=\"\" src=\"https:\/\/www.leccecronaca.it\/wordpress\/wp-content\/uploads\/2017\/09\/348s111.jpg\" srcset=\"https:\/\/www.leccecronaca.it\/wordpress\/wp-content\/uploads\/2017\/09\/348s111.jpg 400w, https:\/\/www.leccecronaca.it\/wordpress\/wp-content\/uploads\/2017\/09\/348s111-300x200.jpg 300w\" sizes=\"(max-width: 400px) 100vw, 400px\" \/>(g.m.)______Questa notte un giovane migrante di 28 anni, con regolare permesso di soggiorno risiedente in una comunit\u00e0 della zona, \u00e8 morto, investito da un&#8217; auto che non si \u00e8 fermata a prestare soccorso, mentre in bici percorreva\u00a0la provinciale Torre Santa Susanna &#8211; Erchie, nei pressi del supermercato Eurospin.<\/p>\n<p>Quando sono arrivati i sanitari del 118, allrtati dagli automobilisti di passaggio, lo hanno trasportato all&#8217; ospedale &#8216;Perrino&#8217; di Brindisi, dove per\u00f2 \u00e8 spirato poco dopo, in seguito alle gravi ferite riportate.<\/p>\n<p>Questa mattina l&#8217; investitore, un giovane di 35 anni, si \u00e8 presentato ai Carabinieri, sostenendo di non essersi accorto di nulla.<\/p>\n<p>E&#8217; risultato positivo all&#8217; alcool test.<\/p>\n<p>Il pubblico ministero di turno presso la procura della Repubblica di Brindisi, Pierpaolo Montinaro, ne ha ordinato l&#8217; arresto, e ha disposto per lui i domiciliari.<\/p>\n<fb:like href='https:\/\/www.leccecronaca.it\/index.php\/2017\/09\/29\/omicidio-stradale-un-arresto-a-brindisi\/' send='true' layout='button_count' show_faces='true' width='450' height='65' action='recommend' colorscheme='light' font='lucida grande'><\/fb:like><span class=\"fb_share\"><fb:like href=\"https:\/\/www.leccecronaca.it\/index.php\/2017\/09\/29\/omicidio-stradale-un-arresto-a-brindisi\/\" layout=\"button_count\"><\/fb:like><\/span>","protected":false},"excerpt":{"rendered":"<p>(g.m.)______Questa notte un giovane migrante di 28 anni, con regolare permesso di soggiorno risiedente in una comunit\u00e0 della zona, \u00e8 morto, investito da un&#8217; auto che non si \u00e8 fermata a prestare soccorso, mentre in bici percorreva\u00a0la provinciale Torre Santa Susanna &#8211; Erchie, nei pressi del supermercato Eurospin. Quando sono arrivati i sanitari del 118, [&hellip;]<\/p>\n","protected":false},"author":4,"featured_media":126979,"comment_status":"open","ping_status":"closed","sticky":false,"template":"","format":"standard","meta":[],"categories":[69],"tags":[],"_links":{"self":[{"href":"https:\/\/www.leccecronaca.it\/index.php\/wp-json\/wp\/v2\/posts\/126978"}],"collection":[{"href":"https:\/\/www.leccecronaca.it\/index.php\/wp-json\/wp\/v2\/posts"}],"about":[{"href":"https:\/\/www.leccecronaca.it\/index.php\/wp-json\/wp\/v2\/types\/post"}],"author":[{"embeddable":true,"href":"https:\/\/www.leccecronaca.it\/index.php\/wp-json\/wp\/v2\/users\/4"}],"replies":[{"embeddable":true,"href":"https:\/\/www.leccecronaca.it\/index.php\/wp-json\/wp\/v2\/comments?post=126978"}],"version-history":[{"count":3,"href":"https:\/\/www.leccecronaca.it\/index.php\/wp-json\/wp\/v2\/posts\/126978\/revisions"}],"predecessor-version":[{"id":126981,"href":"https:\/\/www.leccecronaca.it\/index.php\/wp-json\/wp\/v2\/posts\/126978\/revisions\/126981"}],"wp:featuredmedia":[{"embeddable":true,"href":"https:\/\/www.leccecronaca.it\/index.php\/wp-json\/wp\/v2\/media\/126979"}],"wp:attachment":[{"href":"https:\/\/www.leccecronaca.it\/index.php\/wp-json\/wp\/v2\/media?parent=126978"}],"wp:term":[{"taxonomy":"category","embeddable":true,"href":"https:\/\/www.leccecronaca.it\/index.php\/wp-json\/wp\/v2\/categories?post=126978"},{"taxonomy":"post_tag","embeddable":true,"href":"https:\/\/www.leccecronaca.it\/index.php\/wp-json\/wp\/v2\/tags?post=126978"}],"curies":[{"name":"wp","href":"https:\/\/api.w.org\/{rel}","templated":true}]}}