{"id":127239,"date":"2017-10-04T14:29:22","date_gmt":"2017-10-04T12:29:22","guid":{"rendered":"http:\/\/www.leccecronaca.it\/?p=127239"},"modified":"2017-10-11T10:58:28","modified_gmt":"2017-10-11T08:58:28","slug":"un-cambio-di-mentalita-per-la-politica-a-leccecronaca-it-stefano-minerva-si-racconta-e-spiega-come-vuole-cambiare-gallipoli-e-pure-il-pd","status":"publish","type":"post","link":"https:\/\/www.leccecronaca.it\/index.php\/2017\/10\/04\/un-cambio-di-mentalita-per-la-politica-a-leccecronaca-it-stefano-minerva-si-racconta-e-spiega-come-vuole-cambiare-gallipoli-e-pure-il-pd\/","title":{"rendered":"&#8220;Un cambio di mentalit\u00e0 per la politica&#8221;&#8230;A leccecronaca.it IL SINDACO STEFANO MINERVA SI RACCONTA, E SPIEGA COME VUOLE CAMBIARE GALLIPOLI. E PURE IL PD"},"content":{"rendered":"<p><img decoding=\"async\" loading=\"lazy\" src=\"https:\/\/www.leccecronaca.it\/wordpress\/wp-content\/uploads\/2017\/10\/minerva.jpg\" alt=\"\" title=\"minerva\" width=\"1600\" height=\"1241\" class=\"alignleft size-full wp-image-127247\" srcset=\"https:\/\/www.leccecronaca.it\/wordpress\/wp-content\/uploads\/2017\/10\/minerva.jpg 1600w, https:\/\/www.leccecronaca.it\/wordpress\/wp-content\/uploads\/2017\/10\/minerva-300x233.jpg 300w, https:\/\/www.leccecronaca.it\/wordpress\/wp-content\/uploads\/2017\/10\/minerva-1024x794.jpg 1024w, https:\/\/www.leccecronaca.it\/wordpress\/wp-content\/uploads\/2017\/10\/minerva-768x596.jpg 768w, https:\/\/www.leccecronaca.it\/wordpress\/wp-content\/uploads\/2017\/10\/minerva-1536x1191.jpg 1536w\" sizes=\"(max-width: 1600px) 100vw, 1600px\" \/>di <strong>Valerio Melcore______<\/strong><\/p>\n<p>In un &#8216;estate piena di problemi, come \u00e8 anche fisiologico che sia, nella stagione in cui la Citt\u00e0 Bella passa di colpo da ventimila a centomila abitanti, pi\u00f9 che sulla cronaca nera, e gli aspetti sociali, la nostra attenzione cadde intorno a Ferragosto su di un&#8217; ordinanza con cui il sindaco viet\u00f2 la distribuzione di volantini commerciali nel territorio del suo Comune.<\/p>\n<p>Unico esempio nel Salento, di amministratore che comprende in questo modo che la pulizia delle citt\u00e0, in un territorio a vocazione turistica qual \u00e8 il nostro, \u00e8 una priorit\u00e0.<\/p>\n<p>Ci sembr\u00f2 un&#8217; iniziativa pi\u00f9 che lodevole, non solo per un fatto di civilt\u00e0, ma pure per altri risvolti e altre implicazioni.<\/p>\n<p>&nbsp;<\/p>\n<p>Dopo qualche disguido fra mail e telefonate, di cui adesso sorridiamo insieme, come volevamo, siamo venuti a parlarne di persona con Stefano Minerva, 31 anni, da uno sindaco di Gallipoli, del Pd.<\/p>\n<p>Naturalmente, \u00e8 stato solo il pretesto, per far parlare uno dei protagonisti pi\u00f9 in vista nello scenario politico salentino, nello spirito di leccecronaca.it, come gi\u00e0 facemmo subito dopo la sua elezione, un anno dopo.<\/p>\n<p>&nbsp;<\/p>\n<p>D.) &#8211; Quell&#8217; ordinanza che vietava di distribuire volantini, deplians, o altro tipo di materiale pubblicitario di iniziative commerciali, fu un\u2019iniziativa estemporanea, o si inseriva in una visone d\u2019insieme, un nuovo modo di gestire una comunit\u00e0? Una citt\u00e0 pulita si presenta con un ottimo biglietto da visita, certo. Gallipoli \u00e8 la prima citt\u00e0, in Provincia di Lecce, che \u00e8 riuscita a vietare il volantinaggio: come ci siete riusciti?<\/p>\n<p>&nbsp;<\/p>\n<p>R.) &#8211; <em>Semplicemente studiando le delibere di quelle citt\u00e0 che lo avevano gi\u00e0 fatto. Dopo l\u2019ordinanza ho chiamato i commercianti e ho spiegato loro che, anche a causa della distribuzione dei volantini pubblicitari, Gallipoli era una citt\u00e0 sporca , e ci\u00f2 non giovava neppure a loro. Ho ricordato che ripulire una citt\u00e0 da centinaia di migliaia di volantini tutti i giorni rappresentava un costo elevato per le casse comunali. Per non parlare dei rischi che corrono d\u2019inverno, pedoni ed automobilisti, quando le strade si allagano a causa delle carte che otturando i tombini e impedendo all\u2019acqua piovana di defluire normalmente. Esistono tante forme di pubblicit\u00e0&#8230;Non comprendiamo perch\u00e9 le cattive abitudini di qualcuno devono essere accollate sulle spalle dell\u2019intera comunit\u00e0.\u00a0I commercianti hanno capito e approvato la mia iniziativa.<\/em><\/p>\n<p><em>Anche perch\u00e9 con quest\u2019ordinanza abbiamo ottenuto tre risultati in un colpo solo, una una citt\u00e0 pi\u00f9 SICURA, come appena spiegato, ovviamente una citt\u00e0 pi\u00f9 PULITA, ed un RISPARMIO per le casse del comune, che si traduce in meno tasse per i cittadini.<\/em><\/p>\n<p>&nbsp;<\/p>\n<p>D.) Gallipoli non ha un Piano per la Pubblicit\u00e0, non \u00e8 servita da segnaletica per chi visita la citt\u00e0, non ha neppure delle plance dove effettuare comunicazione commerciale ed istituzionale: forse \u00e8 anche per questo che i commercianti sono costretti ad utilizzare i volantini?<\/p>\n<p>R.) &#8211; <em>Si \u00e8 vero ma stiamo provvedendo, a breve faremo un Piano e poi metteremo a bando la segnaletica, gli impianti\u2026Faremo il bando non voglio problemi, anche perch\u00e9 non saprei quale altra strada seguire.<\/em><\/p>\n<p>&nbsp;<\/p>\n<p>D.) &#8211; Ci auguriamo che quell&#8217;ordinanza non sia un&#8217; iniziativa estemporanea, dunque, e che il piano che sar\u00e0 redatto tenga conto, sia delle esigenze della Citt\u00e0, sia delle imprese locali del settore. Bene. Parliamo ora un po&#8217; propriamente di politica? Cosa \u00e8 successo, in venti anni, alla Citt\u00e0 che eleggeva D\u2019Alema, &#8220;il deputato di Gallipoli&#8221;, supportato da un petroliere, a citt\u00e0 governata da un Sindaco-poeta? Alla sinistra gallipolina cosa \u00e8 successo: ha cambiato pelle o ha cambiato anima?<\/p>\n<p>R.) &#8211; <em>Sicuramente in venti anni ha cambiato anima, \u00e8 un partito diverso, viene da una storia, quella storia che riconosce e ricorda con affetto, per\u00f2 \u00e8 cambiata a livello nazionale e quindi anche a livello locale.<\/em><\/p>\n<p><em>Ci sono state una serie di scissioni, una serie di abbandoni importanti come quella dell\u2019ex sindaco, il mio competitor Flavio Fasano, che ha deciso di rinnegare la sua storia per provare un\u2019altra strada, e il partito sicuramente ha avuto degli anni di crisi, delle difficolt\u00e0, abbiamo perso due volte le elezioni&#8230;<\/em><\/p>\n<p><em>Nel frattempo io ero stato chiamato dal partito a ricoprire il ruolo di Responsabile nazionale organizzativo dei Giovani Democratici.<\/em><\/p>\n<p><em>Arrivano le elezioni ed il centro-sinistra non aveva un candidato sindaco per sfidare Flavio Fasano che era una candidatura forte. Il partito mi ha chiesto il sacrificio di candidarmi, avevo 29 anni&#8230;L\u2019ho comunicato ai ragazzi della citt\u00e0, che erano piuttosto delusi dalla politica in quel periodo, e che sulla mia candidatura, ritrovarono il loro entusiasmo: quindi, ho accettato.<\/em><\/p>\n<p>&nbsp;<\/p>\n<p>D.) \u2013 Qual \u00e8 la Sua visione, che cosa ci dobbiamo aspettare da oggi alla fine del mandato?<\/p>\n<p>R.) &#8211; <em>Sicuramente un cambio di mentalit\u00e0 nei confronti della politica. <\/em><\/p>\n<p><em>Come veniva vista prima la politica? Veniva vista come una serie di amici che stavano sul Comune per farsi i fatti loro. Oggi non \u00e8 questo: \u00e8 invece responsabilit\u00e0 sociale, coinvolgimento, i ragazzi\u2026<\/em><\/p>\n<p>&nbsp;<\/p>\n<p>D.) &#8211; Permetta, Sindaco: queste sono buone intenzioni&#8230;<\/p>\n<p>R.) &#8211; <em>Sono buone intenzioni, ma sono fatti, perch\u00e9, sempre per la prima volta, c\u2019\u00e8 un sindaco che, insieme ai suoi coetanei, insieme ai consiglieri comunali, va nelle spiagge per pulirle, nelle periferie per tagliare l\u2019erba, ecco&#8230;C\u2019\u00e8 un diverso rapporto tra politica e societ\u00e0.<\/em><\/p>\n<p>&nbsp;<\/p>\n<p>D.) &#8211; E questi, certo,\u00a0 sono dei bei segnali che vengono lanciati ai cittadini, ma nel concreto\u2026<\/p>\n<p>R.) &#8211;<em> In concreto sicuramente un restyling della citt\u00e0. Noi abbiamo due grandi problemi che sono i due lungo mare e, gli accessi della citt\u00e0, che ovviamente, essendo una penisola, diventa un imbuto. Abbiamo sbloccato dopo dieci anni i lavori del litorale sud, nell\u2019 estate prossima finalmente Gallipoli avr\u00e0 un lungo mare pedonale e ciclabile, dove non passeranno le macchine, e che cambier\u00e0 il volto alla citt\u00e0.<\/em><\/p>\n<p><em>Cambieremo il Lungomare Marconi, allargando la strada e costruendo, appena Le Ferrovie dello Stato ci dar\u00e0 il nulla osta, togliendo il sesto binario che \u00e8 un binario morto.<\/em><\/p>\n<p><em>Avremo una pista sopraelevata ciclo-pedonale, e anche questa cambier\u00e0 il volto alla citt\u00e0.<\/em><\/p>\n<p><em>Il collegamento con Rivabella, poi: la nostra idea \u00e8 quella di costruire un lungo marciapiede sulla riviera nord che non \u00e8 mai stata presa in considerazione.<\/em><\/p>\n<p><em>Ancora, la risoluzione del problema del depuratore con lo sbocco a mare: noi abbiamo chiesto il riutilizzo delle acque, abbiamo diversi problemi in Regione che ci stanno finanziando: l\u2019utilizzo delle cave, bacini, oltre alla sistemazione della condotta a mare; e il grande tema del porto.<\/em><\/p>\n<p><em>Sul porto noi ci giochiamo molto, Gallipoli \u00e8 una citt\u00e0 turistica, deve investire in un turismo di qualit\u00e0, e nel giro di cinque anni avvieremo il ragionamento sul porto turistico, crocieristico e turistico.<\/em><\/p>\n<p>&nbsp;<\/p>\n<p>D. ) &#8211; Quindi il Sindaco Stefano Minerva ha una storia di partito \u00e8 uomo di partito, c\u2019\u00e8 lo ha spiegato prima&#8230;Per\u00f2 lo vediamo a braccetto con un sindaco con una storia completamente diversa, Pippi Mellone di Nard\u00f2, che, al di l\u00e0 dei riferimenti culturali a Rauti, alla destra radicale, ha fatto un percorso completamente diverso\u2026.<\/p>\n<p>D.) &#8211;<em> Siamo stati sempre avversari, ci siamo scontrati scontrati su fronti opposti, nelle scuole, nelle universit\u00e0&#8230;Ora vado a braccetto con Pippi Mellone, nello stesso modo con cui vado a braccetto con gli altri sindaci del circondario con i quali ho interessi in comune, intesi come interessi per la comunit\u00e0, ho un buon rapporto con il sindaco di Sannicola che \u00e8 del centro-destra, ho grandi rapporti con Donato Metallo, con Enzo Romano, che sono sindaci del PD di comuni vicini.<\/em><\/p>\n<p><em>Gallipoli e Nard\u00f2 hanno in comune decine di chilometri di costa, abbiamo tante altre cose in comune, \u00e8 chiaro che su alcune cose noi dobbiamo ragionare insieme.<\/em><\/p>\n<p><em>Con Pippi Mellone, oltre ad una simpatia ed un\u2019amicizia<\/em> <em>dovuta anche al dato generazionale, c\u2019\u00e8 un rapporto istituzionale, che si ferma l\u00ec. Poi se una sera insieme agli amici andiamo a mangiarci una pizza, non credo ci sia nulla di male<\/em><\/p>\n<p><em>Io rimango uomo del PD, Pippi Mellone uomo di Andare Oltre\u2026<\/em><\/p>\n<p>&nbsp;<\/p>\n<p>D.) &#8211; Anche perch\u00e9 ultimamente Mellone ha dimostrato grande simpatia, diciamo cos\u00ec, per il suo amico, il Presidente Michele Emiliano\u2026<\/p>\n<p>R.) &#8211; <em>S\u00ec, s\u00ec&#8230;<\/em><\/p>\n<p>D.) &#8211; Sar\u00e0 Lei il nuovo Segretario Provinciale del PD?<\/p>\n<p>R. ) &#8211; <em>Lo decideranno gli iscritti&#8230;Se gli iscritti lo vorranno sar\u00f2 il Segretario Provinciale, stante il fatto che se si trova una strada unitaria io sono disponibile a ragionare, se non c\u2019\u00e8 questa volont\u00e0 sono pronto a chiedere agli iscritti se sono il Segretario che loro si aspettano&#8230;<\/em><\/p>\n<p>&nbsp;<\/p>\n<p>D.) &#8211; Insomma, si candider\u00e0&#8230;Sar\u00e0 il candidato di Emiliano, contro quello renziano&#8230;.E allora in bocca al lupo&#8230;O alla balena, che \u00e8 pi\u00f9 indicato, in una citt\u00e0 di mare&#8230;!?!<\/p>\n<p>&nbsp;<\/p>\n<p>E il sindaco sorride.<\/p>\n<p>&nbsp;<\/p>\n<p>&nbsp;<\/p>\n<fb:like href='https:\/\/www.leccecronaca.it\/index.php\/2017\/10\/04\/un-cambio-di-mentalita-per-la-politica-a-leccecronaca-it-stefano-minerva-si-racconta-e-spiega-come-vuole-cambiare-gallipoli-e-pure-il-pd\/' send='true' layout='button_count' show_faces='true' width='450' height='65' action='recommend' colorscheme='light' font='lucida grande'><\/fb:like><span class=\"fb_share\"><fb:like href=\"https:\/\/www.leccecronaca.it\/index.php\/2017\/10\/04\/un-cambio-di-mentalita-per-la-politica-a-leccecronaca-it-stefano-minerva-si-racconta-e-spiega-come-vuole-cambiare-gallipoli-e-pure-il-pd\/\" layout=\"button_count\"><\/fb:like><\/span>","protected":false},"excerpt":{"rendered":"<p>di Valerio Melcore______ In un &#8216;estate piena di problemi, come \u00e8 anche fisiologico che sia, nella stagione in cui la Citt\u00e0 Bella passa di colpo da ventimila a centomila abitanti, pi\u00f9 che sulla cronaca nera, e gli aspetti sociali, la nostra attenzione cadde intorno a Ferragosto su di un&#8217; ordinanza con cui il sindaco viet\u00f2 [&hellip;]<\/p>\n","protected":false},"author":4,"featured_media":127247,"comment_status":"open","ping_status":"closed","sticky":false,"template":"","format":"standard","meta":[],"categories":[69,76],"tags":[],"_links":{"self":[{"href":"https:\/\/www.leccecronaca.it\/index.php\/wp-json\/wp\/v2\/posts\/127239"}],"collection":[{"href":"https:\/\/www.leccecronaca.it\/index.php\/wp-json\/wp\/v2\/posts"}],"about":[{"href":"https:\/\/www.leccecronaca.it\/index.php\/wp-json\/wp\/v2\/types\/post"}],"author":[{"embeddable":true,"href":"https:\/\/www.leccecronaca.it\/index.php\/wp-json\/wp\/v2\/users\/4"}],"replies":[{"embeddable":true,"href":"https:\/\/www.leccecronaca.it\/index.php\/wp-json\/wp\/v2\/comments?post=127239"}],"version-history":[{"count":11,"href":"https:\/\/www.leccecronaca.it\/index.php\/wp-json\/wp\/v2\/posts\/127239\/revisions"}],"predecessor-version":[{"id":127618,"href":"https:\/\/www.leccecronaca.it\/index.php\/wp-json\/wp\/v2\/posts\/127239\/revisions\/127618"}],"wp:featuredmedia":[{"embeddable":true,"href":"https:\/\/www.leccecronaca.it\/index.php\/wp-json\/wp\/v2\/media\/127247"}],"wp:attachment":[{"href":"https:\/\/www.leccecronaca.it\/index.php\/wp-json\/wp\/v2\/media?parent=127239"}],"wp:term":[{"taxonomy":"category","embeddable":true,"href":"https:\/\/www.leccecronaca.it\/index.php\/wp-json\/wp\/v2\/categories?post=127239"},{"taxonomy":"post_tag","embeddable":true,"href":"https:\/\/www.leccecronaca.it\/index.php\/wp-json\/wp\/v2\/tags?post=127239"}],"curies":[{"name":"wp","href":"https:\/\/api.w.org\/{rel}","templated":true}]}}