{"id":129020,"date":"2017-11-07T15:19:36","date_gmt":"2017-11-07T14:19:36","guid":{"rendered":"http:\/\/www.leccecronaca.it\/?p=129020"},"modified":"2017-11-07T15:19:36","modified_gmt":"2017-11-07T14:19:36","slug":"le-nuove-iniziative-degli-avvocati-in-bicicletta","status":"publish","type":"post","link":"https:\/\/www.leccecronaca.it\/index.php\/2017\/11\/07\/le-nuove-iniziative-degli-avvocati-in-bicicletta\/","title":{"rendered":"LE NUOVE INIZIATIVE DEGLI &#8216;AVVOCATI IN BICICLETTA&#8217;"},"content":{"rendered":"<p><img decoding=\"async\" loading=\"lazy\" class=\"alignleft size-medium wp-image-129021\" src=\"https:\/\/www.leccecronaca.it\/wordpress\/wp-content\/uploads\/2017\/11\/17862715_1493367940708014_1311235936089750124_n-169x300.jpg\" alt=\"\" width=\"169\" height=\"300\" \/>Riceviamo e volentieri pubblichiamo. Il presidente dell&#8217; associazione &#8216;Avvocati in bicicletta&#8217; Antonio Todisco (nella foto) ci manda il seguente comunicato______<\/p>\n<p>L&#8217;Associazione &#8220;Avvocati in Bicicletta&#8221; continua nella sua attivit\u00e0 di promozione sociale dell&#8217;uso della bicicletta sui percorsi casa lavoro, la cosiddetta mobilit\u00e0 bike-to-work.<\/p>\n<p>Dopo la confortante esperienza della Settimana Europea della Mobilit\u00e0 di met\u00e0 settembre, durante la quale Avvocati in Bicicletta ha dotato il Tribunale di un punto-bici presso la portineria del palazzo giudiziario di via Brenta, per consentire agli utenti di poter effettuare piccole riparazioni della loro due ruote, l&#8217;attivit\u00e0 associativa prosegue.<\/p>\n<p>L&#8217;associazione ha infatti messo in cantiere di:<\/p>\n<p>chiedere al Comune di Lecce la realizzazione di un attraversamento pedonale protetto e rialzato in corrispondenza dell&#8217;accesso al Tribunale Civile;<\/p>\n<p>chiedere al presidente del Tribunale di permettere agli avvocati e operatori della giustizia residenti fuori Lecce di poter lasciare la propria bicicletta nella rastrelliera interna alla recinzione del Tribunale durante le ore notturne, cos\u00ec da realizzare naturalmente un sicuro punto di sosta e di prelievo della propria bici per l&#8217;utilizzo negli spostamenti di lavoro quotidiani in citt\u00e0. La possibilit\u00e0 sarebbe particolarmente utile per gli avvocati che vengono dalla provincia in auto e, parcheggiando al Foro Boario, potrebbero muoversi agilmente in citt\u00e0 con la propria bicicletta.<\/p>\n<p>sollecitare la presentazione al Consiglio dell&#8217;Ordine degli Avvocati di proposte di convenzione da parte dei rivenditori di biciclette di Lecce per l&#8217;acquisto, a prezzo scontato, di biciclette pieghevoli e da citt\u00e0 attrezzate con borse professionali. Anche le bici pieghevoli risultano particolarmente utili per chi arriva a Lecce dai paesi della provincia.<\/p>\n<p>Inoltre, visto il buon successo della petizione per l&#8217;istituzione di una ZTL dalle 8 alle 14 in via Brenta (quasi 200 firme raccolte nel primo giorno!), il banchetto per la raccolta di firme sar\u00e0 replicato sempre in via Brenta per due venerd\u00ec di novembre, il giorno 10 e il 24 nelle ore mattutine dalle 9.00 alle 13.00.<\/p>\n<p>Tutti i cittadini sensibili sono invitati a venire a firmare per attenuare la morsa del traffico nel luogo dove si amministra la Giustizia nella nostra citt\u00e0.<\/p>\n<p>Siamo sicuri che il complesso delle nostre iniziative contribuir\u00e0 a rendere migliore la nostra citt\u00e0 e la vita dei cittadini che quotidianamente vi lavorano.<\/p>\n<p>&nbsp;<\/p>\n<fb:like href='https:\/\/www.leccecronaca.it\/index.php\/2017\/11\/07\/le-nuove-iniziative-degli-avvocati-in-bicicletta\/' send='true' layout='button_count' show_faces='true' width='450' height='65' action='recommend' colorscheme='light' font='lucida grande'><\/fb:like><span class=\"fb_share\"><fb:like href=\"https:\/\/www.leccecronaca.it\/index.php\/2017\/11\/07\/le-nuove-iniziative-degli-avvocati-in-bicicletta\/\" layout=\"button_count\"><\/fb:like><\/span>","protected":false},"excerpt":{"rendered":"<p>Riceviamo e volentieri pubblichiamo. Il presidente dell&#8217; associazione &#8216;Avvocati in bicicletta&#8217; Antonio Todisco (nella foto) ci manda il seguente comunicato______ L&#8217;Associazione &#8220;Avvocati in Bicicletta&#8221; continua nella sua attivit\u00e0 di promozione sociale dell&#8217;uso della bicicletta sui percorsi casa lavoro, la cosiddetta mobilit\u00e0 bike-to-work. Dopo la confortante esperienza della Settimana Europea della Mobilit\u00e0 di met\u00e0 settembre, durante [&hellip;]<\/p>\n","protected":false},"author":4,"featured_media":129021,"comment_status":"open","ping_status":"closed","sticky":false,"template":"","format":"standard","meta":[],"categories":[36],"tags":[],"_links":{"self":[{"href":"https:\/\/www.leccecronaca.it\/index.php\/wp-json\/wp\/v2\/posts\/129020"}],"collection":[{"href":"https:\/\/www.leccecronaca.it\/index.php\/wp-json\/wp\/v2\/posts"}],"about":[{"href":"https:\/\/www.leccecronaca.it\/index.php\/wp-json\/wp\/v2\/types\/post"}],"author":[{"embeddable":true,"href":"https:\/\/www.leccecronaca.it\/index.php\/wp-json\/wp\/v2\/users\/4"}],"replies":[{"embeddable":true,"href":"https:\/\/www.leccecronaca.it\/index.php\/wp-json\/wp\/v2\/comments?post=129020"}],"version-history":[{"count":1,"href":"https:\/\/www.leccecronaca.it\/index.php\/wp-json\/wp\/v2\/posts\/129020\/revisions"}],"predecessor-version":[{"id":129022,"href":"https:\/\/www.leccecronaca.it\/index.php\/wp-json\/wp\/v2\/posts\/129020\/revisions\/129022"}],"wp:featuredmedia":[{"embeddable":true,"href":"https:\/\/www.leccecronaca.it\/index.php\/wp-json\/wp\/v2\/media\/129021"}],"wp:attachment":[{"href":"https:\/\/www.leccecronaca.it\/index.php\/wp-json\/wp\/v2\/media?parent=129020"}],"wp:term":[{"taxonomy":"category","embeddable":true,"href":"https:\/\/www.leccecronaca.it\/index.php\/wp-json\/wp\/v2\/categories?post=129020"},{"taxonomy":"post_tag","embeddable":true,"href":"https:\/\/www.leccecronaca.it\/index.php\/wp-json\/wp\/v2\/tags?post=129020"}],"curies":[{"name":"wp","href":"https:\/\/api.w.org\/{rel}","templated":true}]}}