{"id":129082,"date":"2017-11-08T15:26:05","date_gmt":"2017-11-08T14:26:05","guid":{"rendered":"http:\/\/www.leccecronaca.it\/?p=129082"},"modified":"2017-11-08T15:26:05","modified_gmt":"2017-11-08T14:26:05","slug":"parcheggio-selvaggio-all-asl-di-lecce","status":"publish","type":"post","link":"https:\/\/www.leccecronaca.it\/index.php\/2017\/11\/08\/parcheggio-selvaggio-all-asl-di-lecce\/","title":{"rendered":"&#8216;PARCHEGGIO SELVAGGIO ALL&#8217; ASL DI LECCE&#8217;"},"content":{"rendered":"<p><img decoding=\"async\" loading=\"lazy\" class=\"alignleft size-medium wp-image-129083\" src=\"https:\/\/www.leccecronaca.it\/wordpress\/wp-content\/uploads\/2017\/11\/parcheggio-invalidi-asl-1-300x225.jpg\" alt=\"\" width=\"300\" height=\"225\" srcset=\"https:\/\/www.leccecronaca.it\/wordpress\/wp-content\/uploads\/2017\/11\/parcheggio-invalidi-asl-1-300x225.jpg 300w, https:\/\/www.leccecronaca.it\/wordpress\/wp-content\/uploads\/2017\/11\/parcheggio-invalidi-asl-1-768x576.jpg 768w, https:\/\/www.leccecronaca.it\/wordpress\/wp-content\/uploads\/2017\/11\/parcheggio-invalidi-asl-1-400x300.jpg 400w, https:\/\/www.leccecronaca.it\/wordpress\/wp-content\/uploads\/2017\/11\/parcheggio-invalidi-asl-1.jpg 806w\" sizes=\"(max-width: 300px) 100vw, 300px\" \/>Riceviamo e volentieri pubblichiamo. Il presidente dell&#8217; associazione &#8216;Sportello dei diritti&#8217; Giovanni D&#8217; Agata ci manda il seguente comunicato______<\/p>\n<p>Parcheggi Asl Lecce non usufruibili per la sosta selvaggia. E nessuno controlla. Lo \u201cSportello dei Diritti\u201d: il paradosso che tutto ci\u00f2 accada presso la sede dell\u2019Asl.<\/p>\n<p>La foto che postiamo oggi rappresenta un vero e proprio paradosso perch\u00e9 ci troviamo nel parcheggio interno della sede generale dell\u2019Asl Lecce di Piazzetta Bottazzi che ha anche accesso da via Miglietta. I posti riservati ai disabili, com\u2019\u00e8 visibile dalla fotografia inoltrataci da un\u2019attenta cittadina, non possono essere usufruiti a causa della presenza di autovetture che ne impediscono la manovra.<\/p>\n<p>Il fatto che tutto ci\u00f2 accada proprio nel luogo che per sua natura dovrebbe rappresentare il massimo organo deputato alla tutela dei portatori di deficit locomotori, la dice tutta sul livello d\u2019attenzione dell\u2019istituzione e della sensibilit\u00e0 di alcuni cittadini sui problemi che deve affrontare chi si trova in una condizione di limitazione della propria quotidiana esistenza. Poich\u00e9 in quel luogo non sarebbe titolata alcuna autorit\u00e0 di polizia stradale a sanzionare questi comportamenti, la nostra segnalazione, quindi, \u00e8 contemporaneamente un monito alla dirigenza dell\u2019Asl a maggiori controlli e un invito a chiunque si trovi in quell\u2019area di sosta a prestare la massima attenzione, d\u2019ora in avanti, quando si parcheggiano i propri veicoli.<\/p>\n<p>&nbsp;<\/p>\n<fb:like href='https:\/\/www.leccecronaca.it\/index.php\/2017\/11\/08\/parcheggio-selvaggio-all-asl-di-lecce\/' send='true' layout='button_count' show_faces='true' width='450' height='65' action='recommend' colorscheme='light' font='lucida grande'><\/fb:like><span class=\"fb_share\"><fb:like href=\"https:\/\/www.leccecronaca.it\/index.php\/2017\/11\/08\/parcheggio-selvaggio-all-asl-di-lecce\/\" layout=\"button_count\"><\/fb:like><\/span>","protected":false},"excerpt":{"rendered":"<p>Riceviamo e volentieri pubblichiamo. Il presidente dell&#8217; associazione &#8216;Sportello dei diritti&#8217; Giovanni D&#8217; Agata ci manda il seguente comunicato______ Parcheggi Asl Lecce non usufruibili per la sosta selvaggia. E nessuno controlla. Lo \u201cSportello dei Diritti\u201d: il paradosso che tutto ci\u00f2 accada presso la sede dell\u2019Asl. La foto che postiamo oggi rappresenta un vero e proprio [&hellip;]<\/p>\n","protected":false},"author":4,"featured_media":129083,"comment_status":"open","ping_status":"closed","sticky":false,"template":"","format":"standard","meta":[],"categories":[69,36],"tags":[],"_links":{"self":[{"href":"https:\/\/www.leccecronaca.it\/index.php\/wp-json\/wp\/v2\/posts\/129082"}],"collection":[{"href":"https:\/\/www.leccecronaca.it\/index.php\/wp-json\/wp\/v2\/posts"}],"about":[{"href":"https:\/\/www.leccecronaca.it\/index.php\/wp-json\/wp\/v2\/types\/post"}],"author":[{"embeddable":true,"href":"https:\/\/www.leccecronaca.it\/index.php\/wp-json\/wp\/v2\/users\/4"}],"replies":[{"embeddable":true,"href":"https:\/\/www.leccecronaca.it\/index.php\/wp-json\/wp\/v2\/comments?post=129082"}],"version-history":[{"count":1,"href":"https:\/\/www.leccecronaca.it\/index.php\/wp-json\/wp\/v2\/posts\/129082\/revisions"}],"predecessor-version":[{"id":129084,"href":"https:\/\/www.leccecronaca.it\/index.php\/wp-json\/wp\/v2\/posts\/129082\/revisions\/129084"}],"wp:featuredmedia":[{"embeddable":true,"href":"https:\/\/www.leccecronaca.it\/index.php\/wp-json\/wp\/v2\/media\/129083"}],"wp:attachment":[{"href":"https:\/\/www.leccecronaca.it\/index.php\/wp-json\/wp\/v2\/media?parent=129082"}],"wp:term":[{"taxonomy":"category","embeddable":true,"href":"https:\/\/www.leccecronaca.it\/index.php\/wp-json\/wp\/v2\/categories?post=129082"},{"taxonomy":"post_tag","embeddable":true,"href":"https:\/\/www.leccecronaca.it\/index.php\/wp-json\/wp\/v2\/tags?post=129082"}],"curies":[{"name":"wp","href":"https:\/\/api.w.org\/{rel}","templated":true}]}}