{"id":129353,"date":"2017-11-14T13:10:17","date_gmt":"2017-11-14T12:10:17","guid":{"rendered":"http:\/\/www.leccecronaca.it\/?p=129353"},"modified":"2017-11-14T13:10:17","modified_gmt":"2017-11-14T12:10:17","slug":"piu-vivibilita-in-viale-rossini","status":"publish","type":"post","link":"https:\/\/www.leccecronaca.it\/index.php\/2017\/11\/14\/piu-vivibilita-in-viale-rossini\/","title":{"rendered":"&#8216;PIU&#8217; VIVIBILITA&#8217; IN VIALE ROSSINI&#8217;"},"content":{"rendered":"<p><img decoding=\"async\" loading=\"lazy\" class=\"alignleft size-medium wp-image-129354\" src=\"https:\/\/www.leccecronaca.it\/wordpress\/wp-content\/uploads\/2017\/11\/viale-rossini-a-Lecce-300x193.jpg\" alt=\"\" width=\"300\" height=\"193\" srcset=\"https:\/\/www.leccecronaca.it\/wordpress\/wp-content\/uploads\/2017\/11\/viale-rossini-a-Lecce-300x193.jpg 300w, https:\/\/www.leccecronaca.it\/wordpress\/wp-content\/uploads\/2017\/11\/viale-rossini-a-Lecce.jpg 764w\" sizes=\"(max-width: 300px) 100vw, 300px\" \/>Riceviamo e volentieri pubblichiamo. Il presidente dell&#8217; Adoc Lecce Alessandro Presicce ci manda il seguente comunicato______<\/p>\n<p>SU VIALE ROSSINI UN SUV \u201cENTRA\u201d IN UNA VILLETTA.\u00a0Quanto ancora dovranno aspettare i cittadini\u00a0perch\u00e9 l&#8217;Amministrazione faccia qualcosa?<\/p>\n<p>Sono molti anni che i cittadini di viale Rossini vivono una condizione di \u201cassedio\u201d da parte del traffico cittadino.<\/p>\n<p>Negli anni, infatti, la circonvallazione interna di Lecce ha visto sempre allargare la propria sezione e ci\u00f2 sempre a spese del marciapiede e quindi dello spazio riservato ai pedoni. Ormai in quel tratto di circonvallazione, pi\u00f9 o meno quello che incrocia via Merine, il marciapiede non esiste pi\u00f9 essendo di circa 80-90 cm, ben al di sotto degli standard previsti dal DM del 05.11.2001 (che indica un minimo di mt. 1,50).<\/p>\n<p>E&#8217; cos\u00ec che pu\u00f2 accadere che le auto che perdono il controllo sul viale, addirittura irrompono nelle le abitazioni. Fortunatamente, nel caso occorso ieri mattina, in quel tratto non passavano dei pedoni, che invero si guardano bene dall&#8217;impegnare quella pericolosissima fettina di marciapiede.<\/p>\n<p>Sono anni che i cittadini di viale Rossini chiedono pi\u00f9 vivibilit\u00e0 e misure per il contenimento dell&#8217;inquinamento acustico e dell&#8217;aria che sono costretti a respirare. Ma anche \u2013 se possibile \u2013 pi\u00f9 spazio vitale dinanzi alle proprie case!<\/p>\n<p>Esiste anche una rilevazione dell&#8217;ARPA della fine del 2014 che, proprio in quel tratto di strada, ha rilevato un significativo sforamento dei livelli di rumore consentiti dal DPR 142\/04, specie nelle ore notturne.<\/p>\n<p>Ebbene l&#8217;Amministrazione dell&#8217;epoca, dopo avere valutato improbabili posizionamenti di barriere antirumore, sembr\u00f2 convincersi \u2013 su impulso di Adoc &#8211; che la soluzione migliore fosse quella di ridurre la velocit\u00e0 delle auto in quel tratto in cui le abitazioni sono in coincidenza con la strada. Ci\u00f2 averebbe prodotto pi\u00f9 sicurezza per i pedoni e minore inquinamento acustico e ambientale.<\/p>\n<p>La soluzione suggerita dai cittadini, che interessarono i settori Ambiente e Mobilit\u00e0, fu quella di integrare nel photored presente all&#8217;incrocio tra viale Rossini e via Merine un autovelox in postazione fissa.<\/p>\n<p>Questa soluzione, dopo qualche riunione intersettoriale, non fu mai attuata dalla vecchia Amministrazione.<\/p>\n<p>Dopo l&#8217;\u201daccesso\u201d in casa del SUV accaduto ieri, Adoc spera che questa nuova Amministrazione voglia riprendere in mano il fascicolo e dare seguito a quegli impegni, mai concretizzatisi. La circonvallazione non \u00e8 pi\u00f9 e da lungo tempo la \u201ctangenziale\u201d della citt\u00e0: deve essere ricondotta \u2013 almeno nei tratti dove le abitazioni sono a raso &#8211; ad una strada urbana, sebbene di scorrimento.<\/p>\n<p>&nbsp;<\/p>\n<fb:like href='https:\/\/www.leccecronaca.it\/index.php\/2017\/11\/14\/piu-vivibilita-in-viale-rossini\/' send='true' layout='button_count' show_faces='true' width='450' height='65' action='recommend' colorscheme='light' font='lucida grande'><\/fb:like><span class=\"fb_share\"><fb:like href=\"https:\/\/www.leccecronaca.it\/index.php\/2017\/11\/14\/piu-vivibilita-in-viale-rossini\/\" layout=\"button_count\"><\/fb:like><\/span>","protected":false},"excerpt":{"rendered":"<p>Riceviamo e volentieri pubblichiamo. Il presidente dell&#8217; Adoc Lecce Alessandro Presicce ci manda il seguente comunicato______ SU VIALE ROSSINI UN SUV \u201cENTRA\u201d IN UNA VILLETTA.\u00a0Quanto ancora dovranno aspettare i cittadini\u00a0perch\u00e9 l&#8217;Amministrazione faccia qualcosa? Sono molti anni che i cittadini di viale Rossini vivono una condizione di \u201cassedio\u201d da parte del traffico cittadino. Negli anni, infatti, [&hellip;]<\/p>\n","protected":false},"author":4,"featured_media":129354,"comment_status":"open","ping_status":"closed","sticky":false,"template":"","format":"standard","meta":[],"categories":[69,36],"tags":[],"_links":{"self":[{"href":"https:\/\/www.leccecronaca.it\/index.php\/wp-json\/wp\/v2\/posts\/129353"}],"collection":[{"href":"https:\/\/www.leccecronaca.it\/index.php\/wp-json\/wp\/v2\/posts"}],"about":[{"href":"https:\/\/www.leccecronaca.it\/index.php\/wp-json\/wp\/v2\/types\/post"}],"author":[{"embeddable":true,"href":"https:\/\/www.leccecronaca.it\/index.php\/wp-json\/wp\/v2\/users\/4"}],"replies":[{"embeddable":true,"href":"https:\/\/www.leccecronaca.it\/index.php\/wp-json\/wp\/v2\/comments?post=129353"}],"version-history":[{"count":1,"href":"https:\/\/www.leccecronaca.it\/index.php\/wp-json\/wp\/v2\/posts\/129353\/revisions"}],"predecessor-version":[{"id":129355,"href":"https:\/\/www.leccecronaca.it\/index.php\/wp-json\/wp\/v2\/posts\/129353\/revisions\/129355"}],"wp:featuredmedia":[{"embeddable":true,"href":"https:\/\/www.leccecronaca.it\/index.php\/wp-json\/wp\/v2\/media\/129354"}],"wp:attachment":[{"href":"https:\/\/www.leccecronaca.it\/index.php\/wp-json\/wp\/v2\/media?parent=129353"}],"wp:term":[{"taxonomy":"category","embeddable":true,"href":"https:\/\/www.leccecronaca.it\/index.php\/wp-json\/wp\/v2\/categories?post=129353"},{"taxonomy":"post_tag","embeddable":true,"href":"https:\/\/www.leccecronaca.it\/index.php\/wp-json\/wp\/v2\/tags?post=129353"}],"curies":[{"name":"wp","href":"https:\/\/api.w.org\/{rel}","templated":true}]}}