{"id":129356,"date":"2017-11-14T13:31:23","date_gmt":"2017-11-14T12:31:23","guid":{"rendered":"http:\/\/www.leccecronaca.it\/?p=129356"},"modified":"2017-11-14T13:40:54","modified_gmt":"2017-11-14T12:40:54","slug":"il-braccio-armato-di-tap-prosegue-i-lavori-la-protesta-della-senatrice-del-m5s-daniela-donno-la-democrazia-e-in-bilico","status":"publish","type":"post","link":"https:\/\/www.leccecronaca.it\/index.php\/2017\/11\/14\/il-braccio-armato-di-tap-prosegue-i-lavori-la-protesta-della-senatrice-del-m5s-daniela-donno-la-democrazia-e-in-bilico\/","title":{"rendered":"&#8220;Il braccio armato di TAP prosegue i lavori&#8221;. QUESTA MATTINA LA PROTESTA DELLA SENATRICE DEL M5S DANIELA DONNO: &#8220;La democrazia \u00e8 in bilico&#8221;"},"content":{"rendered":"<p style=\"font-weight: 400;\"><img decoding=\"async\" loading=\"lazy\" class=\"alignleft size-medium wp-image-129357\" src=\"https:\/\/www.leccecronaca.it\/wordpress\/wp-content\/uploads\/2017\/11\/Image.937036933790-300x225.jpg\" alt=\"\" width=\"300\" height=\"225\" srcset=\"https:\/\/www.leccecronaca.it\/wordpress\/wp-content\/uploads\/2017\/11\/Image.937036933790-300x225.jpg 300w, https:\/\/www.leccecronaca.it\/wordpress\/wp-content\/uploads\/2017\/11\/Image.937036933790-1024x768.jpg 1024w, https:\/\/www.leccecronaca.it\/wordpress\/wp-content\/uploads\/2017\/11\/Image.937036933790-768x576.jpg 768w, https:\/\/www.leccecronaca.it\/wordpress\/wp-content\/uploads\/2017\/11\/Image.937036933790-400x300.jpg 400w, https:\/\/www.leccecronaca.it\/wordpress\/wp-content\/uploads\/2017\/11\/Image.937036933790.jpg 1280w\" sizes=\"(max-width: 300px) 100vw, 300px\" \/>(g.p.)______&#8221;<em>Mentre i momenti di tensione sono destinati ad aumentare tra Melendugno e San Foca, il MoVimento 5 Stelle continua a lottare e ad esprimere il proprio dissenso. Per questo abbiamo deciso di affiggere, proprio di fronte al palazzo della Regione Puglia, un&#8217;immagine che riassume la situazione che vive il nostro territorio amministrato da Emiliano. Ulivi e campagne distrutte per fare spazio ad un tubo che danneggia l&#8217;ambiente e della salute dei cittadini&#8221;.<\/em><\/p>\n<p style=\"font-weight: 400;\">Cos\u00ec la senatrice salentina Daniela Donno, che ha organizzato la protesta di questa mattina in viale Aldo Moro (nella foto), e che cos\u00ec poi commenta la situazione a Melendugno: <em>&#8220;Anche stamattina, sotto la pioggia e in condizioni climatiche del tutto avverse, il braccio armato di TAP prosegue i lavori, nella totale noncuranza delle necessit\u00e0 dei cittadini che vivono in un&#8217;area militarizzata, limitati nella propria libert\u00e0 personale e di spostamento.<\/em><\/p>\n<p style=\"font-weight: 400;\"><em>La viabilit\u00e0 \u00e8 ridotta, la strada per raggiungere San Foca \u00e8 off limits e a rimetterci sono i tanti piccoli esercizi commerciali lungo la via, comprese le attivit\u00e0 ricettive che stanno subendo anche disdette di prenotazioni turistiche. Fino al prossimo mese \u00e8 previsto un vero e proprio coprifuoco intorno al cantiere, nella zona di Melendugno, presidiato dalle forze dell&#8217;ordine in spiegamento massiccio.<\/em><\/p>\n<p style=\"font-weight: 400;\"><em>In queste ore in cui la Democrazia \u00e8 in bilico ci chiediamo, dove sia finito il Presidente Emiliano, che sembra aver dimenticato questo fazzoletto di terra, che pure fa parte della Regione Puglia.<\/em><\/p>\n<p style=\"font-weight: 400;\"><em>Dove sono finiti i rappresentanti delle altre formazioni politiche, che sempre si son dette contrarie a TAP e pronte ad ascoltare le esigenze della popolazione?<\/em><\/p>\n<p style=\"font-weight: 400;\"><em>Siamo in allarme, e tutto questo sta accadendo con la complicit\u00e0 del Governo centrale, utile solo ad organizzare tavoli istituzionali che favoriscono le multinazionali. \u00c8 tempo di opporsi, agire e far sentire la propria voce, basta proclami vuoti e inconcludenti&#8221;. ______<\/em><\/p>\n<p>LA RICERCA nell&#8217; ultimo dei nostri cinque articoli di ieri sulla situazione a Melendugno<\/p>\n<blockquote class=\"wp-embedded-content\" data-secret=\"8GHpludS5e\"><p><a href=\"https:\/\/www.leccecronaca.it\/index.php\/2017\/11\/13\/che-facciamo-un-pezzo-di-svizzera-a-casa-nostra-il-sindaco-di-melendugno-marco-poti-spiega-a-leccecronaca-it-perche-sono-state-soppresse-le-liberta-dei-cittadini-per-favorire-gli-interess\/\">&#8220;Che facciamo? Un pezzo di Svizzera a casa nostra?&#8221;. IN SERATA IL SINDACO DI MELENDUGNO MARCO POTI&#8217; SPIEGA A leccecronaca.it COME, DI FATTO, NEL SUO COMUNE SIANO STATE SOPPRESSE LE LIBERTA&#8217; DEI CITTADINI PER FAVORIRE GLI INTERESSI DI UNA MULTINAZIONALE<\/a><\/p><\/blockquote>\n<p><iframe class=\"wp-embedded-content\" sandbox=\"allow-scripts\" security=\"restricted\" style=\"position: absolute; clip: rect(1px, 1px, 1px, 1px);\" src=\"https:\/\/www.leccecronaca.it\/index.php\/2017\/11\/13\/che-facciamo-un-pezzo-di-svizzera-a-casa-nostra-il-sindaco-di-melendugno-marco-poti-spiega-a-leccecronaca-it-perche-sono-state-soppresse-le-liberta-dei-cittadini-per-favorire-gli-interess\/embed\/#?secret=8GHpludS5e\" data-secret=\"8GHpludS5e\" width=\"500\" height=\"282\" title=\"&#8220;&#8220;Che facciamo? Un pezzo di Svizzera a casa nostra?&#8221;. IN SERATA IL SINDACO DI MELENDUGNO MARCO POTI&#8217; SPIEGA A leccecronaca.it COME, DI FATTO, NEL SUO COMUNE SIANO STATE SOPPRESSE LE LIBERTA&#8217; DEI CITTADINI PER FAVORIRE GLI INTERESSI DI UNA MULTINAZIONALE&#8221; &#8212; LecceCronaca.it\" frameborder=\"0\" marginwidth=\"0\" marginheight=\"0\" scrolling=\"no\"><\/iframe><\/p>\n<fb:like href='https:\/\/www.leccecronaca.it\/index.php\/2017\/11\/14\/il-braccio-armato-di-tap-prosegue-i-lavori-la-protesta-della-senatrice-del-m5s-daniela-donno-la-democrazia-e-in-bilico\/' send='true' layout='button_count' show_faces='true' width='450' height='65' action='recommend' colorscheme='light' font='lucida grande'><\/fb:like><span class=\"fb_share\"><fb:like href=\"https:\/\/www.leccecronaca.it\/index.php\/2017\/11\/14\/il-braccio-armato-di-tap-prosegue-i-lavori-la-protesta-della-senatrice-del-m5s-daniela-donno-la-democrazia-e-in-bilico\/\" layout=\"button_count\"><\/fb:like><\/span>","protected":false},"excerpt":{"rendered":"<p>(g.p.)______&#8221;Mentre i momenti di tensione sono destinati ad aumentare tra Melendugno e San Foca, il MoVimento 5 Stelle continua a lottare e ad esprimere il proprio dissenso. Per questo abbiamo deciso di affiggere, proprio di fronte al palazzo della Regione Puglia, un&#8217;immagine che riassume la situazione che vive il nostro territorio amministrato da Emiliano. Ulivi [&hellip;]<\/p>\n","protected":false},"author":4,"featured_media":129357,"comment_status":"open","ping_status":"closed","sticky":false,"template":"","format":"standard","meta":[],"categories":[69],"tags":[],"_links":{"self":[{"href":"https:\/\/www.leccecronaca.it\/index.php\/wp-json\/wp\/v2\/posts\/129356"}],"collection":[{"href":"https:\/\/www.leccecronaca.it\/index.php\/wp-json\/wp\/v2\/posts"}],"about":[{"href":"https:\/\/www.leccecronaca.it\/index.php\/wp-json\/wp\/v2\/types\/post"}],"author":[{"embeddable":true,"href":"https:\/\/www.leccecronaca.it\/index.php\/wp-json\/wp\/v2\/users\/4"}],"replies":[{"embeddable":true,"href":"https:\/\/www.leccecronaca.it\/index.php\/wp-json\/wp\/v2\/comments?post=129356"}],"version-history":[{"count":5,"href":"https:\/\/www.leccecronaca.it\/index.php\/wp-json\/wp\/v2\/posts\/129356\/revisions"}],"predecessor-version":[{"id":129362,"href":"https:\/\/www.leccecronaca.it\/index.php\/wp-json\/wp\/v2\/posts\/129356\/revisions\/129362"}],"wp:featuredmedia":[{"embeddable":true,"href":"https:\/\/www.leccecronaca.it\/index.php\/wp-json\/wp\/v2\/media\/129357"}],"wp:attachment":[{"href":"https:\/\/www.leccecronaca.it\/index.php\/wp-json\/wp\/v2\/media?parent=129356"}],"wp:term":[{"taxonomy":"category","embeddable":true,"href":"https:\/\/www.leccecronaca.it\/index.php\/wp-json\/wp\/v2\/categories?post=129356"},{"taxonomy":"post_tag","embeddable":true,"href":"https:\/\/www.leccecronaca.it\/index.php\/wp-json\/wp\/v2\/tags?post=129356"}],"curies":[{"name":"wp","href":"https:\/\/api.w.org\/{rel}","templated":true}]}}