{"id":129860,"date":"2017-11-25T16:54:28","date_gmt":"2017-11-25T15:54:28","guid":{"rendered":"http:\/\/www.leccecronaca.it\/?p=129860"},"modified":"2017-11-25T17:02:45","modified_gmt":"2017-11-25T16:02:45","slug":"prende-a-calci-e-a-pugni-la-convivente-all-alba-della-giornata-mondiale-contro-la-violenza-sulle-donne-finisce-in-carcere-un-uomo-di-racale","status":"publish","type":"post","link":"https:\/\/www.leccecronaca.it\/index.php\/2017\/11\/25\/prende-a-calci-e-a-pugni-la-convivente-all-alba-della-giornata-mondiale-contro-la-violenza-sulle-donne-finisce-in-carcere-un-uomo-di-racale\/","title":{"rendered":"PRENDE A CALCI E A PUGNI LA CONVIVENTE, ALL&#8217; ALBA DELLA GIORNATA MONDIALE CONTRO LA VIOLENZA SULLE DONNE, FINISCE IN CARCERE UN UOMO DI RACALE"},"content":{"rendered":"<p><img decoding=\"async\" loading=\"lazy\" class=\"alignleft size-medium wp-image-129861\" src=\"https:\/\/www.leccecronaca.it\/wordpress\/wp-content\/uploads\/2017\/11\/734386_580007165345499_2084626164_n-620x350-300x169-300x169.png\" alt=\"\" width=\"300\" height=\"169\" \/>(e.l.)______C&#8217;\u00e8 ancora molto da lavorare nei nostri paesi del Salento, a livello organizzativo, soprattutto di assistenti sociali e magistrati, che, comunque, abbiamo notato, da tempo hanno adottato un atteggiamento severo al riguardo, oltre il quotidiano impegno delle Forze dell\u2019 Ordine per contrastarlo. Quel che \u00e8 necessario pi\u00f9 di tutto, per\u00f2, \u00e8 una vera e propria opera culturale, che serva a far comprendere e a far cambiare mentalit\u00e0, oltre, come detto, a una costante presenza dei servizi sociali, e sanitari, ancora carenti, per le persone in difficolt\u00e0, che non devono essere lasciate sole, in una costante opera di prevenzione.<\/p>\n<p>Questo serve, pi\u00f9 di tanti convegni, autoreferenziali e spesso solamente vetrina autocelebrativa, per chi li organizza.<\/p>\n<p>Intanto, all&#8217; alba di oggi, la giornata mondiale contro la violenza sulle donne, verso le 4.00, a Racale, un uomo di 41 anni, del quale, a tutela della vittima, omettiamo le generalit\u00e0,\u00a0 \u00e8 stato arrestato e poi, su disposizione del magistrato, portato nel carcere di Borgo San Nicola, dai Carabinieri, intervenuti su segnalazione di una violenta lite scoppiata in un&#8217; abitazione, in cui un uomo aveva aggredito la convivente.<\/p>\n<p>Sono arrivati anche i sanitari del 118, che hanno soccorso la donna, portata al Pronto Soccorso dell&#8217; ospedale di Casarano, dove le sono stati riscontrati\u00a0 vari traumi contusivi, sul capo, sul volto, sul corpo, conseguenza delle botte ricevute.<\/p>\n<fb:like href='https:\/\/www.leccecronaca.it\/index.php\/2017\/11\/25\/prende-a-calci-e-a-pugni-la-convivente-all-alba-della-giornata-mondiale-contro-la-violenza-sulle-donne-finisce-in-carcere-un-uomo-di-racale\/' send='true' layout='button_count' show_faces='true' width='450' height='65' action='recommend' colorscheme='light' font='lucida grande'><\/fb:like><span class=\"fb_share\"><fb:like href=\"https:\/\/www.leccecronaca.it\/index.php\/2017\/11\/25\/prende-a-calci-e-a-pugni-la-convivente-all-alba-della-giornata-mondiale-contro-la-violenza-sulle-donne-finisce-in-carcere-un-uomo-di-racale\/\" layout=\"button_count\"><\/fb:like><\/span>","protected":false},"excerpt":{"rendered":"<p>(e.l.)______C&#8217;\u00e8 ancora molto da lavorare nei nostri paesi del Salento, a livello organizzativo, soprattutto di assistenti sociali e magistrati, che, comunque, abbiamo notato, da tempo hanno adottato un atteggiamento severo al riguardo, oltre il quotidiano impegno delle Forze dell\u2019 Ordine per contrastarlo. Quel che \u00e8 necessario pi\u00f9 di tutto, per\u00f2, \u00e8 una vera e propria [&hellip;]<\/p>\n","protected":false},"author":4,"featured_media":129861,"comment_status":"open","ping_status":"closed","sticky":false,"template":"","format":"standard","meta":[],"categories":[69],"tags":[],"_links":{"self":[{"href":"https:\/\/www.leccecronaca.it\/index.php\/wp-json\/wp\/v2\/posts\/129860"}],"collection":[{"href":"https:\/\/www.leccecronaca.it\/index.php\/wp-json\/wp\/v2\/posts"}],"about":[{"href":"https:\/\/www.leccecronaca.it\/index.php\/wp-json\/wp\/v2\/types\/post"}],"author":[{"embeddable":true,"href":"https:\/\/www.leccecronaca.it\/index.php\/wp-json\/wp\/v2\/users\/4"}],"replies":[{"embeddable":true,"href":"https:\/\/www.leccecronaca.it\/index.php\/wp-json\/wp\/v2\/comments?post=129860"}],"version-history":[{"count":1,"href":"https:\/\/www.leccecronaca.it\/index.php\/wp-json\/wp\/v2\/posts\/129860\/revisions"}],"predecessor-version":[{"id":129862,"href":"https:\/\/www.leccecronaca.it\/index.php\/wp-json\/wp\/v2\/posts\/129860\/revisions\/129862"}],"wp:featuredmedia":[{"embeddable":true,"href":"https:\/\/www.leccecronaca.it\/index.php\/wp-json\/wp\/v2\/media\/129861"}],"wp:attachment":[{"href":"https:\/\/www.leccecronaca.it\/index.php\/wp-json\/wp\/v2\/media?parent=129860"}],"wp:term":[{"taxonomy":"category","embeddable":true,"href":"https:\/\/www.leccecronaca.it\/index.php\/wp-json\/wp\/v2\/categories?post=129860"},{"taxonomy":"post_tag","embeddable":true,"href":"https:\/\/www.leccecronaca.it\/index.php\/wp-json\/wp\/v2\/tags?post=129860"}],"curies":[{"name":"wp","href":"https:\/\/api.w.org\/{rel}","templated":true}]}}