{"id":129864,"date":"2017-11-25T17:14:59","date_gmt":"2017-11-25T16:14:59","guid":{"rendered":"http:\/\/www.leccecronaca.it\/?p=129864"},"modified":"2017-11-25T17:16:09","modified_gmt":"2017-11-25T16:16:09","slug":"picchia-la-moglie-nella-notte-della-giornata-mondiale-contro-la-violenza-sulle-donne-a-soleto-denunciato-a-piede-libero-un-albanese","status":"publish","type":"post","link":"https:\/\/www.leccecronaca.it\/index.php\/2017\/11\/25\/picchia-la-moglie-nella-notte-della-giornata-mondiale-contro-la-violenza-sulle-donne-a-soleto-denunciato-a-piede-libero-un-albanese\/","title":{"rendered":"PICCHIA LA MOGLIE, NELLA NOTTE DELLA GIORNATA MONDIALE CONTRO LA VIOLENZA SULLE DONNE, A SOLETO DENUNCIATO A PIEDE LIBERO UN CITTADINO ALBANESE"},"content":{"rendered":"<p><img decoding=\"async\" loading=\"lazy\" class=\"alignleft size-medium wp-image-129865\" src=\"https:\/\/www.leccecronaca.it\/wordpress\/wp-content\/uploads\/2017\/11\/734386_580007165345499_2084626164_n-620x350-300x169-1-300x169.png\" alt=\"\" width=\"300\" height=\"169\" \/>(e.l.)______Come nel nostro articolo precedente. Ma va bene ripetere, giova.<\/p>\n<p>C\u2019\u00e8 ancora molto da lavorare nei nostri paesi del Salento, a livello organizzativo, soprattutto di assistenti sociali e magistrati, che, comunque, abbiamo notato, da tempo hanno adottato un atteggiamento severo al riguardo, oltre il quotidiano impegno delle Forze dell\u2019 Ordine per contrastarlo. Quel che \u00e8 necessario pi\u00f9 di tutto, per\u00f2, \u00e8 una vera e propria opera culturale, che serva a far comprendere e a far cambiare mentalit\u00e0, oltre, come detto, a una costante presenza dei servizi sociali, e sanitari, ancora carenti, per le persone in difficolt\u00e0, che non devono essere lasciate sole, in una costante opera di prevenzione.<\/p>\n<p>Questo serve, pi\u00f9 di tanti convegni, autoreferenziali e spesso solamente vetrina autocelebrativa, per chi li organizza.<\/p>\n<p>Intanto oggi,\u00a0la giornata mondiale contro la violenza sulle donne, un uomo di 44 anni, di nazionalit\u00e0 albanese, del quale, a tutela della vittima, \u00e8 stato denunciato a piede libero all&#8217; autorit\u00e0 giudiziaria, per il reato di maltrattamenti in famiglia.<\/p>\n<p>Nella notte, e come accertato dai Carabinieri nelle successive indagini, soltanto l&#8217; ultimo di una serie di episodi del genere lunga un anno, aveva picchiato la moglie, in maniera cos\u00ec violenta, da farla finire al Pronto Soccorso dell&#8217; ospedale di Galatina.<\/p>\n<p>La donna si trova ora in una struttura protetta, insieme alla figlia di dieci anni.<\/p>\n<fb:like href='https:\/\/www.leccecronaca.it\/index.php\/2017\/11\/25\/picchia-la-moglie-nella-notte-della-giornata-mondiale-contro-la-violenza-sulle-donne-a-soleto-denunciato-a-piede-libero-un-albanese\/' send='true' layout='button_count' show_faces='true' width='450' height='65' action='recommend' colorscheme='light' font='lucida grande'><\/fb:like><span class=\"fb_share\"><fb:like href=\"https:\/\/www.leccecronaca.it\/index.php\/2017\/11\/25\/picchia-la-moglie-nella-notte-della-giornata-mondiale-contro-la-violenza-sulle-donne-a-soleto-denunciato-a-piede-libero-un-albanese\/\" layout=\"button_count\"><\/fb:like><\/span>","protected":false},"excerpt":{"rendered":"<p>(e.l.)______Come nel nostro articolo precedente. Ma va bene ripetere, giova. C\u2019\u00e8 ancora molto da lavorare nei nostri paesi del Salento, a livello organizzativo, soprattutto di assistenti sociali e magistrati, che, comunque, abbiamo notato, da tempo hanno adottato un atteggiamento severo al riguardo, oltre il quotidiano impegno delle Forze dell\u2019 Ordine per contrastarlo. Quel che \u00e8 [&hellip;]<\/p>\n","protected":false},"author":4,"featured_media":129865,"comment_status":"open","ping_status":"closed","sticky":false,"template":"","format":"standard","meta":[],"categories":[69],"tags":[],"_links":{"self":[{"href":"https:\/\/www.leccecronaca.it\/index.php\/wp-json\/wp\/v2\/posts\/129864"}],"collection":[{"href":"https:\/\/www.leccecronaca.it\/index.php\/wp-json\/wp\/v2\/posts"}],"about":[{"href":"https:\/\/www.leccecronaca.it\/index.php\/wp-json\/wp\/v2\/types\/post"}],"author":[{"embeddable":true,"href":"https:\/\/www.leccecronaca.it\/index.php\/wp-json\/wp\/v2\/users\/4"}],"replies":[{"embeddable":true,"href":"https:\/\/www.leccecronaca.it\/index.php\/wp-json\/wp\/v2\/comments?post=129864"}],"version-history":[{"count":3,"href":"https:\/\/www.leccecronaca.it\/index.php\/wp-json\/wp\/v2\/posts\/129864\/revisions"}],"predecessor-version":[{"id":129868,"href":"https:\/\/www.leccecronaca.it\/index.php\/wp-json\/wp\/v2\/posts\/129864\/revisions\/129868"}],"wp:featuredmedia":[{"embeddable":true,"href":"https:\/\/www.leccecronaca.it\/index.php\/wp-json\/wp\/v2\/media\/129865"}],"wp:attachment":[{"href":"https:\/\/www.leccecronaca.it\/index.php\/wp-json\/wp\/v2\/media?parent=129864"}],"wp:term":[{"taxonomy":"category","embeddable":true,"href":"https:\/\/www.leccecronaca.it\/index.php\/wp-json\/wp\/v2\/categories?post=129864"},{"taxonomy":"post_tag","embeddable":true,"href":"https:\/\/www.leccecronaca.it\/index.php\/wp-json\/wp\/v2\/tags?post=129864"}],"curies":[{"name":"wp","href":"https:\/\/api.w.org\/{rel}","templated":true}]}}