{"id":129873,"date":"2017-11-25T18:17:44","date_gmt":"2017-11-25T17:17:44","guid":{"rendered":"http:\/\/www.leccecronaca.it\/?p=129873"},"modified":"2017-11-25T18:17:44","modified_gmt":"2017-11-25T17:17:44","slug":"perseguita-l-amata-nella-notte-della-giornata-mondiale-contro-la-violenza-sulle-donne-a-martina-franca-arrestata-cittadina-albanese","status":"publish","type":"post","link":"https:\/\/www.leccecronaca.it\/index.php\/2017\/11\/25\/perseguita-l-amata-nella-notte-della-giornata-mondiale-contro-la-violenza-sulle-donne-a-martina-franca-arrestata-cittadina-albanese\/","title":{"rendered":"PERSEGUITA L&#8217; AMATA, NELLA NOTTE DELLA GIORNATA MONDIALE CONTRO LA VIOLENZA SULLE DONNE, A MARTINA FRANCA ARRESTATA CITTADINA ALBANESE"},"content":{"rendered":"<p><img decoding=\"async\" loading=\"lazy\" class=\"alignleft size-medium wp-image-129874\" src=\"https:\/\/www.leccecronaca.it\/wordpress\/wp-content\/uploads\/2017\/11\/734386_580007165345499_2084626164_n-620x350-300x169-2-300x169.png\" alt=\"\" width=\"300\" height=\"169\" \/>(e.l.)______Come nei due articoli precedenti, e qui una lunga serie di persecuzioni, che sempre violenza sono, anzi, minano profondamente la salute delle vittime, forse pi\u00f9 delle botte, perch\u00e9 le ferite dell&#8217; animo, le lacerazioni della psiche, sono difficili da guarire.<\/p>\n<p>Questa volta per\u00f2 il persecutore \u00e8 una donna, che le ha messe in atto nei confronti della sua amata, un&#8217; altra donna, con la quale aveva una relazione.<\/p>\n<p>Gi\u00e0 diffidata, e colpita dal divieto di avvicinarsi a lei, ieri sera una cittadina albanese di 43 anni, residente a Martina Franca, \u00e8 andata sotto casa sua e ha messo in atto il solito repertorio di scenate.<\/p>\n<p>Avvertiti dalla vittima, sono arrivati dai carabinieri, che l&#8217; hanno trovata in piena azione, fuori dal cancello.<\/p>\n<p>L&#8217; hanno bloccata e arrestata in flagranza di reato. Nella notte il magistrato di turno ha disposto per lei i domiciliari.<\/p>\n<p>&nbsp;<\/p>\n<fb:like href='https:\/\/www.leccecronaca.it\/index.php\/2017\/11\/25\/perseguita-l-amata-nella-notte-della-giornata-mondiale-contro-la-violenza-sulle-donne-a-martina-franca-arrestata-cittadina-albanese\/' send='true' layout='button_count' show_faces='true' width='450' height='65' action='recommend' colorscheme='light' font='lucida grande'><\/fb:like><span class=\"fb_share\"><fb:like href=\"https:\/\/www.leccecronaca.it\/index.php\/2017\/11\/25\/perseguita-l-amata-nella-notte-della-giornata-mondiale-contro-la-violenza-sulle-donne-a-martina-franca-arrestata-cittadina-albanese\/\" layout=\"button_count\"><\/fb:like><\/span>","protected":false},"excerpt":{"rendered":"<p>(e.l.)______Come nei due articoli precedenti, e qui una lunga serie di persecuzioni, che sempre violenza sono, anzi, minano profondamente la salute delle vittime, forse pi\u00f9 delle botte, perch\u00e9 le ferite dell&#8217; animo, le lacerazioni della psiche, sono difficili da guarire. Questa volta per\u00f2 il persecutore \u00e8 una donna, che le ha messe in atto nei [&hellip;]<\/p>\n","protected":false},"author":4,"featured_media":129874,"comment_status":"open","ping_status":"closed","sticky":false,"template":"","format":"standard","meta":[],"categories":[69],"tags":[],"_links":{"self":[{"href":"https:\/\/www.leccecronaca.it\/index.php\/wp-json\/wp\/v2\/posts\/129873"}],"collection":[{"href":"https:\/\/www.leccecronaca.it\/index.php\/wp-json\/wp\/v2\/posts"}],"about":[{"href":"https:\/\/www.leccecronaca.it\/index.php\/wp-json\/wp\/v2\/types\/post"}],"author":[{"embeddable":true,"href":"https:\/\/www.leccecronaca.it\/index.php\/wp-json\/wp\/v2\/users\/4"}],"replies":[{"embeddable":true,"href":"https:\/\/www.leccecronaca.it\/index.php\/wp-json\/wp\/v2\/comments?post=129873"}],"version-history":[{"count":1,"href":"https:\/\/www.leccecronaca.it\/index.php\/wp-json\/wp\/v2\/posts\/129873\/revisions"}],"predecessor-version":[{"id":129875,"href":"https:\/\/www.leccecronaca.it\/index.php\/wp-json\/wp\/v2\/posts\/129873\/revisions\/129875"}],"wp:featuredmedia":[{"embeddable":true,"href":"https:\/\/www.leccecronaca.it\/index.php\/wp-json\/wp\/v2\/media\/129874"}],"wp:attachment":[{"href":"https:\/\/www.leccecronaca.it\/index.php\/wp-json\/wp\/v2\/media?parent=129873"}],"wp:term":[{"taxonomy":"category","embeddable":true,"href":"https:\/\/www.leccecronaca.it\/index.php\/wp-json\/wp\/v2\/categories?post=129873"},{"taxonomy":"post_tag","embeddable":true,"href":"https:\/\/www.leccecronaca.it\/index.php\/wp-json\/wp\/v2\/tags?post=129873"}],"curies":[{"name":"wp","href":"https:\/\/api.w.org\/{rel}","templated":true}]}}