{"id":129898,"date":"2017-11-27T12:33:23","date_gmt":"2017-11-27T11:33:23","guid":{"rendered":"http:\/\/www.leccecronaca.it\/?p=129898"},"modified":"2017-11-27T12:33:23","modified_gmt":"2017-11-27T11:33:23","slug":"leccecronache-tema-meglio-il-passato-o-presente","status":"publish","type":"post","link":"https:\/\/www.leccecronaca.it\/index.php\/2017\/11\/27\/leccecronache-tema-meglio-il-passato-o-presente\/","title":{"rendered":"LECCECRONACHE \/ TEMA: MEGLIO IL PASSATO, O PRESENTE?"},"content":{"rendered":"<p><img decoding=\"async\" loading=\"lazy\" class=\"alignleft size-medium wp-image-129899\" src=\"https:\/\/www.leccecronaca.it\/wordpress\/wp-content\/uploads\/2017\/11\/tema-in-classe-300x209.jpg\" alt=\"\" width=\"300\" height=\"209\" srcset=\"https:\/\/www.leccecronaca.it\/wordpress\/wp-content\/uploads\/2017\/11\/tema-in-classe-300x209.jpg 300w, https:\/\/www.leccecronaca.it\/wordpress\/wp-content\/uploads\/2017\/11\/tema-in-classe.jpg 500w\" sizes=\"(max-width: 300px) 100vw, 300px\" \/>di <strong>Raffaele Polo______<\/strong><\/p>\n<p>Io non so cosa hanno in testa le insegnanti di adesso.<\/p>\n<p>Tutte bravissime, per carit\u00e0. Ma, a volte, esageratamente collegate alla realt\u00e0 dei nostri tempi. Una, ad esempio, ha assegnato ai ragazzi il seguente tema: \u2018Lecce: meglio il passato o il presente?\u2019<\/p>\n<p>Per carit\u00e0, niente da dire. Solo che, personalmente, me lo chiedo ogni giorno e non so cosa rispondere\u2026<\/p>\n<p>Ma, evidentemente, nella mente di un ragazzo\/a di quattordici, quindici anni, le idee non sono cos\u00ec confuse. Proviamo, allora, a svolgere brevemente il tema come se avessimo ancora un\u2019et\u00e0 adolescenziale:<\/p>\n<p>\u2018Meglio il presente, senza dubbio. Perch\u00e9 possiamo sperare che le cose cambino e si realizzino i nostri progetti. Perch\u00e9 la tecnologia far\u00e0 ancora passi da gigante e la vita migliorer\u00e0 per durata e qualit\u00e0. Perch\u00e9 con l\u2019impegno di tutti, la nostra citt\u00e0 si svilupper\u00e0 armonicamente e tutto sar\u00e0 sano e pacifico.\u2019<\/p>\n<p>Invece noi, ultrasessantenni, cosa avremmo scritto?<\/p>\n<p>\u2018Che bello quando non c\u2019erano i computer, i telefonini e la televisione, in bianco e nero, aveva solo un canale con le trasmissioni che iniziavano alle 17 e terminavano alle 22. Che bello che le maglie dei giocatori di calcio non avevano i nomi stampati dietro ma li conoscevamo tutti a memoria. Che meraviglia poter giocare a pallone nel campo dietro Piazza Mazzini e poi c\u2019erano le feste a casa\u2026 Ed era allora che il prosciutto cotto costava meno del crudo e il pollo si mangiava solo nelle feste. E poi, a Lecce non c\u2019erano i rond\u00f2 e neppure i semafori, il traffico era normale e un calzone dello Snack Bar costava 50 lire. Meglio il passato, non c\u2019\u00e8 dubbio. Che, dal futuro, ci aspettiamo poco o nulla di buono.\u2019<\/p>\n<p>Siamo alle solite: progressisti e nostalgici, sempre in disaccordo.<\/p>\n<p>Se per\u00f2 ci pensiamo meglio, avremmo fatto bene a scrivere nel foglio bianco del tema:<\/p>\n<p>\u2018Il presente. Solo il presente conta. Vediamo di operare per il meglio e saremo soddisfatti del passato e del futuro.\u2019<\/p>\n<p>Ma, sicuramente, l\u2019insegnante non sarebbe stata soddisfatta\u2026. Magari ci avrebbe insinuato che il futuro non esiste, \u00e8 precario, \u00e8 fatto solo di speranza\u2026<\/p>\n<fb:like href='https:\/\/www.leccecronaca.it\/index.php\/2017\/11\/27\/leccecronache-tema-meglio-il-passato-o-presente\/' send='true' layout='button_count' show_faces='true' width='450' height='65' action='recommend' colorscheme='light' font='lucida grande'><\/fb:like><span class=\"fb_share\"><fb:like href=\"https:\/\/www.leccecronaca.it\/index.php\/2017\/11\/27\/leccecronache-tema-meglio-il-passato-o-presente\/\" layout=\"button_count\"><\/fb:like><\/span>","protected":false},"excerpt":{"rendered":"<p>di Raffaele Polo______ Io non so cosa hanno in testa le insegnanti di adesso. Tutte bravissime, per carit\u00e0. Ma, a volte, esageratamente collegate alla realt\u00e0 dei nostri tempi. Una, ad esempio, ha assegnato ai ragazzi il seguente tema: \u2018Lecce: meglio il passato o il presente?\u2019 Per carit\u00e0, niente da dire. Solo che, personalmente, me lo [&hellip;]<\/p>\n","protected":false},"author":4,"featured_media":129899,"comment_status":"open","ping_status":"closed","sticky":false,"template":"","format":"standard","meta":[],"categories":[1,69,31],"tags":[],"_links":{"self":[{"href":"https:\/\/www.leccecronaca.it\/index.php\/wp-json\/wp\/v2\/posts\/129898"}],"collection":[{"href":"https:\/\/www.leccecronaca.it\/index.php\/wp-json\/wp\/v2\/posts"}],"about":[{"href":"https:\/\/www.leccecronaca.it\/index.php\/wp-json\/wp\/v2\/types\/post"}],"author":[{"embeddable":true,"href":"https:\/\/www.leccecronaca.it\/index.php\/wp-json\/wp\/v2\/users\/4"}],"replies":[{"embeddable":true,"href":"https:\/\/www.leccecronaca.it\/index.php\/wp-json\/wp\/v2\/comments?post=129898"}],"version-history":[{"count":1,"href":"https:\/\/www.leccecronaca.it\/index.php\/wp-json\/wp\/v2\/posts\/129898\/revisions"}],"predecessor-version":[{"id":129900,"href":"https:\/\/www.leccecronaca.it\/index.php\/wp-json\/wp\/v2\/posts\/129898\/revisions\/129900"}],"wp:featuredmedia":[{"embeddable":true,"href":"https:\/\/www.leccecronaca.it\/index.php\/wp-json\/wp\/v2\/media\/129899"}],"wp:attachment":[{"href":"https:\/\/www.leccecronaca.it\/index.php\/wp-json\/wp\/v2\/media?parent=129898"}],"wp:term":[{"taxonomy":"category","embeddable":true,"href":"https:\/\/www.leccecronaca.it\/index.php\/wp-json\/wp\/v2\/categories?post=129898"},{"taxonomy":"post_tag","embeddable":true,"href":"https:\/\/www.leccecronaca.it\/index.php\/wp-json\/wp\/v2\/tags?post=129898"}],"curies":[{"name":"wp","href":"https:\/\/api.w.org\/{rel}","templated":true}]}}