{"id":129910,"date":"2017-11-27T17:50:44","date_gmt":"2017-11-27T16:50:44","guid":{"rendered":"http:\/\/www.leccecronaca.it\/?p=129910"},"modified":"2017-11-27T17:59:49","modified_gmt":"2017-11-27T16:59:49","slug":"venerdi-8-dicembre-grande-manifestazione-no-tap-a-lecce-citta-corteo-per","status":"publish","type":"post","link":"https:\/\/www.leccecronaca.it\/index.php\/2017\/11\/27\/venerdi-8-dicembre-grande-manifestazione-no-tap-a-lecce-citta-corteo-per\/","title":{"rendered":"VENERDI&#8217; 8 DICEMBRE NUOVA, GRANDE MANIFESTAZIONE NO TAP A LECCE CITTA&#8217;, &#8220;per il benessere del territorio&#8221;"},"content":{"rendered":"<p><img decoding=\"async\" loading=\"lazy\" class=\"alignleft size-medium wp-image-129911\" src=\"https:\/\/www.leccecronaca.it\/wordpress\/wp-content\/uploads\/2017\/11\/18557483_704104899769200_955405791158160000_n-300x113.jpg\" alt=\"\" width=\"300\" height=\"113\" srcset=\"https:\/\/www.leccecronaca.it\/wordpress\/wp-content\/uploads\/2017\/11\/18557483_704104899769200_955405791158160000_n-300x113.jpg 300w, https:\/\/www.leccecronaca.it\/wordpress\/wp-content\/uploads\/2017\/11\/18557483_704104899769200_955405791158160000_n-768x288.jpg 768w, https:\/\/www.leccecronaca.it\/wordpress\/wp-content\/uploads\/2017\/11\/18557483_704104899769200_955405791158160000_n.jpg 960w\" sizes=\"(max-width: 300px) 100vw, 300px\" \/>(g.p.)______L&#8217; iniziativa parte dal Movimento No Tav della Val Susa, che cos\u00ec la spiega e la descrive in una nota congiunta con il Comitato No Tap______<\/p>\n<p>L\u2019intero Movimento NO TAP aderisce alle manifestazioni che si terranno su tutto il territorio nazionale.<br \/>\nVoluta fortemente dal Movimento NO TAV &#8220;<em>perch\u00e9 una vittoria pu\u00f2 essere ottenuta solo con la mobilitazione popolare come avvenuto a Venaus nel 2005&#8243;,<\/em> ci vedr\u00e0 in corteo per ribadire la nostra completa contrariet\u00e0 ad un opera che \u00e8, come tutte le grandi opere, Inutile, Dannosa e con dentro Affari mafiosi.<\/p>\n<p>Lo faremo perch\u00e9 siamo solidali e complici di chi difende il territorio da speculazioni, devastazioni e malaffare che le multinazionali portano con se.<\/p>\n<p>Ritrovo Corteo &#8211; Porta Napoli &#8211; ore 15:00<br \/>\nPercorso &#8211; Via Calasso, Viale M. De Pietro, Via G. Garibaldi, Via XXV Luglio, Via Achille Costa, Via C.Battisti, Via\u00a0N.Sauro, Via S.Trinchese<br \/>\nConclusione ed Assemblea &#8211; Piazza Sant&#8217;Oronzo<\/p>\n<p>Di seguito il comunicato di solidariet\u00e0 NO TAV in cui si invita alla manifestazione unitaria sul territorio nazionale.<\/p>\n<p>DAL SALENTO ALLA VAL SUSA IL NOSTRO FUTURO NON LO LASCIAMO NELLE MANI SPORCHE DI NESSUNO!<\/p>\n<p>Con questo comunicato il Movimento No Tav intende esprimere piena solidariet\u00e0 alle famiglie, ai figli, ai contadini che, insieme ai Sindaci e Amministratori, formano il Movimento No Tap.<\/p>\n<p>Tutti insieme sono il cuore della lotta popolare che riesce a coinvolgere trasversalmente un intero territorio, per la sua tutela e difesa, contro un&#8217;opera ormai vecchia e folle quale \u00e8 il gasdotto Trans &#8211; Adriatico (TAP). Una follia che tutti insieme dobbiamo contrastare.<\/p>\n<p>Il gasdotto Trans &#8211; Adriatico \u00e8 un&#8217;opera che avr\u00e0 come unico effetto quello di peggiorare un problema grave del nostro Pianeta &#8211; Il riscaldamento globale &#8211; che si manifesta gi\u00e0 con periodi di siccit\u00e0 molto lunghi (con causa degli incendi boschivi) e smog incontenibile nelle citt\u00e0.<\/p>\n<p>Il Gasdotto Trans-Adriatico TAP \u00e8 un&#8217;opera che peggiorer\u00e0 il grave problema del riscaldamento globale che affligge il nostro Pianeta perch\u00e9 la sua realizzazione incentiver\u00e0 il consumo delle fonti fossili e sottrarr\u00e0 risorse agli investimenti nelle energie rinnovabili, eolica e solare, i cui costi sono in continua diminuzione.<\/p>\n<p>L&#8217;Europa tra cinquant&#8217;anni pagher\u00e0 ancora un inutile gasdotto, inutile come molte delle grandi opere che sono state costruite e non funzionano, vedi: &#8220;Il Mose a Venezia &#8220;.<\/p>\n<p>Gli effetti del cambiamento climatico hanno conseguenze terribili e sono sotto gli occhi di tutti. Temporali, nubifragi, trombe d&#8217;aria e grandine, insieme agli incendi boschivi, causati da periodi di siccit\u00e0 molto lunghi, hanno devastato, in questi anni, la nostra Penisola, nell&#8217;indifferenza della Politica.<\/p>\n<p>Quello che sta avvenendo nei vostri territori, cos\u00ec come nei nostri, rappresenta una menzogna della politica organizzata, che impone opere inutili contro il popolo che lotta a difesa del proprio territorio e del proprio futuro.<\/p>\n<p>Quando la Prefettura adotta provvedimenti sproporzionati, contro una popolazione che rivendica la difesa del proprio territorio, alimenta solo la consapevolezza di essere dalla parte del giusto.<\/p>\n<p>Vogliamo unirci nella lotta insieme a Voi, perch\u00e9 da oltre 25 anni subiamo un&#8217;azione, da parte dello Stato, di prepotenza e arroganza che ha il solo obiettivo di prevaricare e calpestare la volont\u00e0 della popolazione della Valsusa.<\/p>\n<p>Il movimento NOTAV intende intitolare la manifestazione NOTAV del 8 dicembre a Giaglione &#8220;CONTRO LA MILITARIZZAZIONE DEI TERRITORI, PER LA LORO TUTELA PER IL BENESSERE DELLE COMUNITA&#8217; &#8220;perch\u00e8 una vittoria pu\u00f2 essere ottenuta solo con la mobilitazione popolare come avvenuto a Venaus nel 2005<\/p>\n<p>Auspichiamo che possa succedere anche nella lotta NOTAP e in tutte le altre lotte contro le Grandi Opere Inutili e Imposte in Italia, in Europa e nel mondo, quindi invitiamo tutti a manifestare in questa data nei propri territori per ribadire gli obbiettivi delle lotte.<\/p>\n<p>Rivendichiamo il nostro status di cittadini che insieme al popolo No Tap si oppone, ai detentori del potere, a difesa del proprio territorio.<\/p>\n<p>&nbsp;<\/p>\n<fb:like href='https:\/\/www.leccecronaca.it\/index.php\/2017\/11\/27\/venerdi-8-dicembre-grande-manifestazione-no-tap-a-lecce-citta-corteo-per\/' send='true' layout='button_count' show_faces='true' width='450' height='65' action='recommend' colorscheme='light' font='lucida grande'><\/fb:like><span class=\"fb_share\"><fb:like href=\"https:\/\/www.leccecronaca.it\/index.php\/2017\/11\/27\/venerdi-8-dicembre-grande-manifestazione-no-tap-a-lecce-citta-corteo-per\/\" layout=\"button_count\"><\/fb:like><\/span>","protected":false},"excerpt":{"rendered":"<p>(g.p.)______L&#8217; iniziativa parte dal Movimento No Tav della Val Susa, che cos\u00ec la spiega e la descrive in una nota congiunta con il Comitato No Tap______ L\u2019intero Movimento NO TAP aderisce alle manifestazioni che si terranno su tutto il territorio nazionale. Voluta fortemente dal Movimento NO TAV &#8220;perch\u00e9 una vittoria pu\u00f2 essere ottenuta solo con [&hellip;]<\/p>\n","protected":false},"author":4,"featured_media":129911,"comment_status":"open","ping_status":"closed","sticky":false,"template":"","format":"standard","meta":[],"categories":[69,76],"tags":[],"_links":{"self":[{"href":"https:\/\/www.leccecronaca.it\/index.php\/wp-json\/wp\/v2\/posts\/129910"}],"collection":[{"href":"https:\/\/www.leccecronaca.it\/index.php\/wp-json\/wp\/v2\/posts"}],"about":[{"href":"https:\/\/www.leccecronaca.it\/index.php\/wp-json\/wp\/v2\/types\/post"}],"author":[{"embeddable":true,"href":"https:\/\/www.leccecronaca.it\/index.php\/wp-json\/wp\/v2\/users\/4"}],"replies":[{"embeddable":true,"href":"https:\/\/www.leccecronaca.it\/index.php\/wp-json\/wp\/v2\/comments?post=129910"}],"version-history":[{"count":5,"href":"https:\/\/www.leccecronaca.it\/index.php\/wp-json\/wp\/v2\/posts\/129910\/revisions"}],"predecessor-version":[{"id":129916,"href":"https:\/\/www.leccecronaca.it\/index.php\/wp-json\/wp\/v2\/posts\/129910\/revisions\/129916"}],"wp:featuredmedia":[{"embeddable":true,"href":"https:\/\/www.leccecronaca.it\/index.php\/wp-json\/wp\/v2\/media\/129911"}],"wp:attachment":[{"href":"https:\/\/www.leccecronaca.it\/index.php\/wp-json\/wp\/v2\/media?parent=129910"}],"wp:term":[{"taxonomy":"category","embeddable":true,"href":"https:\/\/www.leccecronaca.it\/index.php\/wp-json\/wp\/v2\/categories?post=129910"},{"taxonomy":"post_tag","embeddable":true,"href":"https:\/\/www.leccecronaca.it\/index.php\/wp-json\/wp\/v2\/tags?post=129910"}],"curies":[{"name":"wp","href":"https:\/\/api.w.org\/{rel}","templated":true}]}}