{"id":130022,"date":"2017-12-01T15:32:10","date_gmt":"2017-12-01T14:32:10","guid":{"rendered":"http:\/\/www.leccecronaca.it\/?p=130022"},"modified":"2017-12-01T15:32:10","modified_gmt":"2017-12-01T14:32:10","slug":"abbattete-subito-i-vostri-ulivi","status":"publish","type":"post","link":"https:\/\/www.leccecronaca.it\/index.php\/2017\/12\/01\/abbattete-subito-i-vostri-ulivi\/","title":{"rendered":"&#8216;ABBATTETE SUBITO I VOSTRI ULIVI!&#8217;"},"content":{"rendered":"<p><img decoding=\"async\" loading=\"lazy\" class=\"alignleft size-medium wp-image-130023\" src=\"https:\/\/www.leccecronaca.it\/wordpress\/wp-content\/uploads\/2017\/12\/xylella-proteste-san-pietro-1-1-300x225.jpg\" alt=\"\" width=\"300\" height=\"225\" srcset=\"https:\/\/www.leccecronaca.it\/wordpress\/wp-content\/uploads\/2017\/12\/xylella-proteste-san-pietro-1-1-300x225.jpg 300w, https:\/\/www.leccecronaca.it\/wordpress\/wp-content\/uploads\/2017\/12\/xylella-proteste-san-pietro-1-1-768x576.jpg 768w, https:\/\/www.leccecronaca.it\/wordpress\/wp-content\/uploads\/2017\/12\/xylella-proteste-san-pietro-1-1-400x300.jpg 400w, https:\/\/www.leccecronaca.it\/wordpress\/wp-content\/uploads\/2017\/12\/xylella-proteste-san-pietro-1-1.jpg 960w\" sizes=\"(max-width: 300px) 100vw, 300px\" \/>(Rdl)______\u00a0&#8220;<em>La Xylella fastidiosa resta una minaccia mondiale per i vegetali, ed \u00e8 una priorit\u00e0 per l&#8217; Unione Europea. L&#8217;eradicazione \u00e8 il nostro obiettivo&#8221;.<\/em><\/p>\n<p>Lo ha detto questa mattina a Parigi il ministro francese dell&#8217; Agricoltura Stephane Travert, al termine di una riunione di sedicenti esperti della questione, cui ha partecipato anche\u00a0 il commissario Ue Vytenis Andriukatinis, il quale, dal canto suo, ha dichiarato: <em>&#8220;La collaborazione del governo italiano con la Commissione europea sul caso Xylella \u00e8 molto stretta. Ci sono progressi, ma bisogna fare ancora di pi\u00f9.\u00a0L&#8217;Italia deve fare di pi\u00f9 per abbattere gli ulivi infetti senn\u00f2 le conseguenze economiche saranno enormi, disastrose&#8221;.<\/em><\/p>\n<fb:like href='https:\/\/www.leccecronaca.it\/index.php\/2017\/12\/01\/abbattete-subito-i-vostri-ulivi\/' send='true' layout='button_count' show_faces='true' width='450' height='65' action='recommend' colorscheme='light' font='lucida grande'><\/fb:like><span class=\"fb_share\"><fb:like href=\"https:\/\/www.leccecronaca.it\/index.php\/2017\/12\/01\/abbattete-subito-i-vostri-ulivi\/\" layout=\"button_count\"><\/fb:like><\/span>","protected":false},"excerpt":{"rendered":"<p>(Rdl)______\u00a0&#8220;La Xylella fastidiosa resta una minaccia mondiale per i vegetali, ed \u00e8 una priorit\u00e0 per l&#8217; Unione Europea. L&#8217;eradicazione \u00e8 il nostro obiettivo&#8221;. Lo ha detto questa mattina a Parigi il ministro francese dell&#8217; Agricoltura Stephane Travert, al termine di una riunione di sedicenti esperti della questione, cui ha partecipato anche\u00a0 il commissario Ue Vytenis [&hellip;]<\/p>\n","protected":false},"author":4,"featured_media":130023,"comment_status":"open","ping_status":"closed","sticky":false,"template":"","format":"standard","meta":[],"categories":[69,76],"tags":[],"_links":{"self":[{"href":"https:\/\/www.leccecronaca.it\/index.php\/wp-json\/wp\/v2\/posts\/130022"}],"collection":[{"href":"https:\/\/www.leccecronaca.it\/index.php\/wp-json\/wp\/v2\/posts"}],"about":[{"href":"https:\/\/www.leccecronaca.it\/index.php\/wp-json\/wp\/v2\/types\/post"}],"author":[{"embeddable":true,"href":"https:\/\/www.leccecronaca.it\/index.php\/wp-json\/wp\/v2\/users\/4"}],"replies":[{"embeddable":true,"href":"https:\/\/www.leccecronaca.it\/index.php\/wp-json\/wp\/v2\/comments?post=130022"}],"version-history":[{"count":1,"href":"https:\/\/www.leccecronaca.it\/index.php\/wp-json\/wp\/v2\/posts\/130022\/revisions"}],"predecessor-version":[{"id":130024,"href":"https:\/\/www.leccecronaca.it\/index.php\/wp-json\/wp\/v2\/posts\/130022\/revisions\/130024"}],"wp:featuredmedia":[{"embeddable":true,"href":"https:\/\/www.leccecronaca.it\/index.php\/wp-json\/wp\/v2\/media\/130023"}],"wp:attachment":[{"href":"https:\/\/www.leccecronaca.it\/index.php\/wp-json\/wp\/v2\/media?parent=130022"}],"wp:term":[{"taxonomy":"category","embeddable":true,"href":"https:\/\/www.leccecronaca.it\/index.php\/wp-json\/wp\/v2\/categories?post=130022"},{"taxonomy":"post_tag","embeddable":true,"href":"https:\/\/www.leccecronaca.it\/index.php\/wp-json\/wp\/v2\/tags?post=130022"}],"curies":[{"name":"wp","href":"https:\/\/api.w.org\/{rel}","templated":true}]}}