{"id":130060,"date":"2017-12-05T00:03:30","date_gmt":"2017-12-04T23:03:30","guid":{"rendered":"http:\/\/www.leccecronaca.it\/?p=130060"},"modified":"2017-12-03T10:29:33","modified_gmt":"2017-12-03T09:29:33","slug":"l-editore-stefano-donno-inaugura-una-collana-di-filosofia-esoterica-alle-origini-di-filosofia-e-mito-un-saggio-di-paride-pino-con-i-contributi-di-francesco-conte-e-mauro-camassa","status":"publish","type":"post","link":"https:\/\/www.leccecronaca.it\/index.php\/2017\/12\/05\/l-editore-stefano-donno-inaugura-una-collana-di-filosofia-esoterica-alle-origini-di-filosofia-e-mito-un-saggio-di-paride-pino-con-i-contributi-di-francesco-conte-e-mauro-camassa\/","title":{"rendered":"L&#8217; EDITORE STEFANO DONNO INAUGURA UNA COLLANA DI FILOSOFIA ESOTERICA \/ ALLE ORIGINI DI FILOSOFIA E MITO, UN SAGGIO DI PARIDE PINO, CON I CONTRIBUTI DI FRANCESCO CONTE E MAURO CAMASSA"},"content":{"rendered":"<p><img decoding=\"async\" loading=\"lazy\" class=\"alignleft size-medium wp-image-130061\" src=\"https:\/\/www.leccecronaca.it\/wordpress\/wp-content\/uploads\/2017\/12\/em-225x300.jpg\" alt=\"\" width=\"225\" height=\"300\" srcset=\"https:\/\/www.leccecronaca.it\/wordpress\/wp-content\/uploads\/2017\/12\/em-225x300.jpg 225w, https:\/\/www.leccecronaca.it\/wordpress\/wp-content\/uploads\/2017\/12\/em.jpg 720w\" sizes=\"(max-width: 225px) 100vw, 225px\" \/>di <strong>Eliana Masulli * (autrice della prefazione &#8211; nella foto)\u00a0<\/strong>______<\/p>\n<p>I testi che seguiranno costituiscono questo primo volume fresco di stampa &#8211; <strong>&#8220;Magia e mito: le origini&#8221;<\/strong>, iQdB edizioni, Lecce, 207, 10 euro (nella foto) &#8211; di una raccolta pi\u00f9 ampia di studi condotti negli ambiti\u00a0di una Scienza Esoterica che, per organicit\u00e0 e coscienza critica degli autori, attende a tutti i requisiti di\u00a0affidabilit\u00e0 storica, definendosi quale percorso filosofico, complementare alla raffinata comprensione delle\u00a0tematiche ivi sviluppate.<\/p>\n<p>Accostare la pura definizione di filosofia, quale disciplina attenta a scandire le fasi di un\u2019autonoma modalit\u00e0<br \/>\ndel pensare e dell\u2019agire umani, il termine di un\u2019 indagine esoterica comporta che, inevitabilmente, venga<br \/>\nscandita la detonazione di una conoscenza legittimata sempre per troppo pochi \u201celetti\u201d, relegando nell\u2019ombra<br \/>\naspetti del divenire dell\u2019uomo e del suo pensiero che, di contro, avrebbero meritato approfondimenti atti a<br \/>\nrifuggire dalla nebulosa mistificazione dell\u2019Inconoscibile.<\/p>\n<p>A sostegno di ci\u00f2, il lettore avr\u00e0 modo di comprendere il significato intrinseco del Tab\u00f9 e delle sue<br \/>\nmanifestazioni, che l\u2019autore <strong>Paride Pino<\/strong>, studioso di simbologia esoterica, non dimentica di inserire entro un<br \/>\ngraduale processo cognitivo di coscienza morale e consapevolezza, esplicate e strettamente connesse alla<br \/>\nricezione del racconto mitologico, restituito sotto forma di lectio attiva per la pratica ritualistica, con comune<br \/>\ndenominatore nei fenomeni spirituali e antropologici della morte e della rinascita.<\/p>\n<p>A seguire i contributi di<strong> Francesco Conte<\/strong>, laureato in Filosofia, mirano ad analizzare l\u2019origine del capro<br \/>\nespiatorio propriamente detto, quindi oggettivizzarne l\u2019indagine mediante la tradizione iniziatica che,<br \/>\npartendo dalla cerimonialistica, emancipa il processo di espiazione del muto simulacro dell\u2019idolatria e della<br \/>\nsuperstizione. I misteri Eleusini e l\u2019Orfismo si inseriscono, nell\u2019analisi offerta dal Conte, come controprova<br \/>\nalla mera celebrazione iniziatica fine a se stessa, ponendosi quali paradigmi figurativi di una visione del<br \/>\nmondo e delle forze generatrici e de-generatrici dell\u2019essere.<br \/>\nL\u2019uomo -e non ancora quel Vitruviano- si vedr\u00e0 conteso al bivio tra il Bene e il Male, laddove al monismo e<br \/>\nal dualismo, offrir\u00e0 sempre una soluzione o una ri-soluzione magico-religioso al mistero della vita e della<br \/>\nmorte che, come si evince dallo studio condotto dall\u2019autore, non sacrifica mai una sola parte della verit\u00e0<br \/>\nultima cui si ispira: la conoscenza del S\u00e9 e di ci\u00f2 che al S\u00e9 si oppone.<\/p>\n<p>In ultimo lo scritto di <strong>Mauro Camassa<\/strong>, attivo associazionista, che attraverso un approccio frazeriano, rastrella<br \/>\ngli enunciati tratti dal \u201cRamo d\u2019Oro\u201d, per pronunciarsi circa il dogma di una realt\u00e0 occulta, resa funzionale<br \/>\nagli scopi intenzionali della pratica rituale.<\/p>\n<p>Il primo volume di La Filosofia Esoterica \u00e8 da ritenersi quale valido ausilio alla sostenibilit\u00e0 di una<br \/>\nmetodologia d\u2019indagine, che mai separa il contenuto di storicit\u00e0 da una sostanza antropomorfica per una<br \/>\nfilosofia dell\u2019essere.<br \/>\nInoltre quale strumento di ampliamento al metodo empirico di osservazione sull\u2019occulto, gli scritti che<br \/>\nseguiranno mirano a riequilibrare il gioco-forza escatologico del dogmatismo, dilatando il significato<br \/>\nspirituale di ci\u00f2 che non sempre si dimostra e si rivela alla scientificit\u00e0 dei dati di fatto.<\/p>\n<p><img decoding=\"async\" loading=\"lazy\" class=\"alignleft size-medium wp-image-130062\" src=\"https:\/\/www.leccecronaca.it\/wordpress\/wp-content\/uploads\/2017\/12\/FB_IMG_1512202673301-300x229.jpg\" alt=\"\" width=\"300\" height=\"229\" srcset=\"https:\/\/www.leccecronaca.it\/wordpress\/wp-content\/uploads\/2017\/12\/FB_IMG_1512202673301-300x229.jpg 300w, https:\/\/www.leccecronaca.it\/wordpress\/wp-content\/uploads\/2017\/12\/FB_IMG_1512202673301-1024x782.jpg 1024w, https:\/\/www.leccecronaca.it\/wordpress\/wp-content\/uploads\/2017\/12\/FB_IMG_1512202673301-768x587.jpg 768w, https:\/\/www.leccecronaca.it\/wordpress\/wp-content\/uploads\/2017\/12\/FB_IMG_1512202673301.jpg 1257w\" sizes=\"(max-width: 300px) 100vw, 300px\" \/><\/p>\n<fb:like href='https:\/\/www.leccecronaca.it\/index.php\/2017\/12\/05\/l-editore-stefano-donno-inaugura-una-collana-di-filosofia-esoterica-alle-origini-di-filosofia-e-mito-un-saggio-di-paride-pino-con-i-contributi-di-francesco-conte-e-mauro-camassa\/' send='true' layout='button_count' show_faces='true' width='450' height='65' action='recommend' colorscheme='light' font='lucida grande'><\/fb:like><span class=\"fb_share\"><fb:like href=\"https:\/\/www.leccecronaca.it\/index.php\/2017\/12\/05\/l-editore-stefano-donno-inaugura-una-collana-di-filosofia-esoterica-alle-origini-di-filosofia-e-mito-un-saggio-di-paride-pino-con-i-contributi-di-francesco-conte-e-mauro-camassa\/\" layout=\"button_count\"><\/fb:like><\/span>","protected":false},"excerpt":{"rendered":"<p>di Eliana Masulli * (autrice della prefazione &#8211; nella foto)\u00a0______ I testi che seguiranno costituiscono questo primo volume fresco di stampa &#8211; &#8220;Magia e mito: le origini&#8221;, iQdB edizioni, Lecce, 207, 10 euro (nella foto) &#8211; di una raccolta pi\u00f9 ampia di studi condotti negli ambiti\u00a0di una Scienza Esoterica che, per organicit\u00e0 e coscienza critica [&hellip;]<\/p>\n","protected":false},"author":4,"featured_media":130061,"comment_status":"open","ping_status":"closed","sticky":false,"template":"","format":"standard","meta":[],"categories":[1],"tags":[],"_links":{"self":[{"href":"https:\/\/www.leccecronaca.it\/index.php\/wp-json\/wp\/v2\/posts\/130060"}],"collection":[{"href":"https:\/\/www.leccecronaca.it\/index.php\/wp-json\/wp\/v2\/posts"}],"about":[{"href":"https:\/\/www.leccecronaca.it\/index.php\/wp-json\/wp\/v2\/types\/post"}],"author":[{"embeddable":true,"href":"https:\/\/www.leccecronaca.it\/index.php\/wp-json\/wp\/v2\/users\/4"}],"replies":[{"embeddable":true,"href":"https:\/\/www.leccecronaca.it\/index.php\/wp-json\/wp\/v2\/comments?post=130060"}],"version-history":[{"count":1,"href":"https:\/\/www.leccecronaca.it\/index.php\/wp-json\/wp\/v2\/posts\/130060\/revisions"}],"predecessor-version":[{"id":130063,"href":"https:\/\/www.leccecronaca.it\/index.php\/wp-json\/wp\/v2\/posts\/130060\/revisions\/130063"}],"wp:featuredmedia":[{"embeddable":true,"href":"https:\/\/www.leccecronaca.it\/index.php\/wp-json\/wp\/v2\/media\/130061"}],"wp:attachment":[{"href":"https:\/\/www.leccecronaca.it\/index.php\/wp-json\/wp\/v2\/media?parent=130060"}],"wp:term":[{"taxonomy":"category","embeddable":true,"href":"https:\/\/www.leccecronaca.it\/index.php\/wp-json\/wp\/v2\/categories?post=130060"},{"taxonomy":"post_tag","embeddable":true,"href":"https:\/\/www.leccecronaca.it\/index.php\/wp-json\/wp\/v2\/tags?post=130060"}],"curies":[{"name":"wp","href":"https:\/\/api.w.org\/{rel}","templated":true}]}}