{"id":130098,"date":"2017-12-04T16:12:46","date_gmt":"2017-12-04T15:12:46","guid":{"rendered":"http:\/\/www.leccecronaca.it\/?p=130098"},"modified":"2017-12-04T16:15:17","modified_gmt":"2017-12-04T15:15:17","slug":"indimidazione-in-casa-per-l-onorevole-diego-de-lorenzis-io-non-ho-paura-perche-non-sono-solo","status":"publish","type":"post","link":"https:\/\/www.leccecronaca.it\/index.php\/2017\/12\/04\/indimidazione-in-casa-per-l-onorevole-diego-de-lorenzis-io-non-ho-paura-perche-non-sono-solo\/","title":{"rendered":"INDIMIDAZIONE IN CASA PER L&#8217; ONOREVOLE DIEGO DE LORENZIS: &#8220;Io non ho paura, perch\u00e9 non sono solo&#8221;"},"content":{"rendered":"<p><img decoding=\"async\" loading=\"lazy\" class=\"alignleft size-medium wp-image-130099\" src=\"https:\/\/www.leccecronaca.it\/wordpress\/wp-content\/uploads\/2017\/12\/1157415_497005627149026_416791440249791061_n-300x300.jpg\" alt=\"\" width=\"300\" height=\"300\" srcset=\"https:\/\/www.leccecronaca.it\/wordpress\/wp-content\/uploads\/2017\/12\/1157415_497005627149026_416791440249791061_n-300x300.jpg 300w, https:\/\/www.leccecronaca.it\/wordpress\/wp-content\/uploads\/2017\/12\/1157415_497005627149026_416791440249791061_n-150x150.jpg 150w, https:\/\/www.leccecronaca.it\/wordpress\/wp-content\/uploads\/2017\/12\/1157415_497005627149026_416791440249791061_n-60x60.jpg 60w, https:\/\/www.leccecronaca.it\/wordpress\/wp-content\/uploads\/2017\/12\/1157415_497005627149026_416791440249791061_n.jpg 324w\" sizes=\"(max-width: 300px) 100vw, 300px\" \/>(Rdl)_______<\/p>\n<p>E&#8217; l&#8217; intimidazione, legata alla sua attivit\u00e0 politica in Parlamento, alla Camera dei Deputati, quale &#8216;portavoce&#8217; del Movimento 5 Stelle, l&#8217; ipotesi pi\u00f9 plausibile per quanto avvenuto sabato scorso (nella foto), in casa di Diego De Lorenzis (nella foto), 38 anni, di Lecce,<\/p>\n<p><img decoding=\"async\" loading=\"lazy\" class=\"alignleft size-medium wp-image-130100\" src=\"https:\/\/www.leccecronaca.it\/wordpress\/wp-content\/uploads\/2017\/12\/24296614_818980818263185_1526831952487998813_n-300x225.jpg\" alt=\"\" width=\"300\" height=\"225\" srcset=\"https:\/\/www.leccecronaca.it\/wordpress\/wp-content\/uploads\/2017\/12\/24296614_818980818263185_1526831952487998813_n-300x225.jpg 300w, https:\/\/www.leccecronaca.it\/wordpress\/wp-content\/uploads\/2017\/12\/24296614_818980818263185_1526831952487998813_n-768x576.jpg 768w, https:\/\/www.leccecronaca.it\/wordpress\/wp-content\/uploads\/2017\/12\/24296614_818980818263185_1526831952487998813_n-400x300.jpg 400w, https:\/\/www.leccecronaca.it\/wordpress\/wp-content\/uploads\/2017\/12\/24296614_818980818263185_1526831952487998813_n.jpg 960w\" sizes=\"(max-width: 300px) 100vw, 300px\" \/><\/p>\n<p>che lo stesso onorevole ha cos\u00ec raccontato e commentato sul suo profilo &#8216;Facebook&#8217;:<\/p>\n<p><em>&#8220;La settimana scorsa qualcuno si \u00e8 introdotto in casa. \u00c8 stata messa completamente a soqquadro. Qualcuno ha deciso di farmi visita quando nessuno era presente. In molti purtroppo conoscono la sensazione orribile di impotenza e fragilit\u00e0 dovuti alla violazione del posto in cui ci si dovrebbe sentire pi\u00f9 al sicuro. Tuttavia, chi \u00e8 entrato non era un ladro, un drogato o un balordo: non cercava denaro o qualcosa da rubare dato che nulla \u00e8 stato portato via. \u00c8 entrato e ha rovistato tra faldoni e carte: forse cercava qualche documento legato alla mia attivit\u00e0 istituzionale. Probabilmente gli atti presentati in Parlamento, in Procura o alla Corte dei Conti lo hanno infastidito parecchio.\u00a0<\/em><br \/>\n<em>Oppure, tra le ipotesi investigative al vaglio degli inquirenti, ha voluto mandarmi un messaggio, un messaggio intimidatorio.<\/em><\/p>\n<p><em>Voglio che chi ha tentato di minacciarmi sappia che non ho paura perch\u00e9 non sono solo. Ha sbagliato bersaglio: non ha colpito me o la mia famiglia ma ha offeso una intera comunit\u00e0 di persone oneste.<\/em><br \/>\n<em>Questo attacco ci rende ancora pi\u00f9 determinati perch\u00e9 evidentemente testimonia che il nostro lavoro va nella direzione giusta.<\/em><br \/>\n<em>Noi non abbiamo timore e andremo avanti insieme per il futuro di questo Paese.\u00a0<\/em><br \/>\n<em>Come diceva Gianroberto \u201cNon si pu\u00f2 vincere contro chi non si arrende mai.\u201d<\/em><\/p>\n<fb:like href='https:\/\/www.leccecronaca.it\/index.php\/2017\/12\/04\/indimidazione-in-casa-per-l-onorevole-diego-de-lorenzis-io-non-ho-paura-perche-non-sono-solo\/' send='true' layout='button_count' show_faces='true' width='450' height='65' action='recommend' colorscheme='light' font='lucida grande'><\/fb:like><span class=\"fb_share\"><fb:like href=\"https:\/\/www.leccecronaca.it\/index.php\/2017\/12\/04\/indimidazione-in-casa-per-l-onorevole-diego-de-lorenzis-io-non-ho-paura-perche-non-sono-solo\/\" layout=\"button_count\"><\/fb:like><\/span>","protected":false},"excerpt":{"rendered":"<p>(Rdl)_______ E&#8217; l&#8217; intimidazione, legata alla sua attivit\u00e0 politica in Parlamento, alla Camera dei Deputati, quale &#8216;portavoce&#8217; del Movimento 5 Stelle, l&#8217; ipotesi pi\u00f9 plausibile per quanto avvenuto sabato scorso (nella foto), in casa di Diego De Lorenzis (nella foto), 38 anni, di Lecce, che lo stesso onorevole ha cos\u00ec raccontato e commentato sul suo [&hellip;]<\/p>\n","protected":false},"author":4,"featured_media":130099,"comment_status":"open","ping_status":"closed","sticky":false,"template":"","format":"standard","meta":[],"categories":[69,76],"tags":[],"_links":{"self":[{"href":"https:\/\/www.leccecronaca.it\/index.php\/wp-json\/wp\/v2\/posts\/130098"}],"collection":[{"href":"https:\/\/www.leccecronaca.it\/index.php\/wp-json\/wp\/v2\/posts"}],"about":[{"href":"https:\/\/www.leccecronaca.it\/index.php\/wp-json\/wp\/v2\/types\/post"}],"author":[{"embeddable":true,"href":"https:\/\/www.leccecronaca.it\/index.php\/wp-json\/wp\/v2\/users\/4"}],"replies":[{"embeddable":true,"href":"https:\/\/www.leccecronaca.it\/index.php\/wp-json\/wp\/v2\/comments?post=130098"}],"version-history":[{"count":3,"href":"https:\/\/www.leccecronaca.it\/index.php\/wp-json\/wp\/v2\/posts\/130098\/revisions"}],"predecessor-version":[{"id":130103,"href":"https:\/\/www.leccecronaca.it\/index.php\/wp-json\/wp\/v2\/posts\/130098\/revisions\/130103"}],"wp:featuredmedia":[{"embeddable":true,"href":"https:\/\/www.leccecronaca.it\/index.php\/wp-json\/wp\/v2\/media\/130099"}],"wp:attachment":[{"href":"https:\/\/www.leccecronaca.it\/index.php\/wp-json\/wp\/v2\/media?parent=130098"}],"wp:term":[{"taxonomy":"category","embeddable":true,"href":"https:\/\/www.leccecronaca.it\/index.php\/wp-json\/wp\/v2\/categories?post=130098"},{"taxonomy":"post_tag","embeddable":true,"href":"https:\/\/www.leccecronaca.it\/index.php\/wp-json\/wp\/v2\/tags?post=130098"}],"curies":[{"name":"wp","href":"https:\/\/api.w.org\/{rel}","templated":true}]}}