{"id":130321,"date":"2017-12-08T18:02:22","date_gmt":"2017-12-08T17:02:22","guid":{"rendered":"http:\/\/www.leccecronaca.it\/?p=130321"},"modified":"2017-12-09T11:17:37","modified_gmt":"2017-12-09T10:17:37","slug":"corteo-no-tap-aggiornamento","status":"publish","type":"post","link":"https:\/\/www.leccecronaca.it\/index.php\/2017\/12\/08\/corteo-no-tap-aggiornamento\/","title":{"rendered":"CORTEO NO TAP \/ aggiornamento"},"content":{"rendered":"<p><img decoding=\"async\" loading=\"lazy\" class=\"aligncenter size-medium wp-image-130322\" src=\"https:\/\/www.leccecronaca.it\/wordpress\/wp-content\/uploads\/2017\/12\/nota1-300x225.jpg\" alt=\"\" width=\"300\" height=\"225\" srcset=\"https:\/\/www.leccecronaca.it\/wordpress\/wp-content\/uploads\/2017\/12\/nota1-300x225.jpg 300w, https:\/\/www.leccecronaca.it\/wordpress\/wp-content\/uploads\/2017\/12\/nota1-768x576.jpg 768w, https:\/\/www.leccecronaca.it\/wordpress\/wp-content\/uploads\/2017\/12\/nota1-400x300.jpg 400w, https:\/\/www.leccecronaca.it\/wordpress\/wp-content\/uploads\/2017\/12\/nota1.jpg 960w\" sizes=\"(max-width: 300px) 100vw, 300px\" \/>(e.l.)______Alle 17.45 circa il corteo si \u00e8 fermato nuovamente su viale de Pietro, prima della rotonda della villa comunale. E&#8217; infatti giunta la notizia che, prima della partenza, le forze di polizia hanno sottoposto a controlli e portato in questura quattro manifestanti provenienti da fuori provincia. A due di essi \u00e8 stato poi notificato un foglio di via con divieto di ritorno a Lecce e Melendugno. Ci\u00f2 ha provocato la protesta dei manifestanti, che hanno improvvisato un sit in durato oltre venti minuti. Il corteo \u00e8 ripartito alle 18.05.<\/p>\n<p><img decoding=\"async\" loading=\"lazy\" class=\"aligncenter size-medium wp-image-130325\" src=\"https:\/\/www.leccecronaca.it\/wordpress\/wp-content\/uploads\/2017\/12\/nota-3-300x225.jpg\" alt=\"\" width=\"300\" height=\"225\" srcset=\"https:\/\/www.leccecronaca.it\/wordpress\/wp-content\/uploads\/2017\/12\/nota-3-300x225.jpg 300w, https:\/\/www.leccecronaca.it\/wordpress\/wp-content\/uploads\/2017\/12\/nota-3-768x576.jpg 768w, https:\/\/www.leccecronaca.it\/wordpress\/wp-content\/uploads\/2017\/12\/nota-3-400x300.jpg 400w, https:\/\/www.leccecronaca.it\/wordpress\/wp-content\/uploads\/2017\/12\/nota-3.jpg 960w\" sizes=\"(max-width: 300px) 100vw, 300px\" \/> <img decoding=\"async\" loading=\"lazy\" class=\"aligncenter size-medium wp-image-130326\" src=\"https:\/\/www.leccecronaca.it\/wordpress\/wp-content\/uploads\/2017\/12\/nota2-1-300x225.jpg\" alt=\"\" width=\"300\" height=\"225\" srcset=\"https:\/\/www.leccecronaca.it\/wordpress\/wp-content\/uploads\/2017\/12\/nota2-1-300x225.jpg 300w, https:\/\/www.leccecronaca.it\/wordpress\/wp-content\/uploads\/2017\/12\/nota2-1-768x576.jpg 768w, https:\/\/www.leccecronaca.it\/wordpress\/wp-content\/uploads\/2017\/12\/nota2-1-400x300.jpg 400w, https:\/\/www.leccecronaca.it\/wordpress\/wp-content\/uploads\/2017\/12\/nota2-1.jpg 960w\" sizes=\"(max-width: 300px) 100vw, 300px\" \/><\/p>\n<p>______<\/p>\n<p>LA RICERCA nel nostro articolo immediatamente precedente<\/p>\n<blockquote class=\"wp-embedded-content\" data-secret=\"gVJA2nTit4\"><p><a href=\"https:\/\/www.leccecronaca.it\/index.php\/2017\/12\/08\/130308\/\">&#8220;Siamo sempre di pi\u00f9!&#8221;. NUOVA PROTESTA NO TAP A LECCE CITTA&#8217; &#8211; reportage fotografico in presa diretta<\/a><\/p><\/blockquote>\n<p><iframe class=\"wp-embedded-content\" sandbox=\"allow-scripts\" security=\"restricted\" style=\"position: absolute; clip: rect(1px, 1px, 1px, 1px);\" src=\"https:\/\/www.leccecronaca.it\/index.php\/2017\/12\/08\/130308\/embed\/#?secret=gVJA2nTit4\" data-secret=\"gVJA2nTit4\" width=\"500\" height=\"282\" title=\"&#8220;&#8220;Siamo sempre di pi\u00f9!&#8221;. NUOVA PROTESTA NO TAP A LECCE CITTA&#8217; &#8211; reportage fotografico in presa diretta&#8221; &#8212; LecceCronaca.it\" frameborder=\"0\" marginwidth=\"0\" marginheight=\"0\" scrolling=\"no\"><\/iframe><\/p>\n<p>&nbsp;<\/p>\n<fb:like href='https:\/\/www.leccecronaca.it\/index.php\/2017\/12\/08\/corteo-no-tap-aggiornamento\/' send='true' layout='button_count' show_faces='true' width='450' height='65' action='recommend' colorscheme='light' font='lucida grande'><\/fb:like><span class=\"fb_share\"><fb:like href=\"https:\/\/www.leccecronaca.it\/index.php\/2017\/12\/08\/corteo-no-tap-aggiornamento\/\" layout=\"button_count\"><\/fb:like><\/span>","protected":false},"excerpt":{"rendered":"<p>(e.l.)______Alle 17.45 circa il corteo si \u00e8 fermato nuovamente su viale de Pietro, prima della rotonda della villa comunale. E&#8217; infatti giunta la notizia che, prima della partenza, le forze di polizia hanno sottoposto a controlli e portato in questura quattro manifestanti provenienti da fuori provincia. A due di essi \u00e8 stato poi notificato un [&hellip;]<\/p>\n","protected":false},"author":4,"featured_media":130323,"comment_status":"open","ping_status":"closed","sticky":false,"template":"","format":"standard","meta":[],"categories":[69,76],"tags":[],"_links":{"self":[{"href":"https:\/\/www.leccecronaca.it\/index.php\/wp-json\/wp\/v2\/posts\/130321"}],"collection":[{"href":"https:\/\/www.leccecronaca.it\/index.php\/wp-json\/wp\/v2\/posts"}],"about":[{"href":"https:\/\/www.leccecronaca.it\/index.php\/wp-json\/wp\/v2\/types\/post"}],"author":[{"embeddable":true,"href":"https:\/\/www.leccecronaca.it\/index.php\/wp-json\/wp\/v2\/users\/4"}],"replies":[{"embeddable":true,"href":"https:\/\/www.leccecronaca.it\/index.php\/wp-json\/wp\/v2\/comments?post=130321"}],"version-history":[{"count":4,"href":"https:\/\/www.leccecronaca.it\/index.php\/wp-json\/wp\/v2\/posts\/130321\/revisions"}],"predecessor-version":[{"id":130331,"href":"https:\/\/www.leccecronaca.it\/index.php\/wp-json\/wp\/v2\/posts\/130321\/revisions\/130331"}],"wp:featuredmedia":[{"embeddable":true,"href":"https:\/\/www.leccecronaca.it\/index.php\/wp-json\/wp\/v2\/media\/130323"}],"wp:attachment":[{"href":"https:\/\/www.leccecronaca.it\/index.php\/wp-json\/wp\/v2\/media?parent=130321"}],"wp:term":[{"taxonomy":"category","embeddable":true,"href":"https:\/\/www.leccecronaca.it\/index.php\/wp-json\/wp\/v2\/categories?post=130321"},{"taxonomy":"post_tag","embeddable":true,"href":"https:\/\/www.leccecronaca.it\/index.php\/wp-json\/wp\/v2\/tags?post=130321"}],"curies":[{"name":"wp","href":"https:\/\/api.w.org\/{rel}","templated":true}]}}