{"id":130333,"date":"2017-12-09T11:05:02","date_gmt":"2017-12-09T10:05:02","guid":{"rendered":"http:\/\/www.leccecronaca.it\/?p=130333"},"modified":"2017-12-09T11:05:02","modified_gmt":"2017-12-09T10:05:02","slug":"corteo-no-tap-aggiornamenti","status":"publish","type":"post","link":"https:\/\/www.leccecronaca.it\/index.php\/2017\/12\/09\/corteo-no-tap-aggiornamenti\/","title":{"rendered":"CORTEO NO TAP \/ aggiornamenti"},"content":{"rendered":"<p><img decoding=\"async\" loading=\"lazy\" class=\"aligncenter size-medium wp-image-130334\" src=\"https:\/\/www.leccecronaca.it\/wordpress\/wp-content\/uploads\/2017\/12\/24852493_10204083339919917_3397395693118232389_n-300x225.jpg\" alt=\"\" width=\"300\" height=\"225\" srcset=\"https:\/\/www.leccecronaca.it\/wordpress\/wp-content\/uploads\/2017\/12\/24852493_10204083339919917_3397395693118232389_n-300x225.jpg 300w, https:\/\/www.leccecronaca.it\/wordpress\/wp-content\/uploads\/2017\/12\/24852493_10204083339919917_3397395693118232389_n-768x576.jpg 768w, https:\/\/www.leccecronaca.it\/wordpress\/wp-content\/uploads\/2017\/12\/24852493_10204083339919917_3397395693118232389_n-400x300.jpg 400w, https:\/\/www.leccecronaca.it\/wordpress\/wp-content\/uploads\/2017\/12\/24852493_10204083339919917_3397395693118232389_n.jpg 960w\" sizes=\"(max-width: 300px) 100vw, 300px\" \/>di <strong>Emanuele Lezzi______<\/strong><\/p>\n<p>Grande soddisfazione nel Comitato No Tap, che ha diffuso la seguente nota riassuntiva a commento politico della situazione: <em>&#8220;Quando la mattina del 18 marzo 2017 si \u00e8 diffusa la notizia che i mezzi della multinazionale svizzera TAP si stavano dirigendo in localit\u00e0 San Basilio per espiantare 200 ulivi, nessuno immaginava cosa sarebbe successo da l\u00ec a qualche mese. Nessuno immaginava che le 30 persone del primo giorno sarebbero diventate 100 il secondo, 300 il terzo per poi scoprirsi in 500, il 25 marzo, alle 4 del mattino, pronti a bloccare i mezzi di TAP, e in 2000 il 1 Aprile, e poi ancora in 10.000 in piazza Sant&#8217; Oronzo a Lecce.<\/em><br \/>\n<em> Un\u2019altra cosa che TAP e il Governo non avevano previsto era che per cercare di fermare quel movimento avrebbero dovuto ricorrere alla mobilitazione di centinaia e centinaia di uomini in assetto antisommossa, mezzi blindati ed elicotteri. Oggi, a distanza di mesi, TAP e il Governo, fanno di nuovo i conti con la volont\u00e0 della comunit\u00e0 Salentina. E non solo. Dovranno fare i conti con un&#8217; opinione pubblica che dispone di tutte le informazioni necessarie a farsi un\u2019idea chiara della questione.<\/em><br \/>\n<em> In Salento \u00e8 nato qualcosa di nuovo, qualcosa che da decenni non si verificava, \u00e8 nata una comunit\u00e0 coesa stretta attorno a un principio cardine: la difesa del territorio da un progetto criminale. A distanza di mesi, giovani, anziani, studenti, lavoratori, associazioni e gruppi informali, che prima d\u2019ora non erano mai entrati in contatto, si confrontano e condividono questa battaglia storica. Una esperienza stupenda che sta alimentando la cultura della difesa e dell&#8217;autodeterminazione del proprio territorio. E cos\u00ec ci ritroviamo in 3000 a Melendugno, e stasera a Lecce, ancora di pi\u00f9, in una citt\u00e0 blindata da centinaia di poliziotti mandati da un governo sordo, che non vuole ascoltare le ragioni di un&#8217;intera popolazione.<\/em><br \/>\n<em> Ci troviamo a dover lottare contro un sistema che cambia il percorso di una manifestazione pacifica per &#8220;questione di ordine pubblico&#8221;, contro un questore che ferma quattro ragazzi a noi solidali e non gli permette di manifestare (ma non ci siamo mossi fino a quando non li hanno liberati), contro una stampa di regime che continua a voler instaurare un clima di tensione irreale. Ma questo non ci preoccupa, siamo fortissimi&#8230;<\/em><br \/>\n<em> Da oggi, mai pi\u00f9 nessuno potr\u00e0 permettersi di speculare a danno della nostra terra, senza incontrare la nostra ferma opposizione.<\/em><br \/>\n<em> Una popolazione informata non pu\u00f2 essere presa in giro, una popolazione con la schiena dritta non pu\u00f2 essere comprata, una popolazione determinata non pu\u00f2 essere fermata.<\/em><br \/>\n<em> IL VENTO \u00c8 ORMAI TEMPESTA!&#8221;.______<\/em><\/p>\n<p>Ci sono da registrare poi gli incidenti del dopo &#8211; corteo, quando, come racconta un comunicato della Questura, che ha diffuso anche un video in proposito, <em>&#8220;un centinaio di facinorosi, gi\u00e0 noti alle Forze dell\u2019Ordine, si sono staccati dal resto dei manifestanti e con un corteo non preavvisato hanno dapprima raggiunto Piazza Sant\u2019Oronzo e poi hanno cercato di raggiungere la sede TAP di Via Templari, forzando violentemente il cordone di Polizia: contro le Forze dell\u2019Ordine sono stati lanciati petardi, pietre, bottiglie di vetro, cocci di vaso e bastoni.<\/em><\/p>\n<p><em>Un Funzionario di Polizia \u00e8 stato colpito sul volto, riportando un ferita lacero contusa.<\/em><\/p>\n<p><em>Le Forze di polizia schierate sono state costrette ad effettuare una carica di alleggerimento per impedire ai facinorosi di riuscire nell\u2019intento di devastare con lanci di uova e bottiglie la Via Templari&#8221;.<\/em><\/p>\n<p>Un brutto epilogo, di una manifestazione corretta, che ha ribadito messaggi politici importanti, a nome dei Salentini tutti, e che non pu\u00f2 essere guastata dall&#8217; iniziativa di singoli, estranei evidentemente allo spirito e alla prassi non violenta sia del Comitato No Tap, sia delle migliaia di manifestanti in questa e altre occasioni hanno partecipato con convinzione.<\/p>\n<p>Purtroppo, quando si verificano situazioni simili, per colpa di pochi violenti, di fatto fuori dal Comitato No Tap, fatto da famiglie, associazioni, cittadini libero e pensanti, preoccupati del futuro dei loro figli, il rischio \u00e8 che si perda tutto e tutto si riduca a &#8216;messaggi&#8217; negativi, come sono pronti a fare molti mass media: come Televideo, o certi quotidiani biondati dalla pubblicit\u00e0 della Tap.<\/p>\n<p>______<\/p>\n<p>LA RICERCA nei nostri articoli di ieri<\/p>\n<blockquote class=\"wp-embedded-content\" data-secret=\"QB28vBK96e\"><p><a href=\"https:\/\/www.leccecronaca.it\/index.php\/2017\/12\/08\/130308\/\">&#8220;Siamo sempre di pi\u00f9!&#8221;. NUOVA PROTESTA NO TAP A LECCE CITTA&#8217; &#8211; reportage fotografico in presa diretta<\/a><\/p><\/blockquote>\n<p><iframe class=\"wp-embedded-content\" sandbox=\"allow-scripts\" security=\"restricted\" style=\"position: absolute; clip: rect(1px, 1px, 1px, 1px);\" src=\"https:\/\/www.leccecronaca.it\/index.php\/2017\/12\/08\/130308\/embed\/#?secret=QB28vBK96e\" data-secret=\"QB28vBK96e\" width=\"500\" height=\"282\" title=\"&#8220;&#8220;Siamo sempre di pi\u00f9!&#8221;. NUOVA PROTESTA NO TAP A LECCE CITTA&#8217; &#8211; reportage fotografico in presa diretta&#8221; &#8212; LecceCronaca.it\" frameborder=\"0\" marginwidth=\"0\" marginheight=\"0\" scrolling=\"no\"><\/iframe><\/p>\n<blockquote class=\"wp-embedded-content\" data-secret=\"vpCcN623Ik\"><p><a href=\"https:\/\/www.leccecronaca.it\/index.php\/2017\/12\/08\/corteo-no-tap-aggiornamento\/\">CORTEO NO TAP \/ aggiornamento<\/a><\/p><\/blockquote>\n<p><iframe class=\"wp-embedded-content\" sandbox=\"allow-scripts\" security=\"restricted\" style=\"position: absolute; clip: rect(1px, 1px, 1px, 1px);\" src=\"https:\/\/www.leccecronaca.it\/index.php\/2017\/12\/08\/corteo-no-tap-aggiornamento\/embed\/#?secret=vpCcN623Ik\" data-secret=\"vpCcN623Ik\" width=\"500\" height=\"282\" title=\"&#8220;CORTEO NO TAP \/ aggiornamento&#8221; &#8212; LecceCronaca.it\" frameborder=\"0\" marginwidth=\"0\" marginheight=\"0\" scrolling=\"no\"><\/iframe><\/p>\n<p>&nbsp;<\/p>\n<p>&nbsp;<\/p>\n<fb:like href='https:\/\/www.leccecronaca.it\/index.php\/2017\/12\/09\/corteo-no-tap-aggiornamenti\/' send='true' layout='button_count' show_faces='true' width='450' height='65' action='recommend' colorscheme='light' font='lucida grande'><\/fb:like><span class=\"fb_share\"><fb:like href=\"https:\/\/www.leccecronaca.it\/index.php\/2017\/12\/09\/corteo-no-tap-aggiornamenti\/\" layout=\"button_count\"><\/fb:like><\/span>","protected":false},"excerpt":{"rendered":"<p>di Emanuele Lezzi______ Grande soddisfazione nel Comitato No Tap, che ha diffuso la seguente nota riassuntiva a commento politico della situazione: &#8220;Quando la mattina del 18 marzo 2017 si \u00e8 diffusa la notizia che i mezzi della multinazionale svizzera TAP si stavano dirigendo in localit\u00e0 San Basilio per espiantare 200 ulivi, nessuno immaginava cosa sarebbe [&hellip;]<\/p>\n","protected":false},"author":4,"featured_media":130334,"comment_status":"open","ping_status":"closed","sticky":false,"template":"","format":"standard","meta":[],"categories":[69],"tags":[],"_links":{"self":[{"href":"https:\/\/www.leccecronaca.it\/index.php\/wp-json\/wp\/v2\/posts\/130333"}],"collection":[{"href":"https:\/\/www.leccecronaca.it\/index.php\/wp-json\/wp\/v2\/posts"}],"about":[{"href":"https:\/\/www.leccecronaca.it\/index.php\/wp-json\/wp\/v2\/types\/post"}],"author":[{"embeddable":true,"href":"https:\/\/www.leccecronaca.it\/index.php\/wp-json\/wp\/v2\/users\/4"}],"replies":[{"embeddable":true,"href":"https:\/\/www.leccecronaca.it\/index.php\/wp-json\/wp\/v2\/comments?post=130333"}],"version-history":[{"count":1,"href":"https:\/\/www.leccecronaca.it\/index.php\/wp-json\/wp\/v2\/posts\/130333\/revisions"}],"predecessor-version":[{"id":130335,"href":"https:\/\/www.leccecronaca.it\/index.php\/wp-json\/wp\/v2\/posts\/130333\/revisions\/130335"}],"wp:featuredmedia":[{"embeddable":true,"href":"https:\/\/www.leccecronaca.it\/index.php\/wp-json\/wp\/v2\/media\/130334"}],"wp:attachment":[{"href":"https:\/\/www.leccecronaca.it\/index.php\/wp-json\/wp\/v2\/media?parent=130333"}],"wp:term":[{"taxonomy":"category","embeddable":true,"href":"https:\/\/www.leccecronaca.it\/index.php\/wp-json\/wp\/v2\/categories?post=130333"},{"taxonomy":"post_tag","embeddable":true,"href":"https:\/\/www.leccecronaca.it\/index.php\/wp-json\/wp\/v2\/tags?post=130333"}],"curies":[{"name":"wp","href":"https:\/\/api.w.org\/{rel}","templated":true}]}}